{"id":1778,"date":"2016-06-20T09:18:50","date_gmt":"2016-06-20T13:18:50","guid":{"rendered":"http:\/\/blogdalucianaoliveira.com.br\/blog\/?p=1778"},"modified":"2016-06-20T09:18:50","modified_gmt":"2016-06-20T13:18:50","slug":"e-aos-escravos-e-nao-aos-homens-livres-que-se-da-um-premio-para-os-recompensar-por-se-terem-comportado-bem","status":"publish","type":"post","link":"http:\/\/blogdalucianaoliveira.com.br\/blog\/2016\/06\/20\/e-aos-escravos-e-nao-aos-homens-livres-que-se-da-um-premio-para-os-recompensar-por-se-terem-comportado-bem\/","title":{"rendered":"\u00c9 aos escravos, e n\u00e3o aos homens livres, que se d\u00e1 um pr\u00eamio para os recompensar por se terem comportado bem"},"content":{"rendered":"<p><img data-recalc-dims=\"1\" loading=\"lazy\" decoding=\"async\" data-attachment-id=\"1779\" data-permalink=\"http:\/\/blogdalucianaoliveira.com.br\/blog\/2016\/06\/20\/e-aos-escravos-e-nao-aos-homens-livres-que-se-da-um-premio-para-os-recompensar-por-se-terem-comportado-bem\/image-387\/\" data-orig-file=\"https:\/\/i0.wp.com\/blogdalucianaoliveira.com.br\/blog\/wp-content\/uploads\/2016\/06\/image-81.jpeg?fit=400%2C225\" data-orig-size=\"400,225\" data-comments-opened=\"0\" data-image-meta=\"{&quot;aperture&quot;:&quot;0&quot;,&quot;credit&quot;:&quot;&quot;,&quot;camera&quot;:&quot;&quot;,&quot;caption&quot;:&quot;&quot;,&quot;created_timestamp&quot;:&quot;0&quot;,&quot;copyright&quot;:&quot;&quot;,&quot;focal_length&quot;:&quot;0&quot;,&quot;iso&quot;:&quot;0&quot;,&quot;shutter_speed&quot;:&quot;0&quot;,&quot;title&quot;:&quot;&quot;,&quot;orientation&quot;:&quot;0&quot;}\" data-image-title=\"image\" data-image-description=\"\" data-image-caption=\"\" data-medium-file=\"https:\/\/i0.wp.com\/blogdalucianaoliveira.com.br\/blog\/wp-content\/uploads\/2016\/06\/image-81.jpeg?fit=300%2C169\" data-large-file=\"https:\/\/i0.wp.com\/blogdalucianaoliveira.com.br\/blog\/wp-content\/uploads\/2016\/06\/image-81.jpeg?fit=400%2C225\" src=\"https:\/\/i0.wp.com\/blogdalucianaoliveira.com.br\/blog\/wp-content\/uploads\/2016\/06\/image-81.jpeg?resize=400%2C225\" alt=\"image\" width=\"400\" height=\"225\" class=\"alignnone size-full wp-image-1779\" srcset=\"https:\/\/i0.wp.com\/blogdalucianaoliveira.com.br\/blog\/wp-content\/uploads\/2016\/06\/image-81.jpeg?w=400 400w, https:\/\/i0.wp.com\/blogdalucianaoliveira.com.br\/blog\/wp-content\/uploads\/2016\/06\/image-81.jpeg?resize=300%2C169 300w\" sizes=\"auto, (max-width: 400px) 100vw, 400px\" \/><\/p>\n<p>Baruch Spinoza nasceu em Amsterdam em 1632, filho de hebreus portugueses, de modesta condi\u00e7\u00e3o social, emigrados para a Holanda. <!--more--><\/p>\n<p>Recebeu uma educa\u00e7\u00e3o hebraica na academia israelita de Amsterdam, com base especialmente nas Sagradas Escrituras. Demonstrando muita intelig\u00eancia, foi iniciado na filosofia hebraica (medieval-neoplat\u00f4nico-pante\u00edsta) e destinado a ser rabino.<\/p>\n<p>Mas, depois de se manifestar o seu racionalismo e tendo ele recusado qualquer retrata\u00e7\u00e3o, foi excomungado pela Sinagoga em 1656. Tamb\u00e9m as autoridades protestantes o desterraram como blasfemador contra a Sagrada Escritura. Spinoza reitrou-se, primeiro, para os arredores de Amsterdam, em seguida para perto de Leida e enfim refugiou-se em Haia. Aos vinte e cinco anos de idade esse fil\u00f3sofo, sem p\u00e1tria, sem fam\u00edlia, sem sa\u00fade, sem riqueza, se acha tamb\u00e9m isolado religiosamente.<\/p>\n<p>Fonte: Mundo dos Fil\u00f3sofos <\/p>\n","protected":false},"excerpt":{"rendered":"<p>Baruch Spinoza nasceu em Amsterdam em 1632, filho de hebreus portugueses, de modesta condi\u00e7\u00e3o social, emigrados para a Holanda.<\/p>\n","protected":false},"author":1,"featured_media":0,"comment_status":"closed","ping_status":"open","sticky":false,"template":"","format":"standard","meta":{"_exactmetrics_skip_tracking":false,"_exactmetrics_sitenote_active":false,"_exactmetrics_sitenote_note":"","_exactmetrics_sitenote_category":0,"jetpack_post_was_ever_published":false,"_jetpack_newsletter_access":"","_jetpack_dont_email_post_to_subs":false,"_jetpack_newsletter_tier_id":0,"_jetpack_memberships_contains_paywalled_content":false,"_jetpack_memberships_contains_paid_content":false,"footnotes":"","jetpack_publicize_message":"","jetpack_publicize_feature_enabled":true,"jetpack_social_post_already_shared":true,"jetpack_social_options":{"image_generator_settings":{"template":"highway","enabled":false},"version":2}},"categories":[1],"tags":[],"class_list":["post-1778","post","type-post","status-publish","format-standard","hentry","category-notas"],"jetpack_publicize_connections":[],"jetpack_sharing_enabled":true,"jetpack_featured_media_url":"","jetpack_shortlink":"https:\/\/wp.me\/p7wKYW-sG","jetpack-related-posts":[],"_links":{"self":[{"href":"http:\/\/blogdalucianaoliveira.com.br\/blog\/wp-json\/wp\/v2\/posts\/1778","targetHints":{"allow":["GET"]}}],"collection":[{"href":"http:\/\/blogdalucianaoliveira.com.br\/blog\/wp-json\/wp\/v2\/posts"}],"about":[{"href":"http:\/\/blogdalucianaoliveira.com.br\/blog\/wp-json\/wp\/v2\/types\/post"}],"author":[{"embeddable":true,"href":"http:\/\/blogdalucianaoliveira.com.br\/blog\/wp-json\/wp\/v2\/users\/1"}],"replies":[{"embeddable":true,"href":"http:\/\/blogdalucianaoliveira.com.br\/blog\/wp-json\/wp\/v2\/comments?post=1778"}],"version-history":[{"count":2,"href":"http:\/\/blogdalucianaoliveira.com.br\/blog\/wp-json\/wp\/v2\/posts\/1778\/revisions"}],"predecessor-version":[{"id":1781,"href":"http:\/\/blogdalucianaoliveira.com.br\/blog\/wp-json\/wp\/v2\/posts\/1778\/revisions\/1781"}],"wp:attachment":[{"href":"http:\/\/blogdalucianaoliveira.com.br\/blog\/wp-json\/wp\/v2\/media?parent=1778"}],"wp:term":[{"taxonomy":"category","embeddable":true,"href":"http:\/\/blogdalucianaoliveira.com.br\/blog\/wp-json\/wp\/v2\/categories?post=1778"},{"taxonomy":"post_tag","embeddable":true,"href":"http:\/\/blogdalucianaoliveira.com.br\/blog\/wp-json\/wp\/v2\/tags?post=1778"}],"curies":[{"name":"wp","href":"https:\/\/api.w.org\/{rel}","templated":true}]}}