{"id":17781,"date":"2018-04-28T21:25:52","date_gmt":"2018-04-29T01:25:52","guid":{"rendered":"http:\/\/blogdalucianaoliveira.com.br\/blog\/?p=17781"},"modified":"2018-04-28T21:36:59","modified_gmt":"2018-04-29T01:36:59","slug":"que-seja-o-primeiro-e-ultimo-contracheque-de-jheinnyffer","status":"publish","type":"post","link":"http:\/\/blogdalucianaoliveira.com.br\/blog\/2018\/04\/28\/que-seja-o-primeiro-e-ultimo-contracheque-de-jheinnyffer\/","title":{"rendered":"Que seja o primeiro e \u00faltimo contracheque de Jheinnyffer"},"content":{"rendered":"<p><img data-recalc-dims=\"1\" loading=\"lazy\" decoding=\"async\" data-attachment-id=\"17783\" data-permalink=\"http:\/\/blogdalucianaoliveira.com.br\/blog\/2018\/04\/28\/que-seja-o-primeiro-e-ultimo-contracheque-de-jheinnyffer\/maurao_de_carvalho\/\" data-orig-file=\"https:\/\/i0.wp.com\/blogdalucianaoliveira.com.br\/blog\/wp-content\/uploads\/2018\/04\/maurao_de_carvalho.jpg?fit=620%2C465\" data-orig-size=\"620,465\" data-comments-opened=\"0\" data-image-meta=\"{&quot;aperture&quot;:&quot;0&quot;,&quot;credit&quot;:&quot;&quot;,&quot;camera&quot;:&quot;&quot;,&quot;caption&quot;:&quot;&quot;,&quot;created_timestamp&quot;:&quot;0&quot;,&quot;copyright&quot;:&quot;&quot;,&quot;focal_length&quot;:&quot;0&quot;,&quot;iso&quot;:&quot;0&quot;,&quot;shutter_speed&quot;:&quot;0&quot;,&quot;title&quot;:&quot;&quot;,&quot;orientation&quot;:&quot;0&quot;}\" data-image-title=\"maurao_de_carvalho\" data-image-description=\"\" data-image-caption=\"\" data-medium-file=\"https:\/\/i0.wp.com\/blogdalucianaoliveira.com.br\/blog\/wp-content\/uploads\/2018\/04\/maurao_de_carvalho.jpg?fit=300%2C225\" data-large-file=\"https:\/\/i0.wp.com\/blogdalucianaoliveira.com.br\/blog\/wp-content\/uploads\/2018\/04\/maurao_de_carvalho.jpg?fit=600%2C450\" src=\"https:\/\/i0.wp.com\/blogdalucianaoliveira.com.br\/blog\/wp-content\/uploads\/2018\/04\/maurao_de_carvalho.jpg?resize=600%2C450\" alt=\"maurao_de_carvalho\" width=\"600\" height=\"450\" class=\"alignnone size-full wp-image-17783\" srcset=\"https:\/\/i0.wp.com\/blogdalucianaoliveira.com.br\/blog\/wp-content\/uploads\/2018\/04\/maurao_de_carvalho.jpg?w=620 620w, https:\/\/i0.wp.com\/blogdalucianaoliveira.com.br\/blog\/wp-content\/uploads\/2018\/04\/maurao_de_carvalho.jpg?resize=300%2C225 300w, https:\/\/i0.wp.com\/blogdalucianaoliveira.com.br\/blog\/wp-content\/uploads\/2018\/04\/maurao_de_carvalho.jpg?resize=400%2C300 400w\" sizes=\"auto, (max-width: 600px) 100vw, 600px\" \/> <\/p>\n<p>S\u00f3 circulou no WhatsApp e Facebook o que seria uma not\u00edcia pra causar intensa indigna\u00e7\u00e3o coletiva.<\/p>\n<p>Mas, corre de boca em boca o ato de nomea\u00e7\u00e3o de Jheinnyffer Gon\u00e7alves Carvalho, como assessora especial de rela\u00e7\u00f5es institucionais da prefeitura de Porto Velho atrav\u00e9s de decreto do \u00faltimo dia 21 de mar\u00e7o.<!--more--><\/p>\n<p><img data-recalc-dims=\"1\" loading=\"lazy\" decoding=\"async\" data-attachment-id=\"17785\" data-permalink=\"http:\/\/blogdalucianaoliveira.com.br\/blog\/2018\/04\/28\/que-seja-o-primeiro-e-ultimo-contracheque-de-jheinnyffer\/b9f0f14f-be5c-4cbd-8414-d48c96841de4\/\" data-orig-file=\"https:\/\/i0.wp.com\/blogdalucianaoliveira.com.br\/blog\/wp-content\/uploads\/2018\/04\/B9F0F14F-BE5C-4CBD-8414-D48C96841DE4.jpeg?fit=514%2C368\" data-orig-size=\"514,368\" data-comments-opened=\"0\" data-image-meta=\"{&quot;aperture&quot;:&quot;0&quot;,&quot;credit&quot;:&quot;&quot;,&quot;camera&quot;:&quot;&quot;,&quot;caption&quot;:&quot;&quot;,&quot;created_timestamp&quot;:&quot;0&quot;,&quot;copyright&quot;:&quot;&quot;,&quot;focal_length&quot;:&quot;0&quot;,&quot;iso&quot;:&quot;0&quot;,&quot;shutter_speed&quot;:&quot;0&quot;,&quot;title&quot;:&quot;&quot;,&quot;orientation&quot;:&quot;0&quot;}\" data-image-title=\"B9F0F14F-BE5C-4CBD-8414-D48C96841DE4\" data-image-description=\"\" data-image-caption=\"\" data-medium-file=\"https:\/\/i0.wp.com\/blogdalucianaoliveira.com.br\/blog\/wp-content\/uploads\/2018\/04\/B9F0F14F-BE5C-4CBD-8414-D48C96841DE4.jpeg?fit=300%2C215\" data-large-file=\"https:\/\/i0.wp.com\/blogdalucianaoliveira.com.br\/blog\/wp-content\/uploads\/2018\/04\/B9F0F14F-BE5C-4CBD-8414-D48C96841DE4.jpeg?fit=514%2C368\" src=\"https:\/\/i0.wp.com\/blogdalucianaoliveira.com.br\/blog\/wp-content\/uploads\/2018\/04\/B9F0F14F-BE5C-4CBD-8414-D48C96841DE4.jpeg?resize=514%2C368\" alt=\"B9F0F14F-BE5C-4CBD-8414-D48C96841DE4\" width=\"514\" height=\"368\" class=\"alignnone size-full wp-image-17785\" srcset=\"https:\/\/i0.wp.com\/blogdalucianaoliveira.com.br\/blog\/wp-content\/uploads\/2018\/04\/B9F0F14F-BE5C-4CBD-8414-D48C96841DE4.jpeg?w=514 514w, https:\/\/i0.wp.com\/blogdalucianaoliveira.com.br\/blog\/wp-content\/uploads\/2018\/04\/B9F0F14F-BE5C-4CBD-8414-D48C96841DE4.jpeg?resize=300%2C215 300w, https:\/\/i0.wp.com\/blogdalucianaoliveira.com.br\/blog\/wp-content\/uploads\/2018\/04\/B9F0F14F-BE5C-4CBD-8414-D48C96841DE4.jpeg?resize=419%2C300 419w\" sizes=\"auto, (max-width: 514px) 100vw, 514px\" \/><br \/>\nJheinnyffer \u00e9 filha do presidente da Assembleia Legislativa de Rond\u00f4nia, Maur\u00e3o de Carvalho, pr\u00e9-candidato ao governo pelo MDB.<\/p>\n<p>A primeira e espero que \u00faltima remunera\u00e7\u00e3o dela chegou a R$ 9.188,40 e j\u00e1 por conta de diferen\u00e7as de gratifica\u00e7\u00e3o e aux\u00edlio alimenta\u00e7\u00e3o.<br \/>\nL\u00edquido, R$ 7.187,96.<\/p>\n<p><img data-recalc-dims=\"1\" loading=\"lazy\" decoding=\"async\" data-attachment-id=\"17787\" data-permalink=\"http:\/\/blogdalucianaoliveira.com.br\/blog\/2018\/04\/28\/que-seja-o-primeiro-e-ultimo-contracheque-de-jheinnyffer\/c68cf1d1-cf81-40a0-8c46-798f65380070\/\" data-orig-file=\"https:\/\/i0.wp.com\/blogdalucianaoliveira.com.br\/blog\/wp-content\/uploads\/2018\/04\/C68CF1D1-CF81-40A0-8C46-798F65380070.jpeg?fit=720%2C1280\" data-orig-size=\"720,1280\" data-comments-opened=\"0\" data-image-meta=\"{&quot;aperture&quot;:&quot;0&quot;,&quot;credit&quot;:&quot;&quot;,&quot;camera&quot;:&quot;&quot;,&quot;caption&quot;:&quot;&quot;,&quot;created_timestamp&quot;:&quot;0&quot;,&quot;copyright&quot;:&quot;&quot;,&quot;focal_length&quot;:&quot;0&quot;,&quot;iso&quot;:&quot;0&quot;,&quot;shutter_speed&quot;:&quot;0&quot;,&quot;title&quot;:&quot;&quot;,&quot;orientation&quot;:&quot;0&quot;}\" data-image-title=\"C68CF1D1-CF81-40A0-8C46-798F65380070\" data-image-description=\"\" data-image-caption=\"\" data-medium-file=\"https:\/\/i0.wp.com\/blogdalucianaoliveira.com.br\/blog\/wp-content\/uploads\/2018\/04\/C68CF1D1-CF81-40A0-8C46-798F65380070.jpeg?fit=169%2C300\" data-large-file=\"https:\/\/i0.wp.com\/blogdalucianaoliveira.com.br\/blog\/wp-content\/uploads\/2018\/04\/C68CF1D1-CF81-40A0-8C46-798F65380070.jpeg?fit=576%2C1024\" src=\"https:\/\/i0.wp.com\/blogdalucianaoliveira.com.br\/blog\/wp-content\/uploads\/2018\/04\/C68CF1D1-CF81-40A0-8C46-798F65380070.jpeg?resize=600%2C1067\" alt=\"C68CF1D1-CF81-40A0-8C46-798F65380070\" width=\"600\" height=\"1067\" class=\"alignnone size-full wp-image-17787\" srcset=\"https:\/\/i0.wp.com\/blogdalucianaoliveira.com.br\/blog\/wp-content\/uploads\/2018\/04\/C68CF1D1-CF81-40A0-8C46-798F65380070.jpeg?w=720 720w, https:\/\/i0.wp.com\/blogdalucianaoliveira.com.br\/blog\/wp-content\/uploads\/2018\/04\/C68CF1D1-CF81-40A0-8C46-798F65380070.jpeg?resize=169%2C300 169w, https:\/\/i0.wp.com\/blogdalucianaoliveira.com.br\/blog\/wp-content\/uploads\/2018\/04\/C68CF1D1-CF81-40A0-8C46-798F65380070.jpeg?resize=576%2C1024 576w\" sizes=\"auto, (max-width: 600px) 100vw, 600px\" \/><\/p>\n<p>N\u00e3o \u00e9 sobre ser legal a nomea\u00e7\u00e3o.<\/p>\n<p>\u00c9 sobre desnudar discursos com forte apelo moralista de dois chefes de poderes, do legislativo estadual e do executivo municipal. <\/p>\n<p>O prefeito Hildon Chaves (PSDB-RO) tem que explicar, por que escolheu a filha do deputado Maur\u00e3o para um cargo que em campanha garantiu que seria ocupado por pessoas com inquestion\u00e1vel qualifica\u00e7\u00e3o t\u00e9cnica.<\/p>\n<p><img data-recalc-dims=\"1\" loading=\"lazy\" decoding=\"async\" data-attachment-id=\"17789\" data-permalink=\"http:\/\/blogdalucianaoliveira.com.br\/blog\/2018\/04\/28\/que-seja-o-primeiro-e-ultimo-contracheque-de-jheinnyffer\/51c2f2c2-f9ce-439a-9d8f-eba8bdacdf10\/\" data-orig-file=\"https:\/\/i0.wp.com\/blogdalucianaoliveira.com.br\/blog\/wp-content\/uploads\/2018\/04\/51C2F2C2-F9CE-439A-9D8F-EBA8BDACDF10.jpeg?fit=299%2C168\" data-orig-size=\"299,168\" data-comments-opened=\"0\" data-image-meta=\"{&quot;aperture&quot;:&quot;0&quot;,&quot;credit&quot;:&quot;&quot;,&quot;camera&quot;:&quot;&quot;,&quot;caption&quot;:&quot;&quot;,&quot;created_timestamp&quot;:&quot;0&quot;,&quot;copyright&quot;:&quot;&quot;,&quot;focal_length&quot;:&quot;0&quot;,&quot;iso&quot;:&quot;0&quot;,&quot;shutter_speed&quot;:&quot;0&quot;,&quot;title&quot;:&quot;&quot;,&quot;orientation&quot;:&quot;0&quot;}\" data-image-title=\"51C2F2C2-F9CE-439A-9D8F-EBA8BDACDF10\" data-image-description=\"\" data-image-caption=\"\" data-medium-file=\"https:\/\/i0.wp.com\/blogdalucianaoliveira.com.br\/blog\/wp-content\/uploads\/2018\/04\/51C2F2C2-F9CE-439A-9D8F-EBA8BDACDF10.jpeg?fit=299%2C168\" data-large-file=\"https:\/\/i0.wp.com\/blogdalucianaoliveira.com.br\/blog\/wp-content\/uploads\/2018\/04\/51C2F2C2-F9CE-439A-9D8F-EBA8BDACDF10.jpeg?fit=299%2C168\" src=\"https:\/\/i0.wp.com\/blogdalucianaoliveira.com.br\/blog\/wp-content\/uploads\/2018\/04\/51C2F2C2-F9CE-439A-9D8F-EBA8BDACDF10.jpeg?resize=299%2C168\" alt=\"51C2F2C2-F9CE-439A-9D8F-EBA8BDACDF10\" width=\"299\" height=\"168\" class=\"alignnone size-full wp-image-17789\" \/><br \/>\nMais de 65% dos eleitores o escolheram, porque tamb\u00e9m garantiu que governaria sem ceder a velhas pr\u00e1ticas danosas ao interesse p\u00fablico, como esse tipo de indica\u00e7\u00e3o pol\u00edtica para cargos de alta remunera\u00e7\u00e3o.<\/p>\n<p>N\u00e3o, Hildon n\u00e3o!<\/p>\n<p>S\u00f3 os que ele chamava de \u201ccorrompidos morais\u201d acomodam parentes de pol\u00edticos no servi\u00e7o p\u00fablico com um simples telefonema.<\/p>\n<p><img data-recalc-dims=\"1\" loading=\"lazy\" decoding=\"async\" data-attachment-id=\"17782\" data-permalink=\"http:\/\/blogdalucianaoliveira.com.br\/blog\/2018\/04\/28\/que-seja-o-primeiro-e-ultimo-contracheque-de-jheinnyffer\/mal-2\/\" data-orig-file=\"https:\/\/i0.wp.com\/blogdalucianaoliveira.com.br\/blog\/wp-content\/uploads\/2018\/04\/mal.jpg?fit=750%2C431\" data-orig-size=\"750,431\" data-comments-opened=\"0\" data-image-meta=\"{&quot;aperture&quot;:&quot;0&quot;,&quot;credit&quot;:&quot;&quot;,&quot;camera&quot;:&quot;&quot;,&quot;caption&quot;:&quot;&quot;,&quot;created_timestamp&quot;:&quot;0&quot;,&quot;copyright&quot;:&quot;&quot;,&quot;focal_length&quot;:&quot;0&quot;,&quot;iso&quot;:&quot;0&quot;,&quot;shutter_speed&quot;:&quot;0&quot;,&quot;title&quot;:&quot;&quot;,&quot;orientation&quot;:&quot;0&quot;}\" data-image-title=\"mal\" data-image-description=\"\" data-image-caption=\"\" data-medium-file=\"https:\/\/i0.wp.com\/blogdalucianaoliveira.com.br\/blog\/wp-content\/uploads\/2018\/04\/mal.jpg?fit=300%2C172\" data-large-file=\"https:\/\/i0.wp.com\/blogdalucianaoliveira.com.br\/blog\/wp-content\/uploads\/2018\/04\/mal.jpg?fit=600%2C345\" src=\"https:\/\/i0.wp.com\/blogdalucianaoliveira.com.br\/blog\/wp-content\/uploads\/2018\/04\/mal.jpg?resize=600%2C345\" alt=\"mal\" width=\"600\" height=\"345\" class=\"alignnone size-full wp-image-17782\" srcset=\"https:\/\/i0.wp.com\/blogdalucianaoliveira.com.br\/blog\/wp-content\/uploads\/2018\/04\/mal.jpg?w=750 750w, https:\/\/i0.wp.com\/blogdalucianaoliveira.com.br\/blog\/wp-content\/uploads\/2018\/04\/mal.jpg?resize=300%2C172 300w, https:\/\/i0.wp.com\/blogdalucianaoliveira.com.br\/blog\/wp-content\/uploads\/2018\/04\/mal.jpg?resize=522%2C300 522w\" sizes=\"auto, (max-width: 600px) 100vw, 600px\" \/><\/p>\n<p>E Maur\u00e3o?<\/p>\n<p>No \u00faltimo dia 25, foi aprovado na Assembleia Legislativa o projeto que cria o Conselho Estadual de Pol\u00edticas P\u00fablicas e Direitos Humanos para a popula\u00e7\u00e3o de L\u00e9sbicas, Gays, Bissexuais, Travestis, Transexuais E Transg\u00eaneros (Lgbttt).<\/p>\n<p>Evang\u00e9lico, de discurso \u00e9tico e moral conservador, Maur\u00e3o fez quest\u00e3o de registrar que era contra numa vota\u00e7\u00e3o simb\u00f3lica.<\/p>\n<p>At\u00e9 agora ele n\u00e3o se posicionou sobre a cobran\u00e7a nas redes sociais por conta da nomea\u00e7\u00e3o da filha, que definitivamente n\u00e3o foi uma \u2018ben\u00e7\u00e3o\u2019 divina.<\/p>\n<p>Jheinnyffer n\u00e3o deixou um curr\u00edculo na prefeitura e foi chamada.<\/p>\n<p>O que parece \u00e9 exatamente o que \u00e9, favor entre pol\u00edticos. <\/p>\n<p>Convenhamos, por mais que a jovem tenha capacidade de desempenhar as fun\u00e7\u00f5es inerentes ao cargo, independentemente de ser legal, sua nomea\u00e7\u00e3o coloca sob desconfian\u00e7a os princ\u00edpios da impessoalidade, moralidade, efici\u00eancia e isonomia no servi\u00e7o p\u00fablico.<\/p>\n<p>Com forte influ\u00eancia na imprensa, n\u00e3o foi not\u00edcia e Hildon e Maur\u00e3o confiam no esquecimento da nomea\u00e7\u00e3o da jovem at\u00e9 que contem outra.<\/p>\n<p>Hibernam h\u00e1 mais de um ano os \u201ccorrompidos morais\u201d que ajudaram a eleger Hildon Chaves. S\u00f3 pode.<\/p>\n<p>Cad\u00ea a meritocracia que os tucanos tanto enaltecem para \u2018justificar\u2019 o abismo social?<\/p>\n<p>S\u00f3 sei que \u2018pra come\u00e7ar\u2019, Jheinnyffer conseguiu um sal\u00e1rio que poucos conquistam sem ajuda de um pai que \u00e9 amigo do prefeito.<\/p>\n","protected":false},"excerpt":{"rendered":"<p>S\u00f3 circulou no WhatsApp e Facebook o que seria uma not\u00edcia pra causar intensa indigna\u00e7\u00e3o coletiva. Mas, corre de boca em boca o ato de nomea\u00e7\u00e3o de Jheinnyffer Gon\u00e7alves Carvalho, como assessora especial de rela\u00e7\u00f5es institucionais da prefeitura de Porto Velho atrav\u00e9s de decreto do \u00faltimo dia 21 de mar\u00e7o.<\/p>\n","protected":false},"author":1,"featured_media":0,"comment_status":"closed","ping_status":"open","sticky":false,"template":"","format":"standard","meta":{"_exactmetrics_skip_tracking":false,"_exactmetrics_sitenote_active":false,"_exactmetrics_sitenote_note":"","_exactmetrics_sitenote_category":0,"jetpack_post_was_ever_published":false,"_jetpack_newsletter_access":"","_jetpack_dont_email_post_to_subs":false,"_jetpack_newsletter_tier_id":0,"_jetpack_memberships_contains_paywalled_content":false,"_jetpack_memberships_contains_paid_content":false,"footnotes":"","jetpack_publicize_message":"","jetpack_publicize_feature_enabled":true,"jetpack_social_post_already_shared":true,"jetpack_social_options":{"image_generator_settings":{"template":"highway","enabled":false},"version":2}},"categories":[1],"tags":[],"class_list":["post-17781","post","type-post","status-publish","format-standard","hentry","category-notas"],"jetpack_publicize_connections":[],"jetpack_sharing_enabled":true,"jetpack_featured_media_url":"","jetpack_shortlink":"https:\/\/wp.me\/p7wKYW-4CN","jetpack-related-posts":[],"_links":{"self":[{"href":"http:\/\/blogdalucianaoliveira.com.br\/blog\/wp-json\/wp\/v2\/posts\/17781","targetHints":{"allow":["GET"]}}],"collection":[{"href":"http:\/\/blogdalucianaoliveira.com.br\/blog\/wp-json\/wp\/v2\/posts"}],"about":[{"href":"http:\/\/blogdalucianaoliveira.com.br\/blog\/wp-json\/wp\/v2\/types\/post"}],"author":[{"embeddable":true,"href":"http:\/\/blogdalucianaoliveira.com.br\/blog\/wp-json\/wp\/v2\/users\/1"}],"replies":[{"embeddable":true,"href":"http:\/\/blogdalucianaoliveira.com.br\/blog\/wp-json\/wp\/v2\/comments?post=17781"}],"version-history":[{"count":6,"href":"http:\/\/blogdalucianaoliveira.com.br\/blog\/wp-json\/wp\/v2\/posts\/17781\/revisions"}],"predecessor-version":[{"id":17792,"href":"http:\/\/blogdalucianaoliveira.com.br\/blog\/wp-json\/wp\/v2\/posts\/17781\/revisions\/17792"}],"wp:attachment":[{"href":"http:\/\/blogdalucianaoliveira.com.br\/blog\/wp-json\/wp\/v2\/media?parent=17781"}],"wp:term":[{"taxonomy":"category","embeddable":true,"href":"http:\/\/blogdalucianaoliveira.com.br\/blog\/wp-json\/wp\/v2\/categories?post=17781"},{"taxonomy":"post_tag","embeddable":true,"href":"http:\/\/blogdalucianaoliveira.com.br\/blog\/wp-json\/wp\/v2\/tags?post=17781"}],"curies":[{"name":"wp","href":"https:\/\/api.w.org\/{rel}","templated":true}]}}