{"id":17793,"date":"2018-04-29T19:51:26","date_gmt":"2018-04-29T23:51:26","guid":{"rendered":"http:\/\/blogdalucianaoliveira.com.br\/blog\/?p=17793"},"modified":"2018-04-29T19:51:26","modified_gmt":"2018-04-29T23:51:26","slug":"do-reaca-basico-e-da-sua-luta-epica-contra-o-comunismo","status":"publish","type":"post","link":"http:\/\/blogdalucianaoliveira.com.br\/blog\/2018\/04\/29\/do-reaca-basico-e-da-sua-luta-epica-contra-o-comunismo\/","title":{"rendered":"DO REA\u00c7A B\u00c1SICO E DA SUA LUTA \u00c9PICA CONTRA O COMUNISMO"},"content":{"rendered":"<p><img data-recalc-dims=\"1\" loading=\"lazy\" decoding=\"async\" data-attachment-id=\"17794\" data-permalink=\"http:\/\/blogdalucianaoliveira.com.br\/blog\/2018\/04\/29\/do-reaca-basico-e-da-sua-luta-epica-contra-o-comunismo\/c66a979e-2123-42d1-9839-b13b8f5b5762\/\" data-orig-file=\"https:\/\/i0.wp.com\/blogdalucianaoliveira.com.br\/blog\/wp-content\/uploads\/2018\/04\/C66A979E-2123-42D1-9839-B13B8F5B5762.jpeg?fit=620%2C264\" data-orig-size=\"620,264\" data-comments-opened=\"0\" data-image-meta=\"{&quot;aperture&quot;:&quot;0&quot;,&quot;credit&quot;:&quot;&quot;,&quot;camera&quot;:&quot;&quot;,&quot;caption&quot;:&quot;&quot;,&quot;created_timestamp&quot;:&quot;0&quot;,&quot;copyright&quot;:&quot;&quot;,&quot;focal_length&quot;:&quot;0&quot;,&quot;iso&quot;:&quot;0&quot;,&quot;shutter_speed&quot;:&quot;0&quot;,&quot;title&quot;:&quot;&quot;,&quot;orientation&quot;:&quot;0&quot;}\" data-image-title=\"C66A979E-2123-42D1-9839-B13B8F5B5762\" data-image-description=\"\" data-image-caption=\"\" data-medium-file=\"https:\/\/i0.wp.com\/blogdalucianaoliveira.com.br\/blog\/wp-content\/uploads\/2018\/04\/C66A979E-2123-42D1-9839-B13B8F5B5762.jpeg?fit=300%2C128\" data-large-file=\"https:\/\/i0.wp.com\/blogdalucianaoliveira.com.br\/blog\/wp-content\/uploads\/2018\/04\/C66A979E-2123-42D1-9839-B13B8F5B5762.jpeg?fit=600%2C255\" src=\"https:\/\/i0.wp.com\/blogdalucianaoliveira.com.br\/blog\/wp-content\/uploads\/2018\/04\/C66A979E-2123-42D1-9839-B13B8F5B5762.jpeg?resize=600%2C255\" alt=\"C66A979E-2123-42D1-9839-B13B8F5B5762\" width=\"600\" height=\"255\" class=\"alignnone size-full wp-image-17794\" srcset=\"https:\/\/i0.wp.com\/blogdalucianaoliveira.com.br\/blog\/wp-content\/uploads\/2018\/04\/C66A979E-2123-42D1-9839-B13B8F5B5762.jpeg?w=620 620w, https:\/\/i0.wp.com\/blogdalucianaoliveira.com.br\/blog\/wp-content\/uploads\/2018\/04\/C66A979E-2123-42D1-9839-B13B8F5B5762.jpeg?resize=300%2C128 300w\" sizes=\"auto, (max-width: 600px) 100vw, 600px\" \/><\/p>\n<p>Por Wilson Gomes &#8211; H\u00e1 de haver rea\u00e7as de todos os n\u00edveis no Brasil, hoje, mas o n\u00edvel b\u00e1sico eu j\u00e1 identifiquei: o cara fala de Cuba como se estiv\u00e9ssemos no auge da Guerra Fria e apavorados com a possibilidade de internacionaliza\u00e7\u00e3o das revolu\u00e7\u00f5es socialistas; ou fala de &#8220;bolivarianismo&#8221; como se estiv\u00e9ssemos de sentinela um dia antes da Revolu\u00e7\u00e3o Chinesa de 1949 e Nicolas Maduro fosse uma esp\u00e9cie de Mao Tse-tung venezuelano.<!--more--><\/p>\n<p>O rea\u00e7a primordial orienta a sua paix\u00e3o pol\u00edtica por ser contra o comunismo e n\u00e3o adianta lhe explicar que est\u00e1 lutando contra espantalhos, uma vez que a sua ideia de comunismo e socialismo \u00e9 completamente nebulosa e imprecisa. Para ele, o comunismo tem vagamente a ver com o ser de esquerda, gostar de bandido, mostrar gente pelada em exposi\u00e7\u00f5es, marcha das vadias e com o regime pol\u00edtico de uma Coreia a\u00ed \u2013 s\u00f3 n\u00e3o sabe qual delas.<br \/>\nNo estado de alucina\u00e7\u00e3o anticomunista em que se encontra o rea\u00e7a elementar, n\u00f3s estamos em 1962 e a Uni\u00e3o Sovi\u00e9tica, subvencionada pelo BNDES, est\u00e1 prestes instalar m\u00edsseis na Ilha e tomar a Am\u00e9rica Latina. E acabou-se de descobrir um t\u00fanel que sai da sede do Foro de S\u00e3o Paulo e vai dar no Kremlin na \u00e9poca do socialismo sovi\u00e9tico.<\/p>\n<p>Em 2014, o reacinha b\u00e1sico mandava, pelo WhatsApp, v\u00eddeos de Maduro regozijando-se com a vit\u00f3ria de Dilma, a que acrescentava a agu\u00e7ada observa\u00e7\u00e3o: &#8220;A situa\u00e7\u00e3o do Brasil \u00e9 mais GRAVE do que maioria pensa&#8221;. Mandava, pelo Twitter, uma foto de menininhos com uma bandeira cubana no acampamento do MST e acrescentava um apelo urgente: &#8220;mande isso para 50 pessoas para evitar que esta seja a \u00faltima elei\u00e7\u00e3o brasileira&#8221;. O rea\u00e7a fundamental at\u00e9 frequentou as classes de Hist\u00f3ria, mas as usou para fazer uma colagem, sem gram\u00e1tica nem coer\u00eancia, acerca da grande amea\u00e7a comunista que ronda a Gal\u00e1xia e que se infiltrou no Brasil pela m\u00e3o de Lula, Dilma, o PT e o Foro de S\u00e3o Paulo.<\/p>\n<p>Em 2018, o reacinha fundamental \u201cdescobriu\u201d que a ditadura militar n\u00e3o foi ditadura, mas a forma institucional com o que os defensores da p\u00e1tria impediram que o Brasil se tornasse&#8230; uma ditadura. Comunista. Voc\u00eas pensam que enganam o reacinha elementar, mas ele tamb\u00e9m descobriu \u201cna internet\u201d que o nazismo era um regime comunista, que Hitler era de esquerda, e que o Partido Nacional-Socialista dos Trabalhadores Alem\u00e3es n\u00e3o era, na verdade, da extrema-direita, mas uma esp\u00e9cie de PSOL dos anos 1920 aos anos 1940. Informado de que esta \u00e9 uma impossibilidade hist\u00f3rica e de que a verdade \u00e9 o contr\u00e1rio disto, que os comunistas e socialistas alem\u00e3es foram dos primeiros a serem mortos e condenados pelo regime nazista, o reacinha b\u00e1sico responder\u00e1 com um sorriso maroto e condescendente, apiedado do fato de que voc\u00ea sofreu doutrina\u00e7\u00e3o ideol\u00f3gica do seu professor esquerdopata de Hist\u00f3ria. \u201cA Escola Sem Partido vem a\u00ed\u201d, dir\u00e1, com compaix\u00e3o, para dizer que a nossa ignor\u00e2ncia n\u00e3o \u00e9 incur\u00e1vel.<\/p>\n<p>O reacinha primitivo decidiu agora que que ir morar em Portugal. Tirou f\u00e9rias por l\u00e1 (ou soube de algu\u00e9m que por l\u00e1 passou) e viu que nas rodovias os carros n\u00e3o trepidam nem desviam de buracos, na frente dos supermercados ningu\u00e9m avisa que vai vigiar seu autom\u00f3vel, as pessoas s\u00e3o educadas, limpas, pr\u00f3speras e falam portugu\u00eas &#8211; ou algo muito pr\u00f3ximo. O reacinha b\u00e1sico n\u00e3o sabe que Portugal \u00e9 governado pela esquerda moderada apoiada pela esquerda radical, que l\u00e1 o aborto n\u00e3o \u00e9 crime e que em suas escolas se ensina tudo o que a &#8220;Escola Sem Partido&#8221; quer proibir em Pindorama. Informantes secretos da Internacional Comunista em Portugal inclusive me informaram que por l\u00e1 ensinam que o nazismo era de extrema-direita, que existe aquecimento global e que, para minha surpresa, os portugueses continuam insistindo que a Terra n\u00e3o \u00e9 plana. Mas \u00e9 melhor n\u00e3o colocar press\u00e3o nas ideias do reacinha b\u00e1sico brasileiro com esses arcanos e tais invencionices. Fica sendo o nosso segredo, da confraria dos esquerdopatas an\u00f4nimos.<\/p>\n<p>Enquanto odeia a esquerda, os defensores dos Direitos Humanos e a propaga\u00e7\u00e3o da \u201cideologia de g\u00eanero\u201d que est\u00e1 destruindo a fam\u00edlia, o reacinha b\u00e1sico se enche de badulaques chineses. N\u00e3o, o rea\u00e7a elementar n\u00e3o sabe que a China \u00e9 um pa\u00eds comunista. Comunistas s\u00e3o Venezuela, Bol\u00edvia e, desde que o PT ganhou a primeira elei\u00e7\u00e3o presidencial, o Brasil &#8211; como todo mundo sabe. O rea\u00e7a b\u00e1sico \u00e9 muito esperto e saca tudo.<\/p>\n","protected":false},"excerpt":{"rendered":"<p>Por Wilson Gomes &#8211; H\u00e1 de haver rea\u00e7as de todos os n\u00edveis no Brasil, hoje, mas o n\u00edvel b\u00e1sico eu j\u00e1 identifiquei: o cara fala de Cuba como se estiv\u00e9ssemos no auge da Guerra Fria e apavorados com a possibilidade de internacionaliza\u00e7\u00e3o das revolu\u00e7\u00f5es socialistas; ou fala de &#8220;bolivarianismo&#8221; como se estiv\u00e9ssemos de sentinela um&#8230;<a class=\"more-link\" href=\"http:\/\/blogdalucianaoliveira.com.br\/blog\/2018\/04\/29\/do-reaca-basico-e-da-sua-luta-epica-contra-o-comunismo\/\">Continue a leitura <span class=\"meta-nav\">&raquo;<\/span><\/a><\/p>\n","protected":false},"author":1,"featured_media":0,"comment_status":"closed","ping_status":"open","sticky":false,"template":"","format":"standard","meta":{"_exactmetrics_skip_tracking":false,"_exactmetrics_sitenote_active":false,"_exactmetrics_sitenote_note":"","_exactmetrics_sitenote_category":0,"jetpack_post_was_ever_published":false,"_jetpack_newsletter_access":"","_jetpack_dont_email_post_to_subs":false,"_jetpack_newsletter_tier_id":0,"_jetpack_memberships_contains_paywalled_content":false,"_jetpack_memberships_contains_paid_content":false,"footnotes":"","jetpack_publicize_message":"","jetpack_publicize_feature_enabled":true,"jetpack_social_post_already_shared":true,"jetpack_social_options":{"image_generator_settings":{"template":"highway","enabled":false},"version":2}},"categories":[1],"tags":[],"class_list":["post-17793","post","type-post","status-publish","format-standard","hentry","category-notas"],"jetpack_publicize_connections":[],"jetpack_sharing_enabled":true,"jetpack_featured_media_url":"","jetpack_shortlink":"https:\/\/wp.me\/p7wKYW-4CZ","jetpack-related-posts":[],"_links":{"self":[{"href":"http:\/\/blogdalucianaoliveira.com.br\/blog\/wp-json\/wp\/v2\/posts\/17793","targetHints":{"allow":["GET"]}}],"collection":[{"href":"http:\/\/blogdalucianaoliveira.com.br\/blog\/wp-json\/wp\/v2\/posts"}],"about":[{"href":"http:\/\/blogdalucianaoliveira.com.br\/blog\/wp-json\/wp\/v2\/types\/post"}],"author":[{"embeddable":true,"href":"http:\/\/blogdalucianaoliveira.com.br\/blog\/wp-json\/wp\/v2\/users\/1"}],"replies":[{"embeddable":true,"href":"http:\/\/blogdalucianaoliveira.com.br\/blog\/wp-json\/wp\/v2\/comments?post=17793"}],"version-history":[{"count":1,"href":"http:\/\/blogdalucianaoliveira.com.br\/blog\/wp-json\/wp\/v2\/posts\/17793\/revisions"}],"predecessor-version":[{"id":17795,"href":"http:\/\/blogdalucianaoliveira.com.br\/blog\/wp-json\/wp\/v2\/posts\/17793\/revisions\/17795"}],"wp:attachment":[{"href":"http:\/\/blogdalucianaoliveira.com.br\/blog\/wp-json\/wp\/v2\/media?parent=17793"}],"wp:term":[{"taxonomy":"category","embeddable":true,"href":"http:\/\/blogdalucianaoliveira.com.br\/blog\/wp-json\/wp\/v2\/categories?post=17793"},{"taxonomy":"post_tag","embeddable":true,"href":"http:\/\/blogdalucianaoliveira.com.br\/blog\/wp-json\/wp\/v2\/tags?post=17793"}],"curies":[{"name":"wp","href":"https:\/\/api.w.org\/{rel}","templated":true}]}}