{"id":17796,"date":"2018-04-30T10:15:55","date_gmt":"2018-04-30T14:15:55","guid":{"rendered":"http:\/\/blogdalucianaoliveira.com.br\/blog\/?p=17796"},"modified":"2018-04-30T11:48:14","modified_gmt":"2018-04-30T15:48:14","slug":"deputado-que-chorou-na-cassacao-de-cunha-se-indigna-com-criacao-de-conselho-lgbt","status":"publish","type":"post","link":"http:\/\/blogdalucianaoliveira.com.br\/blog\/2018\/04\/30\/deputado-que-chorou-na-cassacao-de-cunha-se-indigna-com-criacao-de-conselho-lgbt\/","title":{"rendered":"DEPUTADO QUE CHOROU NA CASSA\u00c7\u00c3O DE CUNHA SE INDIGNA COM CRIA\u00c7\u00c3O DE CONSELHO LGBT"},"content":{"rendered":"<p><img data-recalc-dims=\"1\" loading=\"lazy\" decoding=\"async\" data-attachment-id=\"17798\" data-permalink=\"http:\/\/blogdalucianaoliveira.com.br\/blog\/2018\/04\/30\/deputado-que-chorou-na-cassacao-de-cunha-se-indigna-com-criacao-de-conselho-lgbt\/choro\/\" data-orig-file=\"https:\/\/i0.wp.com\/blogdalucianaoliveira.com.br\/blog\/wp-content\/uploads\/2018\/04\/choro.jpg?fit=640%2C360\" data-orig-size=\"640,360\" data-comments-opened=\"0\" data-image-meta=\"{&quot;aperture&quot;:&quot;0&quot;,&quot;credit&quot;:&quot;&quot;,&quot;camera&quot;:&quot;&quot;,&quot;caption&quot;:&quot;&quot;,&quot;created_timestamp&quot;:&quot;0&quot;,&quot;copyright&quot;:&quot;&quot;,&quot;focal_length&quot;:&quot;0&quot;,&quot;iso&quot;:&quot;0&quot;,&quot;shutter_speed&quot;:&quot;0&quot;,&quot;title&quot;:&quot;&quot;,&quot;orientation&quot;:&quot;0&quot;}\" data-image-title=\"choro\" data-image-description=\"\" data-image-caption=\"\" data-medium-file=\"https:\/\/i0.wp.com\/blogdalucianaoliveira.com.br\/blog\/wp-content\/uploads\/2018\/04\/choro.jpg?fit=300%2C169\" data-large-file=\"https:\/\/i0.wp.com\/blogdalucianaoliveira.com.br\/blog\/wp-content\/uploads\/2018\/04\/choro.jpg?fit=600%2C338\" class=\"alignnone size-full wp-image-17798\" src=\"https:\/\/i0.wp.com\/blogdalucianaoliveira.com.br\/blog\/wp-content\/uploads\/2018\/04\/choro.jpg?resize=600%2C338\" alt=\"choro\" width=\"600\" height=\"338\" srcset=\"https:\/\/i0.wp.com\/blogdalucianaoliveira.com.br\/blog\/wp-content\/uploads\/2018\/04\/choro.jpg?w=640 640w, https:\/\/i0.wp.com\/blogdalucianaoliveira.com.br\/blog\/wp-content\/uploads\/2018\/04\/choro.jpg?resize=300%2C169 300w, https:\/\/i0.wp.com\/blogdalucianaoliveira.com.br\/blog\/wp-content\/uploads\/2018\/04\/choro.jpg?resize=533%2C300 533w\" sizes=\"auto, (max-width: 600px) 100vw, 600px\" \/><\/p>\n<p>Ronilson Souza Oliveira, 37, conhecido como &#8220;R\u00f4&#8221; ou Gabriely Francciny, foi brutalmente assassinado no \u00faltimo s\u00e1bado (28) em Porto Velho (RO).<br \/>\nMais um travesti numa estat\u00edstica que cresceu 30% em 2017 e que o Brasil lidera, a de homic\u00eddio de LGTBs. <!--more--><\/p>\n<p><img data-recalc-dims=\"1\" loading=\"lazy\" decoding=\"async\" data-attachment-id=\"17797\" data-permalink=\"http:\/\/blogdalucianaoliveira.com.br\/blog\/2018\/04\/30\/deputado-que-chorou-na-cassacao-de-cunha-se-indigna-com-criacao-de-conselho-lgbt\/trav\/\" data-orig-file=\"https:\/\/i0.wp.com\/blogdalucianaoliveira.com.br\/blog\/wp-content\/uploads\/2018\/04\/trav.jpg?fit=750%2C423\" data-orig-size=\"750,423\" data-comments-opened=\"0\" data-image-meta=\"{&quot;aperture&quot;:&quot;0&quot;,&quot;credit&quot;:&quot;&quot;,&quot;camera&quot;:&quot;&quot;,&quot;caption&quot;:&quot;&quot;,&quot;created_timestamp&quot;:&quot;0&quot;,&quot;copyright&quot;:&quot;&quot;,&quot;focal_length&quot;:&quot;0&quot;,&quot;iso&quot;:&quot;0&quot;,&quot;shutter_speed&quot;:&quot;0&quot;,&quot;title&quot;:&quot;&quot;,&quot;orientation&quot;:&quot;0&quot;}\" data-image-title=\"trav\" data-image-description=\"\" data-image-caption=\"\" data-medium-file=\"https:\/\/i0.wp.com\/blogdalucianaoliveira.com.br\/blog\/wp-content\/uploads\/2018\/04\/trav.jpg?fit=300%2C169\" data-large-file=\"https:\/\/i0.wp.com\/blogdalucianaoliveira.com.br\/blog\/wp-content\/uploads\/2018\/04\/trav.jpg?fit=600%2C338\" class=\"alignnone size-full wp-image-17797\" src=\"https:\/\/i0.wp.com\/blogdalucianaoliveira.com.br\/blog\/wp-content\/uploads\/2018\/04\/trav.jpg?resize=600%2C338\" alt=\"trav\" width=\"600\" height=\"338\" srcset=\"https:\/\/i0.wp.com\/blogdalucianaoliveira.com.br\/blog\/wp-content\/uploads\/2018\/04\/trav.jpg?w=750 750w, https:\/\/i0.wp.com\/blogdalucianaoliveira.com.br\/blog\/wp-content\/uploads\/2018\/04\/trav.jpg?resize=300%2C169 300w, https:\/\/i0.wp.com\/blogdalucianaoliveira.com.br\/blog\/wp-content\/uploads\/2018\/04\/trav.jpg?resize=532%2C300 532w\" sizes=\"auto, (max-width: 600px) 100vw, 600px\" \/><\/p>\n<p>Os estudos de ag\u00eancias internacionais de direitos humanos revelam que aqui se mata mais do que em 13 pa\u00edses do Oriente M\u00e9dio e \u00c1frica, onde h\u00e1 pena de morte para a homossexualidade.<\/p>\n<p>A cada 19 horas, 1 homossexual ou transg\u00eanero \u00e9 assassinado ou suicida. De 2000 a 2017, o n\u00famero de LGBTs assassinados saltou de 130 para 445.<\/p>\n<p>Pois, justo no dia em que a vida de mais um travesti foi tirada com extrema viol\u00eancia, o deputado federal Marcos Rog\u00e9rio (DEM-RO), publicou um v\u00eddeo nas redes sociais para dizer que o Brasil n\u00e3o deve \u201cavan\u00e7ar\u201d na agenda de prote\u00e7\u00e3o aos LGBTs.<\/p>\n<p>O deputado evang\u00e9lico fez quest\u00e3o de se opor \u00e0 cria\u00e7\u00e3o do Conselho Estadual LGBT, que o governo prop\u00f4s e a Assembleia Legislativa aprovou.<\/p>\n<p><iframe loading=\"lazy\" style=\"border: none; overflow: hidden;\" src=\"https:\/\/www.facebook.com\/plugins\/video.php?href=https%3A%2F%2Fwww.facebook.com%2FMarcosRogerioOficial%2Fvideos%2F1686545364760566%2F&amp;show_text=0&amp;width=560\" width=\"560\" height=\"315\" frameborder=\"0\" scrolling=\"no\" allowfullscreen=\"allowfullscreen\"><\/iframe><\/p>\n<p>Em v\u00e1rios estados \u00e9 esse Conselho que ajuda na implementa\u00e7\u00e3o de pol\u00edticas p\u00fablicas para que direitos dessa parcela da sociedade n\u00e3o sejam ignorados.<\/p>\n<p>O deputado Marcos Rog\u00e9rio afirma justamente o contr\u00e1rio.<\/p>\n<p>\u201cO avan\u00e7o dessa agenda representa um retrocesso, um afronta \u00e0 fam\u00edlia e um risco \u00e0 cria\u00e7\u00e3o de pol\u00edticas p\u00fablicas, especialmente na educa\u00e7\u00e3o.\u201d<\/p>\n<p>Ele diz que o que os movimentos LGBTs querem \u00e9 impor \u201csua agenda, seus padr\u00f5es, costumes, h\u00e1bitos, prefer\u00eancias.\u201d<\/p>\n<p>Mas, isso \u00e9 justamente o que a bancada obscurantista de Marcos Rog\u00e9rio quer.<\/p>\n<p>A agenda LGBT avan\u00e7a sobre o ordenamento jur\u00eddico do pa\u00eds que ainda \u00e9 laico.<\/p>\n<p>Eles podem mudar de nome, casar, adotar crian\u00e7as.<\/p>\n<p>Ou seja, constituir fam\u00edlia.<\/p>\n<p>\u00c0 luz do direito e n\u00e3o \u00e0 escurid\u00e3o que Marcos Rog\u00e9rio frequenta.<\/p>\n<p>Retrocesso \u00e9 negar essa realidade impedindo o debate sobre a pluralidade familiar nas escolas.<\/p>\n<p>Agora, quem \u00e9 Marcos Rog\u00e9rio para se colocar como porta-voz da fam\u00edlia brasileira?<\/p>\n<p>Ele votou SIM \u00e0 PEC 241, que congelou por 20 anos, investimentos em servi\u00e7os essenciais \u00e0s fam\u00edlias, como sa\u00fade e educa\u00e7\u00e3o.<\/p>\n<p>Ele votou SIM \u00e0 Reforma Trabalhista que acabou com direitos dos trabalhadores, um golpe ao bem-estar das fam\u00edlias.<\/p>\n<p>Que fam\u00edlias ele defende? A dos evang\u00e9licos retr\u00f3grados como ele.<\/p>\n<p>A pauta LGBT \u00e9 mundial e n\u00e3o \u00e9 de movimentos de minorias.<\/p>\n<p>O que Marcos Rog\u00e9rio faz \u00e9 impor sua pauta eleitoreira, j\u00e1 que n\u00e3o tem outra.<\/p>\n<p>\u00c9 s\u00f3 para eleitores encabrestados pela obtusidade de algumas igrejas, que o deputado tenta abortar um projeto aprovado em duas comiss\u00f5es legislativas com uma pequena emenda e, tamb\u00e9m no plen\u00e1rio.<\/p>\n<p>As elei\u00e7\u00f5es que se aproximam t\u00eam deixado muitos pol\u00edticos desesperados com a vontade de mudan\u00e7a que paira no ar.<\/p>\n<p>Os que se elegem com votos segmentados, sobretudo os de igrejas, est\u00e3o fazendo tudo para permanecer no poder, como refor\u00e7ar a pauta do \u2018falso moralismo\u2019 em nome de Deus, da P\u00e1tria e da Fam\u00edlia.<\/p>\n<p>Mas, tomando Marcos Rog\u00e9rio como exemplo de r\u00edgidos valores \u00e9ticos e morais, simplesmente n\u00e3o cola.<\/p>\n<p>S\u00f3 vi uma pessoa neste imenso pa\u00eds chorar quando o ex-deputado corrupto Eduardo Cunha foi cassado.<\/p>\n<p>Isso mesmo, Marcos Rog\u00e9rio.<\/p>\n<p><a href=\"https:\/\/tv.uol\/14dTw\">https:\/\/tv.uol\/14dTw<\/a><\/p>\n<p>Foi t\u00e3o bizarra a cena que a imprensa nacional deu destaque.<\/p>\n<p>Quando o projeto de cria\u00e7\u00e3o do Conselho LGBT foi aprovado escrevi que \u00e0s vezes, a \u2018f\u00e9\u2019 move montanhas para onde jamais deveriam existir.<\/p>\n<p>Marcos Rog\u00e9rio expressou num v\u00eddeo a montanha de preconceito que impede o Brasil de sair do ranking de assassinatos de homossexuais e transg\u00eaneros.<\/p>\n<p>O deputado chamou de minoria a popula\u00e7\u00e3o LGBT, que se de uma hora para outra se tornasse maioria, muitos mudariam de discurso e at\u00e9 de prefer\u00eancia de sexo s\u00f3 para garantir vaga na pol\u00edtica.<\/p>\n<p>N\u00e3o \u00e9 de minoria que falamos, mas de uma parcela que com muita luta e sangue deixou de ser invis\u00edvel e jamais voltar\u00e1 a ser.<\/p>\n<p>Veja o texto em v\u00eddeo: <a href=\"https:\/\/www.youtube.com\/watch?v=-rwFau5GlI4\">https:\/\/www.youtube.com\/watch?v=-rwFau5GlI4<\/a><\/p>\n","protected":false},"excerpt":{"rendered":"<p>Ronilson Souza Oliveira, 37, conhecido como &#8220;R\u00f4&#8221; ou Gabriely Francciny, foi brutalmente assassinado no \u00faltimo s\u00e1bado (28) em Porto Velho (RO). Mais um travesti numa estat\u00edstica que cresceu 30% em 2017 e que o Brasil lidera, a de homic\u00eddio de LGTBs.<\/p>\n","protected":false},"author":1,"featured_media":0,"comment_status":"closed","ping_status":"open","sticky":false,"template":"","format":"standard","meta":{"_exactmetrics_skip_tracking":false,"_exactmetrics_sitenote_active":false,"_exactmetrics_sitenote_note":"","_exactmetrics_sitenote_category":0,"jetpack_post_was_ever_published":false,"_jetpack_newsletter_access":"","_jetpack_dont_email_post_to_subs":false,"_jetpack_newsletter_tier_id":0,"_jetpack_memberships_contains_paywalled_content":false,"_jetpack_memberships_contains_paid_content":false,"footnotes":"","jetpack_publicize_message":"","jetpack_publicize_feature_enabled":true,"jetpack_social_post_already_shared":true,"jetpack_social_options":{"image_generator_settings":{"template":"highway","enabled":false},"version":2}},"categories":[1],"tags":[],"class_list":["post-17796","post","type-post","status-publish","format-standard","hentry","category-notas"],"jetpack_publicize_connections":[],"jetpack_sharing_enabled":true,"jetpack_featured_media_url":"","jetpack_shortlink":"https:\/\/wp.me\/p7wKYW-4D2","jetpack-related-posts":[],"_links":{"self":[{"href":"http:\/\/blogdalucianaoliveira.com.br\/blog\/wp-json\/wp\/v2\/posts\/17796","targetHints":{"allow":["GET"]}}],"collection":[{"href":"http:\/\/blogdalucianaoliveira.com.br\/blog\/wp-json\/wp\/v2\/posts"}],"about":[{"href":"http:\/\/blogdalucianaoliveira.com.br\/blog\/wp-json\/wp\/v2\/types\/post"}],"author":[{"embeddable":true,"href":"http:\/\/blogdalucianaoliveira.com.br\/blog\/wp-json\/wp\/v2\/users\/1"}],"replies":[{"embeddable":true,"href":"http:\/\/blogdalucianaoliveira.com.br\/blog\/wp-json\/wp\/v2\/comments?post=17796"}],"version-history":[{"count":5,"href":"http:\/\/blogdalucianaoliveira.com.br\/blog\/wp-json\/wp\/v2\/posts\/17796\/revisions"}],"predecessor-version":[{"id":17812,"href":"http:\/\/blogdalucianaoliveira.com.br\/blog\/wp-json\/wp\/v2\/posts\/17796\/revisions\/17812"}],"wp:attachment":[{"href":"http:\/\/blogdalucianaoliveira.com.br\/blog\/wp-json\/wp\/v2\/media?parent=17796"}],"wp:term":[{"taxonomy":"category","embeddable":true,"href":"http:\/\/blogdalucianaoliveira.com.br\/blog\/wp-json\/wp\/v2\/categories?post=17796"},{"taxonomy":"post_tag","embeddable":true,"href":"http:\/\/blogdalucianaoliveira.com.br\/blog\/wp-json\/wp\/v2\/tags?post=17796"}],"curies":[{"name":"wp","href":"https:\/\/api.w.org\/{rel}","templated":true}]}}