{"id":17802,"date":"2018-04-30T11:00:39","date_gmt":"2018-04-30T15:00:39","guid":{"rendered":"http:\/\/blogdalucianaoliveira.com.br\/blog\/?p=17802"},"modified":"2018-04-30T11:00:39","modified_gmt":"2018-04-30T15:00:39","slug":"a-caravana-de-refugiados-da-america-central-que-esta-em-um-limbo-legal-na-fronteira-entre-o-mexico-e-os-eua","status":"publish","type":"post","link":"http:\/\/blogdalucianaoliveira.com.br\/blog\/2018\/04\/30\/a-caravana-de-refugiados-da-america-central-que-esta-em-um-limbo-legal-na-fronteira-entre-o-mexico-e-os-eua\/","title":{"rendered":"A caravana de refugiados da Am\u00e9rica Central que est\u00e1 em um limbo legal na fronteira entre o M\u00e9xico e os EUA"},"content":{"rendered":"<figure class=\"media-landscape has-caption full-width\"><span class=\"image-and-copyright-container\"><img data-recalc-dims=\"1\" loading=\"lazy\" decoding=\"async\" class=\"responsive-image__img js-image-replace\" src=\"https:\/\/i0.wp.com\/ichef.bbci.co.uk\/news\/624\/cpsprodpb\/C7E1\/production\/_101096115_gettyimages-952780654.jpg?resize=600%2C400&#038;ssl=1\" alt=\"Pessoas sobre a cerca de separa M\u00e9xico e Estados Unidos\" width=\"600\" height=\"400\" data-highest-encountered-width=\"624\" \/><\/span><figcaption class=\"media-caption\"><span class=\"media-caption__text\">&#8220;N\u00f3s, imigrantes, n\u00e3o somos criminosos, somos trabalhadores internacionais&#8221;, diz a letra de uma m\u00fasica repetida na fronteira pelos refugiados<\/span><\/figcaption><\/figure>\n<figure class=\"media-landscape no-caption body-width\"><\/figure>\n<p>Da BBC &#8211; A caravana de imigrantes que saiu da Am\u00e9rica Central em meados de mar\u00e7o e atravessava o M\u00e9xico em abril chegou \u00e0 fronteira com os Estados Unidos, onde se encontra em uma esp\u00e9cie de limbo legal, aguardando o resultado de pedidos para entrar no pa\u00eds.<!--more--><\/p>\n<p>Centenas de pessoas que est\u00e3o no comboio tentam obter asilo em territ\u00f3rio americano, mas o Servi\u00e7o de Controle Alfandeg\u00e1rio e de Fronteiras dos EUA (CBP, da sigla em ingl\u00eas) informou que, por falta de capacidade de atendimento, n\u00e3o poder\u00e1 lidar com os seus pedidos de uma s\u00f3 vez.<\/p>\n<div class=\"story-body\">\n<div class=\"story-body__inner\">\n<p>Entre 150 e 200 pessoas, incluindo crian\u00e7as, esperam para falar com as autoridades americanas.<\/p>\n<p>A caravana havia partido da cidade de Tapachula, no sul do M\u00e9xico, e chegou a incorporar cerca de duas mil pessoas no in\u00edcio. A maioria, por\u00e9m, deixou o grupo ao longo do percurso, completado a p\u00e9, \u00f4nibus e trem, para se estabelecer no M\u00e9xico ou tentar chegar aos Estados Unidos longe do foco das c\u00e2meras.<\/p>\n<figure class=\"media-landscape has-caption full-width\"><span class=\"image-and-copyright-container\"><img data-recalc-dims=\"1\" loading=\"lazy\" decoding=\"async\" class=\"responsive-image__img js-image-replace\" src=\"https:\/\/i0.wp.com\/ichef-1.bbci.co.uk\/news\/624\/cpsprodpb\/2DEF\/production\/_101095711_gettyimages-952785022.jpg?resize=600%2C398&#038;ssl=1\" alt=\"Pessoas sobre a cerca de separa os Estados Unidos do M\u00e9xico\" width=\"600\" height=\"398\" data-highest-encountered-width=\"624\" \/><span class=\"off-screen\">Direito de imagem<\/span><span class=\"story-image-copyright\">GETTY<\/span><\/span><figcaption class=\"media-caption\"><span class=\"off-screen\">Image caption<\/span><span class=\"media-caption__text\">Cerca que demarca a fronteira entre o M\u00e9xico e os EUA: Autoridades americanas t\u00eam amea\u00e7ado prender quem tentar atravessar de forma ilegal<\/span><\/figcaption><\/figure>\n<h2 class=\"story-body__crosshead\">Imigrantes<\/h2>\n<p>Ao longo da viagem, refugiados de El Salvador, Nicar\u00e1gua e Guatemala se juntaram aos imigrantes hondurenhos na caravana.<\/p>\n<p>Eles dizem que buscam asilo para escapar da viol\u00eancia em seus pa\u00edses. Alguns alegam que correm risco de morte por gangues, outros, que s\u00e3o perseguidos pol\u00edticos ou que tiveram familiares assassinados. Ou fogem de maus tratos, como no caso de Aura, que est\u00e1 h\u00e1 quatro meses na estrada com seu filho Anthony, de dois anos e meio.<\/p>\n<p>A jovem, de 25 anos, resolveu se juntar ao grupo por estar convencida de que seria morta pelo pai de seu filho se permanecesse em seu pa\u00eds, a Guatemala.<\/p>\n<p>Agora, ela estuda um jeito de permanecer em Tijuana, no lado mexicano da fronteira, pois n\u00e3o quer cruzar a fronteira enfrentando algum risco de ser separada do filho.<\/p>\n<p>&#8220;Se alguma coisa acontecer comigo, ele fica sozinho&#8221;, explica, com o menino nos bra\u00e7os.<\/p>\n<h2 class=\"story-body__crosshead\">&#8216;Precisamos do muro&#8217;<\/h2>\n<p>Antes mesmo de chegarem \u00e0 fronteira, por\u00e9m, os EUA j\u00e1 sinalizavam que eles n\u00e3o seriam recebidos de bra\u00e7os abertos.<\/p>\n<p>&#8220;Precisamos do muro!&#8221;, escreveu, em caixa alta, o presidente Donald Trump em sua conta no Twitter ainda no in\u00edcio de abril, alertando sobre a caravana e fazendo uma refer\u00eancia a uma de suas promessas-chave de campanha: a constru\u00e7\u00e3o de um &#8220;muro enorme e bonito&#8221; na fronteira com o M\u00e9xico para frear a imigra\u00e7\u00e3o ilegal e o narcotr\u00e1fico.<\/p>\n<p>O presidente afirmou, na \u00e9poca, que a movimenta\u00e7\u00e3o de imigrantes rumo \u00e0 fronteira sul dos EUA contava com condescend\u00eancia de autoridades mexicanas.<\/p>\n<p>Ainda no Twitter, ele amea\u00e7ou suspender o Nafta, o bloco econ\u00f4mico formado por EUA, Canad\u00e1 e M\u00e9xico, que chamou de\u00a0<i>cash cow<\/i>\u00a0(no sentido de &#8220;galinha dos ovos de ouro&#8221;) do M\u00e9xico.<\/p>\n<p>&#8220;O M\u00e9xico est\u00e1 fazendo muito pouco, ou nada, para parar o fluxo de pessoas que atravessam a fronteira sul e seguem em dire\u00e7\u00e3o aos EUA. Eles riem das nossas est\u00fapidas leis de imigra\u00e7\u00e3o. Eles t\u00eam que interromper o fluxo de pessoas e drogas&#8230;&#8221;, escreveu.<\/p>\n<figure class=\"media-landscape has-caption full-width\"><span class=\"image-and-copyright-container\"><img data-recalc-dims=\"1\" loading=\"lazy\" decoding=\"async\" class=\"responsive-image__img js-image-replace\" src=\"https:\/\/i0.wp.com\/ichef.bbci.co.uk\/news\/624\/cpsprodpb\/1184F\/production\/_101095717_gettyimages-952784228.jpg?resize=600%2C400&#038;ssl=1\" alt=\"Pessoas na fronteira entre o M\u00e9xico e os Estados Unidos\" width=\"600\" height=\"400\" data-highest-encountered-width=\"624\" \/><span class=\"off-screen\">Direito de imagem<\/span><span class=\"story-image-copyright\">GETTY<\/span><\/span><figcaption class=\"media-caption\"><span class=\"off-screen\">Image caption<\/span><span class=\"media-caption__text\">Do lado dos Estados Unidos, pessoas se aproximaram da fronteira neste domingo com mensagens de apoio aos refugiados<\/span><\/figcaption><\/figure>\n<p>Com a aproxima\u00e7\u00e3o da caravana, Trump ordenou o envio de soldados da Guarda Nacional para refor\u00e7ar a seguran\u00e7a na fronteira.<\/p>\n<p>Volunt\u00e1rios que acompanham o grupo disseram que os imigrantes t\u00eam o direito legal de pedir asilo em uma porta de entrada para os Estados Unidos.<\/p>\n<p>&#8220;Parem de rejeit\u00e1-los. Eles n\u00e3o est\u00e3o infringindo a lei!&#8221;, exclama Nicole Ramos, advogada da organiza\u00e7\u00e3o Al otro lado, que ofereceu assessoria jur\u00eddica aos membros da caravana.<\/p>\n<h2 class=\"story-body__crosshead\">&#8216;N\u00e3o somos criminosos&#8217;<\/h2>\n<p>Ao longo do domingo, os imigrantes repetiam em uma m\u00fasica o bord\u00e3o &#8220;N\u00f3s, imigrantes, n\u00e3o somos criminosos, somos trabalhadores internacionais&#8221;.<\/p>\n<p>Enquanto cantavam, na manh\u00e3 de domingo, durante um evento no Parque Amistad, em Playas de Tijuana, puderam observar, emocionados que, do lado americano, pessoas se aproximavam da fronteira com mensagens de apoio.<\/p>\n<p>Uma grande cerca bloqueia o caminho. E autoridades americanas amea\u00e7am prender quem tentar &#8220;pular&#8221; a cerca e tentar atravessar a fronteira de forma ilegal.<\/p>\n<figure class=\"media-landscape has-caption full-width\"><span class=\"image-and-copyright-container\"><img data-recalc-dims=\"1\" loading=\"lazy\" decoding=\"async\" class=\"responsive-image__img js-image-replace\" src=\"https:\/\/i0.wp.com\/ichef.bbci.co.uk\/news\/624\/cpsprodpb\/10301\/production\/_98950366_presentational_grey_line464-nc.jpg?resize=464%2C2&#038;ssl=1\" alt=\"linea\" width=\"464\" height=\"2\" data-highest-encountered-width=\"624\" \/><\/span><\/figure>\n<p><i>*Com informa\u00e7\u00f5es de Beatriz D\u00edez, correspondente da BBC Mundo.<\/i><\/p>\n<\/div>\n<\/div>\n<div class=\"tags-container\"><\/div>\n","protected":false},"excerpt":{"rendered":"<p>&#8220;N\u00f3s, imigrantes, n\u00e3o somos criminosos, somos trabalhadores internacionais&#8221;, diz a letra de uma m\u00fasica repetida na fronteira pelos refugiados Da BBC &#8211; A caravana de imigrantes que saiu da Am\u00e9rica Central em meados de mar\u00e7o e atravessava o M\u00e9xico em abril chegou \u00e0 fronteira com os Estados Unidos, onde se encontra em uma esp\u00e9cie de&#8230;<a class=\"more-link\" href=\"http:\/\/blogdalucianaoliveira.com.br\/blog\/2018\/04\/30\/a-caravana-de-refugiados-da-america-central-que-esta-em-um-limbo-legal-na-fronteira-entre-o-mexico-e-os-eua\/\">Continue a leitura <span class=\"meta-nav\">&raquo;<\/span><\/a><\/p>\n","protected":false},"author":1,"featured_media":0,"comment_status":"closed","ping_status":"open","sticky":false,"template":"","format":"standard","meta":{"_exactmetrics_skip_tracking":false,"_exactmetrics_sitenote_active":false,"_exactmetrics_sitenote_note":"","_exactmetrics_sitenote_category":0,"jetpack_post_was_ever_published":false,"_jetpack_newsletter_access":"","_jetpack_dont_email_post_to_subs":false,"_jetpack_newsletter_tier_id":0,"_jetpack_memberships_contains_paywalled_content":false,"_jetpack_memberships_contains_paid_content":false,"footnotes":"","jetpack_publicize_message":"","jetpack_publicize_feature_enabled":true,"jetpack_social_post_already_shared":true,"jetpack_social_options":{"image_generator_settings":{"template":"highway","enabled":false},"version":2}},"categories":[1],"tags":[],"class_list":["post-17802","post","type-post","status-publish","format-standard","hentry","category-notas"],"jetpack_publicize_connections":[],"jetpack_sharing_enabled":true,"jetpack_featured_media_url":"","jetpack_shortlink":"https:\/\/wp.me\/p7wKYW-4D8","jetpack-related-posts":[],"_links":{"self":[{"href":"http:\/\/blogdalucianaoliveira.com.br\/blog\/wp-json\/wp\/v2\/posts\/17802","targetHints":{"allow":["GET"]}}],"collection":[{"href":"http:\/\/blogdalucianaoliveira.com.br\/blog\/wp-json\/wp\/v2\/posts"}],"about":[{"href":"http:\/\/blogdalucianaoliveira.com.br\/blog\/wp-json\/wp\/v2\/types\/post"}],"author":[{"embeddable":true,"href":"http:\/\/blogdalucianaoliveira.com.br\/blog\/wp-json\/wp\/v2\/users\/1"}],"replies":[{"embeddable":true,"href":"http:\/\/blogdalucianaoliveira.com.br\/blog\/wp-json\/wp\/v2\/comments?post=17802"}],"version-history":[{"count":1,"href":"http:\/\/blogdalucianaoliveira.com.br\/blog\/wp-json\/wp\/v2\/posts\/17802\/revisions"}],"predecessor-version":[{"id":17804,"href":"http:\/\/blogdalucianaoliveira.com.br\/blog\/wp-json\/wp\/v2\/posts\/17802\/revisions\/17804"}],"wp:attachment":[{"href":"http:\/\/blogdalucianaoliveira.com.br\/blog\/wp-json\/wp\/v2\/media?parent=17802"}],"wp:term":[{"taxonomy":"category","embeddable":true,"href":"http:\/\/blogdalucianaoliveira.com.br\/blog\/wp-json\/wp\/v2\/categories?post=17802"},{"taxonomy":"post_tag","embeddable":true,"href":"http:\/\/blogdalucianaoliveira.com.br\/blog\/wp-json\/wp\/v2\/tags?post=17802"}],"curies":[{"name":"wp","href":"https:\/\/api.w.org\/{rel}","templated":true}]}}