{"id":17805,"date":"2018-04-30T11:05:25","date_gmt":"2018-04-30T15:05:25","guid":{"rendered":"http:\/\/blogdalucianaoliveira.com.br\/blog\/?p=17805"},"modified":"2018-04-30T11:05:25","modified_gmt":"2018-04-30T15:05:25","slug":"como-a-privatizacao-da-petrobras-pode-afetar-a-sua-vida","status":"publish","type":"post","link":"http:\/\/blogdalucianaoliveira.com.br\/blog\/2018\/04\/30\/como-a-privatizacao-da-petrobras-pode-afetar-a-sua-vida\/","title":{"rendered":"Como a privatiza\u00e7\u00e3o da Petrobras pode afetar a sua vida?"},"content":{"rendered":"<p><img data-recalc-dims=\"1\" loading=\"lazy\" decoding=\"async\" data-attachment-id=\"17806\" data-permalink=\"http:\/\/blogdalucianaoliveira.com.br\/blog\/2018\/04\/30\/como-a-privatizacao-da-petrobras-pode-afetar-a-sua-vida\/fogo-3\/\" data-orig-file=\"https:\/\/i0.wp.com\/blogdalucianaoliveira.com.br\/blog\/wp-content\/uploads\/2018\/04\/fogo.jpg?fit=640%2C425\" data-orig-size=\"640,425\" data-comments-opened=\"0\" data-image-meta=\"{&quot;aperture&quot;:&quot;0&quot;,&quot;credit&quot;:&quot;&quot;,&quot;camera&quot;:&quot;&quot;,&quot;caption&quot;:&quot;&quot;,&quot;created_timestamp&quot;:&quot;0&quot;,&quot;copyright&quot;:&quot;&quot;,&quot;focal_length&quot;:&quot;0&quot;,&quot;iso&quot;:&quot;0&quot;,&quot;shutter_speed&quot;:&quot;0&quot;,&quot;title&quot;:&quot;&quot;,&quot;orientation&quot;:&quot;0&quot;}\" data-image-title=\"fogo\" data-image-description=\"\" data-image-caption=\"\" data-medium-file=\"https:\/\/i0.wp.com\/blogdalucianaoliveira.com.br\/blog\/wp-content\/uploads\/2018\/04\/fogo.jpg?fit=300%2C199\" data-large-file=\"https:\/\/i0.wp.com\/blogdalucianaoliveira.com.br\/blog\/wp-content\/uploads\/2018\/04\/fogo.jpg?fit=600%2C398\" class=\"alignnone size-full wp-image-17806\" src=\"https:\/\/i0.wp.com\/blogdalucianaoliveira.com.br\/blog\/wp-content\/uploads\/2018\/04\/fogo.jpg?resize=600%2C398\" alt=\"fogo\" width=\"600\" height=\"398\" srcset=\"https:\/\/i0.wp.com\/blogdalucianaoliveira.com.br\/blog\/wp-content\/uploads\/2018\/04\/fogo.jpg?w=640 640w, https:\/\/i0.wp.com\/blogdalucianaoliveira.com.br\/blog\/wp-content\/uploads\/2018\/04\/fogo.jpg?resize=300%2C199 300w, https:\/\/i0.wp.com\/blogdalucianaoliveira.com.br\/blog\/wp-content\/uploads\/2018\/04\/fogo.jpg?resize=452%2C300 452w\" sizes=\"auto, (max-width: 600px) 100vw, 600px\" \/><\/p>\n<article id=\"column\">\n<div class=\"content\">\n<p>No Brasil De Fato &#8211; Na semana passada, a dire\u00e7\u00e3o da Petrobras anunciou a venda de 60% das refinarias Presidente Get\u00falio Vargas (Repar-Paran\u00e1), Abreu e Lima (RNEST-Pernambuco), Landulpho Alves (RLAM-Bahia) e Alberto Pasqualini (Refap-Rio Grande do Sul). Se voc\u00ea n\u00e3o \u00e9 petroleiro e nem vive nenhum desses estados, talvez ache que essa not\u00edcia pouco impactar\u00e1 a sua vida que segue. S\u00f3 que se essa venda se confirmar sua vida ser\u00e1 fortemente afetada.<!--more--><\/p>\n<p>Te explico em tr\u00eas pontos os poss\u00edveis impactos dessa tentativa de privatiza\u00e7\u00e3o da Petrobras na sua vida!<\/p>\n<p>1. A venda dessas refinarias implica que a Petrobras passar\u00e1 para a \u00a0iniciativa privada \u2013 talvez estrangeira \u2013 o controle de 40% do refino de petr\u00f3leo e do transporte de derivados.<\/p>\n<p>Fazendo essa opera\u00e7\u00e3o, a Petrobras deixa de ser uma empresa \u201cintegrada\u201d &#8211; que atua desde a extra\u00e7\u00e3o do Petr\u00f3leo, passa pelo refino e chega at\u00e9 o posto de gasolina &#8211; e ser\u00e1 \u00a0\u201cfatiada\u201d.<\/p>\n<p>Pois bem, se o refino e o transporte de derivados passarem para a iniciativa privada, o governo brasileiro perde a possibilidade de controlar o pre\u00e7o do combust\u00edvel que chega nas bombas dos postos.<\/p>\n<p>Com a Petrobras estatal e integrada, ela pode eventualmente ter \u201cdeficit\u201d no refino (ou seja, vender a gasolina por um pre\u00e7o abaixo do custo para o consumidor brasileiro) e mesmo assim n\u00e3o ter preju\u00edzo, porque ela pode ter um \u201csuperavit\u201d nos custos de produ\u00e7\u00e3o, por exemplo. Ela tamb\u00e9m pode operar a pol\u00edtica de controle do pre\u00e7o interno da gasolina sem ficar ref\u00e9m da din\u00e2mica flutuante do pre\u00e7o do barril no mercado internacional.<\/p>\n<p>Como estatal ela tem como meta priorit\u00e1ria a busca do atendimento aos interesses nacionais, acima da l\u00f3gica da maximiza\u00e7\u00e3o do lucro. Com o refino nas m\u00e3os das empresas privadas findam-se as possibilidades de garantir desenvolvimento nacional e pre\u00e7os baixos aos consumidores, j\u00e1 que a l\u00f3gica deixa de ser o bem estar social e passa a ser a do mercado.<\/p>\n<p>Voc\u00ea tamb\u00e9m pode n\u00e3o ter carro e dizer que n\u00e3o se importa com a subida do pre\u00e7o do combust\u00edvel. Acontece se o pre\u00e7o da gasolina sobe, tudo que \u00e9 \u201ctransportado\u201d por rodovias ter\u00e1 seu pre\u00e7o acrescido: a carne que a gente come, as roupas que a gente veste\u2026 e isso tudo impactar\u00e1 fortemente na infla\u00e7\u00e3o do pa\u00eds, porque todos os pre\u00e7os subir\u00e3o rapidamente, diminuindo o seu poder de compra.<\/p>\n<p>2. Antes de anunciar a privatiza\u00e7\u00e3o dessas refinarias, elas j\u00e1 estavam operando com capacidade ociosa, ou seja, produzindo menos do que \u00e9 poss\u00edvel. A RLAM, na Bahia est\u00e1 operando com sua carga reduzida em 43%1 por exemplo! Porque ser\u00e1 que produzem menos do que s\u00e3o capazes enquanto nossa demanda por petr\u00f3leo refinado s\u00f3 vem aumentado? Assim, o \u00fanico jeito de suprir nossas necessidades internas \u00e9 importando petr\u00f3leo. Com uma pol\u00edtica dessas a Petrobras cria concorrentes para ela mesma e sinaliza para a sociedade que n\u00e3o tem capacidade de ser a provedora de petr\u00f3leo refinado no Brasil, o que n\u00e3o \u00e9 verdade!<\/p>\n<p>Para comprar petr\u00f3leo no mercado internacional \u00e9 preciso pagar em d\u00f3lares (divisas). Assim, o Estado gasta os nossos d\u00f3lares para importar gasolina, utiliza uma reserva que poderia ser gasta em outra coisa que de fato n\u00e3o produzimos internamente e que \u00e9 necess\u00e1rio importar, como equipamentos que utilizam tecnologia que n\u00e3o detemos internamente. E isso ainda interfere na nossa balan\u00e7a comercial: se a gente importa mais do que exporta, ficamos com deficit de \u201cd\u00f3lares\u201d.<\/p>\n<p>3. A privatiza\u00e7\u00e3o da Petrobras passar\u00e1 para o mercado controlar um ativo extremamente estrat\u00e9gico. O petr\u00f3leo atualmente \u00e9 o principal respons\u00e1vel pela gera\u00e7\u00e3o energ\u00e9tica no mundo, \u00e9 um produto barato em compara\u00e7\u00e3o com os demais e est\u00e1 \u2013 comprovadamente \u2013 no centro dos principais conflitos mundiais, uma vez que quem tem petr\u00f3leo hoje tem poder e seguran\u00e7a energ\u00e9tica. A entrega desse produto compromete nossa soberania nacional, nossa capacidade de desenvolvimento e a seguran\u00e7a de que teremos abastecimento em quantidade suficiente e a pre\u00e7os muitos parecidos do Oiapoque ao Chu\u00ed.<\/p>\n<p class=\"editor\">Edi\u00e7\u00e3o: Daniela Stefano<\/p>\n<\/div>\n<\/article>\n<footer id=\"page-footer\"><\/footer>\n","protected":false},"excerpt":{"rendered":"<p>No Brasil De Fato &#8211; Na semana passada, a dire\u00e7\u00e3o da Petrobras anunciou a venda de 60% das refinarias Presidente Get\u00falio Vargas (Repar-Paran\u00e1), Abreu e Lima (RNEST-Pernambuco), Landulpho Alves (RLAM-Bahia) e Alberto Pasqualini (Refap-Rio Grande do Sul). Se voc\u00ea n\u00e3o \u00e9 petroleiro e nem vive nenhum desses estados, talvez ache que essa not\u00edcia pouco impactar\u00e1&#8230;<a class=\"more-link\" href=\"http:\/\/blogdalucianaoliveira.com.br\/blog\/2018\/04\/30\/como-a-privatizacao-da-petrobras-pode-afetar-a-sua-vida\/\">Continue a leitura <span class=\"meta-nav\">&raquo;<\/span><\/a><\/p>\n","protected":false},"author":1,"featured_media":0,"comment_status":"closed","ping_status":"open","sticky":false,"template":"","format":"standard","meta":{"_exactmetrics_skip_tracking":false,"_exactmetrics_sitenote_active":false,"_exactmetrics_sitenote_note":"","_exactmetrics_sitenote_category":0,"jetpack_post_was_ever_published":false,"_jetpack_newsletter_access":"","_jetpack_dont_email_post_to_subs":false,"_jetpack_newsletter_tier_id":0,"_jetpack_memberships_contains_paywalled_content":false,"_jetpack_memberships_contains_paid_content":false,"footnotes":"","jetpack_publicize_message":"","jetpack_publicize_feature_enabled":true,"jetpack_social_post_already_shared":true,"jetpack_social_options":{"image_generator_settings":{"template":"highway","enabled":false},"version":2}},"categories":[1],"tags":[],"class_list":["post-17805","post","type-post","status-publish","format-standard","hentry","category-notas"],"jetpack_publicize_connections":[],"jetpack_sharing_enabled":true,"jetpack_featured_media_url":"","jetpack_shortlink":"https:\/\/wp.me\/p7wKYW-4Db","jetpack-related-posts":[],"_links":{"self":[{"href":"http:\/\/blogdalucianaoliveira.com.br\/blog\/wp-json\/wp\/v2\/posts\/17805","targetHints":{"allow":["GET"]}}],"collection":[{"href":"http:\/\/blogdalucianaoliveira.com.br\/blog\/wp-json\/wp\/v2\/posts"}],"about":[{"href":"http:\/\/blogdalucianaoliveira.com.br\/blog\/wp-json\/wp\/v2\/types\/post"}],"author":[{"embeddable":true,"href":"http:\/\/blogdalucianaoliveira.com.br\/blog\/wp-json\/wp\/v2\/users\/1"}],"replies":[{"embeddable":true,"href":"http:\/\/blogdalucianaoliveira.com.br\/blog\/wp-json\/wp\/v2\/comments?post=17805"}],"version-history":[{"count":1,"href":"http:\/\/blogdalucianaoliveira.com.br\/blog\/wp-json\/wp\/v2\/posts\/17805\/revisions"}],"predecessor-version":[{"id":17807,"href":"http:\/\/blogdalucianaoliveira.com.br\/blog\/wp-json\/wp\/v2\/posts\/17805\/revisions\/17807"}],"wp:attachment":[{"href":"http:\/\/blogdalucianaoliveira.com.br\/blog\/wp-json\/wp\/v2\/media?parent=17805"}],"wp:term":[{"taxonomy":"category","embeddable":true,"href":"http:\/\/blogdalucianaoliveira.com.br\/blog\/wp-json\/wp\/v2\/categories?post=17805"},{"taxonomy":"post_tag","embeddable":true,"href":"http:\/\/blogdalucianaoliveira.com.br\/blog\/wp-json\/wp\/v2\/tags?post=17805"}],"curies":[{"name":"wp","href":"https:\/\/api.w.org\/{rel}","templated":true}]}}