{"id":17808,"date":"2018-04-30T11:11:43","date_gmt":"2018-04-30T15:11:43","guid":{"rendered":"http:\/\/blogdalucianaoliveira.com.br\/blog\/?p=17808"},"modified":"2018-04-30T11:11:43","modified_gmt":"2018-04-30T15:11:43","slug":"nos-cidadaos-de-bem-nos-quem-cara-palida-quem-nomeou-voces","status":"publish","type":"post","link":"http:\/\/blogdalucianaoliveira.com.br\/blog\/2018\/04\/30\/nos-cidadaos-de-bem-nos-quem-cara-palida-quem-nomeou-voces\/","title":{"rendered":"\u201cN\u00d3S, CIDAD\u00c3OS DE BEM\u2026\u201d N\u00d3S QUEM?, CARA P\u00c1LIDA? QUEM NOMEOU VOC\u00caS?"},"content":{"rendered":"<p><img data-recalc-dims=\"1\" loading=\"lazy\" decoding=\"async\" data-attachment-id=\"17809\" data-permalink=\"http:\/\/blogdalucianaoliveira.com.br\/blog\/2018\/04\/30\/nos-cidadaos-de-bem-nos-quem-cara-palida-quem-nomeou-voces\/tiro\/\" data-orig-file=\"https:\/\/i0.wp.com\/blogdalucianaoliveira.com.br\/blog\/wp-content\/uploads\/2018\/04\/tiro.jpg?fit=1000%2C357\" data-orig-size=\"1000,357\" data-comments-opened=\"0\" data-image-meta=\"{&quot;aperture&quot;:&quot;0&quot;,&quot;credit&quot;:&quot;&quot;,&quot;camera&quot;:&quot;&quot;,&quot;caption&quot;:&quot;&quot;,&quot;created_timestamp&quot;:&quot;0&quot;,&quot;copyright&quot;:&quot;&quot;,&quot;focal_length&quot;:&quot;0&quot;,&quot;iso&quot;:&quot;0&quot;,&quot;shutter_speed&quot;:&quot;0&quot;,&quot;title&quot;:&quot;&quot;,&quot;orientation&quot;:&quot;0&quot;}\" data-image-title=\"tiro\" data-image-description=\"\" data-image-caption=\"\" data-medium-file=\"https:\/\/i0.wp.com\/blogdalucianaoliveira.com.br\/blog\/wp-content\/uploads\/2018\/04\/tiro.jpg?fit=300%2C107\" data-large-file=\"https:\/\/i0.wp.com\/blogdalucianaoliveira.com.br\/blog\/wp-content\/uploads\/2018\/04\/tiro.jpg?fit=600%2C214\" src=\"https:\/\/i0.wp.com\/blogdalucianaoliveira.com.br\/blog\/wp-content\/uploads\/2018\/04\/tiro.jpg?resize=600%2C214\" alt=\"tiro\" width=\"600\" height=\"214\" class=\"alignnone size-full wp-image-17809\" srcset=\"https:\/\/i0.wp.com\/blogdalucianaoliveira.com.br\/blog\/wp-content\/uploads\/2018\/04\/tiro.jpg?w=1000 1000w, https:\/\/i0.wp.com\/blogdalucianaoliveira.com.br\/blog\/wp-content\/uploads\/2018\/04\/tiro.jpg?resize=300%2C107 300w, https:\/\/i0.wp.com\/blogdalucianaoliveira.com.br\/blog\/wp-content\/uploads\/2018\/04\/tiro.jpg?resize=768%2C274 768w, https:\/\/i0.wp.com\/blogdalucianaoliveira.com.br\/blog\/wp-content\/uploads\/2018\/04\/tiro.jpg?resize=800%2C286 800w\" sizes=\"auto, (max-width: 600px) 100vw, 600px\" \/><\/p>\n<p>\u201cE ent\u00e3o, cad\u00ea o meu pr\u00eamio?\u201d, pergunta o \u201ccidad\u00e3o de bem\u201d, depois de executar quem estava diante de uma barraca de tiro-ao-alvo.<!--more--><\/p>\n<p>No Balaio do Ricardo Ktoscho &#8211; No meio deste feriad\u00e3o de 1\u00ba de maio, quem melhor resume o atual momento da trag\u00e9dia brasileira \u00e9 o chargista Jo\u00e3o Montanaro, na p\u00e1gina de opini\u00e3o da Folha.<\/p>\n<p>Voc\u00eas j\u00e1 devem ter reparado na profus\u00e3o dos autodenominados \u201ccidad\u00e3os de bem\u201d que se multiplicam nas redes sociais e nas colunas dos jornais, e que tamb\u00e9m se intitulam \u201cbrasileiros decentes\u201d.<\/p>\n<p>S\u00e3o bolsonaristas militantes, agroboys furiosos, emebeeles da \u201cescola sem partido\u201d, tucanos xiitas que ficaram \u00f3rf\u00e3os, adoradores de patos amarelos e de camisas da CBF, senhoras hist\u00e9ricas, motoqueiros com o escapamento aberto, atores de pornochanchadas e roqueiros decadentes, uma fauna variada que perdeu a mod\u00e9stia e tomou conta do palco do grande hosp\u00edcio nacional.<\/p>\n<p>Eram at\u00e9 outro dia apenas tipos folcl\u00f3ricos que batiam panelas e desfilavam com bab\u00e1s e cachorros pelas avenidas de olho nas c\u00e2meras de TV, mas agora se tornaram meliantes perigosos.<\/p>\n<p>De uns tempos para c\u00e1, resolveram argumentar com tiros de 9 mm, na certeza da impunidade garantida pelas chamadas autoridades constitu\u00eddas.<\/p>\n<p>Formam mil\u00edcias patri\u00f3ticas contra a \u201camea\u00e7a comunista\u201d, em defesa da fam\u00edlia e da propriedade.<\/p>\n<p>Quem os nomeou para exercer estes mandatos?<\/p>\n<p>Gostaria de saber tamb\u00e9m o que acham deles os auditores da Receita Federal respons\u00e1veis pela malha fina, os seus colegas de trabalho, seus familiares e vizinhos.<\/p>\n<p>Ser\u00e3o mesmo na vida real, estes cidad\u00e3os acima de qualquer suspeita, her\u00f3is da moralidade num pa\u00eds de corruptos?<\/p>\n<p>Pelo que conhe\u00e7o de alguns deles, a imagem p\u00fablica que querem aparentar n\u00e3o corresponde \u00e0 vida privada.<\/p>\n<p>Para estes beatos, sonegar n\u00e3o \u00e9 crime, embora este seja o tipo de corrup\u00e7\u00e3o mais praticado desde sempre pelos arautos da moralidade.<\/p>\n<p>\u201cN\u00e3o vou mesmo dar meu dinheiro para este governo sustentar vagabundos do Bolsa Fam\u00edlia com meus impostos\u201d, costumam argumentar.<\/p>\n<p>A internet os tirou do anonimato dos pijamas e das saunas dos clubes elegantes, e os promoveu a cruzados em busca de seguidores t\u00e3o fan\u00e1ticos quanto eles.<\/p>\n<p>Na falta de partidos, criam seitas que t\u00eam suas pr\u00f3prias leis e avan\u00e7am celeremente sobre os direitos dos outros, tratados como inimigos de classe.<\/p>\n<p>Por falar nisso, a quantas andam as investiga\u00e7\u00f5es sobre o fuzilamento da vereadora Marielle e do motorista Anderson, no Rio, e dos atentados a bala praticados no Paran\u00e1?<\/p>\n<p>Quantos mais precisam morrer para que a p\u00e1tria amada (n\u00e3o confundir com p\u00e1tria armada) tome uma provid\u00eancia enquanto \u00e9 tempo?<\/p>\n<p>Chegamos a um ponto de insanidade em que devemos temer n\u00e3o s\u00f3 os bandidos juramentados, as mil\u00edcias e as pol\u00edcias, mas agora igualmente a amea\u00e7a dos \u201ccidad\u00e3os de bem\u201d e seus ex\u00e9rcitos cibern\u00e9ticos.<\/p>\n<p>Vida que segue.<\/p>\n","protected":false},"excerpt":{"rendered":"<p>\u201cE ent\u00e3o, cad\u00ea o meu pr\u00eamio?\u201d, pergunta o \u201ccidad\u00e3o de bem\u201d, depois de executar quem estava diante de uma barraca de tiro-ao-alvo.<\/p>\n","protected":false},"author":1,"featured_media":0,"comment_status":"closed","ping_status":"open","sticky":false,"template":"","format":"standard","meta":{"_exactmetrics_skip_tracking":false,"_exactmetrics_sitenote_active":false,"_exactmetrics_sitenote_note":"","_exactmetrics_sitenote_category":0,"jetpack_post_was_ever_published":false,"_jetpack_newsletter_access":"","_jetpack_dont_email_post_to_subs":false,"_jetpack_newsletter_tier_id":0,"_jetpack_memberships_contains_paywalled_content":false,"_jetpack_memberships_contains_paid_content":false,"footnotes":"","jetpack_publicize_message":"","jetpack_publicize_feature_enabled":true,"jetpack_social_post_already_shared":true,"jetpack_social_options":{"image_generator_settings":{"template":"highway","enabled":false},"version":2}},"categories":[1],"tags":[],"class_list":["post-17808","post","type-post","status-publish","format-standard","hentry","category-notas"],"jetpack_publicize_connections":[],"jetpack_sharing_enabled":true,"jetpack_featured_media_url":"","jetpack_shortlink":"https:\/\/wp.me\/p7wKYW-4De","jetpack-related-posts":[],"_links":{"self":[{"href":"http:\/\/blogdalucianaoliveira.com.br\/blog\/wp-json\/wp\/v2\/posts\/17808","targetHints":{"allow":["GET"]}}],"collection":[{"href":"http:\/\/blogdalucianaoliveira.com.br\/blog\/wp-json\/wp\/v2\/posts"}],"about":[{"href":"http:\/\/blogdalucianaoliveira.com.br\/blog\/wp-json\/wp\/v2\/types\/post"}],"author":[{"embeddable":true,"href":"http:\/\/blogdalucianaoliveira.com.br\/blog\/wp-json\/wp\/v2\/users\/1"}],"replies":[{"embeddable":true,"href":"http:\/\/blogdalucianaoliveira.com.br\/blog\/wp-json\/wp\/v2\/comments?post=17808"}],"version-history":[{"count":1,"href":"http:\/\/blogdalucianaoliveira.com.br\/blog\/wp-json\/wp\/v2\/posts\/17808\/revisions"}],"predecessor-version":[{"id":17810,"href":"http:\/\/blogdalucianaoliveira.com.br\/blog\/wp-json\/wp\/v2\/posts\/17808\/revisions\/17810"}],"wp:attachment":[{"href":"http:\/\/blogdalucianaoliveira.com.br\/blog\/wp-json\/wp\/v2\/media?parent=17808"}],"wp:term":[{"taxonomy":"category","embeddable":true,"href":"http:\/\/blogdalucianaoliveira.com.br\/blog\/wp-json\/wp\/v2\/categories?post=17808"},{"taxonomy":"post_tag","embeddable":true,"href":"http:\/\/blogdalucianaoliveira.com.br\/blog\/wp-json\/wp\/v2\/tags?post=17808"}],"curies":[{"name":"wp","href":"https:\/\/api.w.org\/{rel}","templated":true}]}}