{"id":1782,"date":"2016-06-20T11:53:32","date_gmt":"2016-06-20T15:53:32","guid":{"rendered":"http:\/\/blogdalucianaoliveira.com.br\/blog\/?p=1782"},"modified":"2016-06-20T11:53:32","modified_gmt":"2016-06-20T15:53:32","slug":"o-ateismo-de-jesus-na-vida-politica-brasileira","status":"publish","type":"post","link":"http:\/\/blogdalucianaoliveira.com.br\/blog\/2016\/06\/20\/o-ateismo-de-jesus-na-vida-politica-brasileira\/","title":{"rendered":"O ate\u00edsmo de Jesus na vida pol\u00edtica brasileira"},"content":{"rendered":"<p><img data-recalc-dims=\"1\" loading=\"lazy\" decoding=\"async\" data-attachment-id=\"1783\" data-permalink=\"http:\/\/blogdalucianaoliveira.com.br\/blog\/2016\/06\/20\/o-ateismo-de-jesus-na-vida-politica-brasileira\/image-388\/\" data-orig-file=\"https:\/\/i0.wp.com\/blogdalucianaoliveira.com.br\/blog\/wp-content\/uploads\/2016\/06\/image.gif?fit=768%2C526\" data-orig-size=\"768,526\" data-comments-opened=\"0\" data-image-meta=\"{&quot;aperture&quot;:&quot;0&quot;,&quot;credit&quot;:&quot;&quot;,&quot;camera&quot;:&quot;&quot;,&quot;caption&quot;:&quot;&quot;,&quot;created_timestamp&quot;:&quot;0&quot;,&quot;copyright&quot;:&quot;&quot;,&quot;focal_length&quot;:&quot;0&quot;,&quot;iso&quot;:&quot;0&quot;,&quot;shutter_speed&quot;:&quot;0&quot;,&quot;title&quot;:&quot;&quot;,&quot;orientation&quot;:&quot;0&quot;}\" data-image-title=\"image\" data-image-description=\"\" data-image-caption=\"\" data-medium-file=\"https:\/\/i0.wp.com\/blogdalucianaoliveira.com.br\/blog\/wp-content\/uploads\/2016\/06\/image.gif?fit=300%2C205\" data-large-file=\"https:\/\/i0.wp.com\/blogdalucianaoliveira.com.br\/blog\/wp-content\/uploads\/2016\/06\/image.gif?fit=600%2C411\" src=\"https:\/\/i0.wp.com\/blogdalucianaoliveira.com.br\/blog\/wp-content\/uploads\/2016\/06\/image.gif?resize=600%2C411\" alt=\"image\" width=\"600\" height=\"411\" class=\"alignnone size-full wp-image-1783\" \/><\/p>\n<p>Por Eder Casagrande, colunista de religi\u00e3o do Cafezinho<\/p>\n<p>\u00c9 pr\u00f3prio do discurso conservador recorrer a Deus com o intuito de validar suas ideias diante do eleitorado.<!--more--><\/p>\n<p>Supostamente contra o poder celestial sobra pouco espa\u00e7o pra contesta\u00e7\u00e3o, e \u00e9 a\u00ed que mora a artimanha. Essa tentativa de sugestionar ao eleitor a que se aceite propostas de ordem duvidosa sem nenhum questionamento, \u00e0s vezes claramente insanas na perspectiva de quem olha de fora, muito se aproxima da t\u00e9cnica usada por pastores neopentecostais quando querem \u201cofertas\u201d gordas, no dinheiro ou no cart\u00e3o!<\/p>\n<p>Os pastores e suas coletas. Os pol\u00edticos e seus votos. Os pastores-pol\u00edticos e seus dinheiros e poderes.<\/p>\n<p>Lideran\u00e7as evang\u00e9licas agem com carisma nas comunidades onde pastoreiam, o que viabiliza a constru\u00e7\u00e3o de relacionamentos baseados no afeto e confian\u00e7a e que s\u00e3o sedimentados atrav\u00e9s das a\u00e7\u00f5es sociais para com os mais pobres. Adicione a essa receita o conforto psicol\u00f3gico e emocional proporcionado pelo acolhimento e pela no\u00e7\u00e3o de pertencimento que uma organiza\u00e7\u00e3o (religiosa ou n\u00e3o) \u00e9 capaz de promover. Tamb\u00e9m, \u00e9 claro, o al\u00edvio espiritual para os gemidos da exist\u00eancia, renovado a cada culto. E pra coroar esse processo de constru\u00e7\u00e3o psicossocial, h\u00e1 o reconhecimento da figura do pastor como uma refer\u00eancia \u00e9tica ante os diferentes aspectos da vida.<\/p>\n<p>Acontece que o tipo de subjetividade que esse arranjo constr\u00f3i pode acomodar perfeitamente o discurso conservador. N\u00e3o apenas pelos elementos citados, mas sobretudo pela dissemina\u00e7\u00e3o do medo \u2013 respaldado pela ignor\u00e2ncia \u2013 na mentalidade dos fi\u00e9is e seu uso frequente como moeda de troca, numa rela\u00e7\u00e3o de poder que o induz a barganhar os favores de Deus abrindo m\u00e3o de sua identidade e dinheiro. Quanto maior o medo, maior a submiss\u00e3o. Quanto mais submiss\u00e3o, maior aceita\u00e7\u00e3o a figuras que se colocam como paladinos da moral e dos bons costumes. Um dos motivos que explicam a simpatia por malafaias e bolsonaros. N\u00e3o \u00e0 toa se assemelharem na forma odiosa, taxativa, retr\u00f3grada e preconceituosa em seus discursos.<\/p>\n<p>Por outro lado, basta adotar uma postura cr\u00edtica em rela\u00e7\u00e3o ao arranjo conservador pra ser taxado de \u201csatanista devorador de criancinhas\u201d, \u201cpetralha\u201d, \u201ccomunista\u201d, \u201cbolivariano\u201d, \u201cesquerdista\u201d, e ter seu pensamento deslegitimado imediatamente. R\u00f3tulo nem um pouco sofisticado, mas que se mostrou vivificado desde que a direita soltou a franga.<\/p>\n<p>Vale dizer, que do ponto de vista da conscientiza\u00e7\u00e3o pol\u00edtica visando transforma\u00e7\u00e3o social, as a\u00e7\u00f5es sociais das organiza\u00e7\u00f5es evang\u00e9licas t\u00eam muitas limita\u00e7\u00f5es, mas se mostram inteiramente capazes de disputar o cora\u00e7\u00e3o e mente do eleitor-fiel diante da assist\u00eancia oferecida pelo Estado ou aquela feita pela esquerda organizada. Resta \u00e0 Dona Maria, com sua solid\u00e3o e velhice, recorrer a quem est\u00e1 perto pra atender suas necessidades corriqueiras, seja a cesta b\u00e1sica do m\u00eas ou a companhia pra ir ao m\u00e9dico. O Estado e os movimentos sociais parecem n\u00e3o conhec\u00ea-la pelo nome, assim como n\u00e3o s\u00e3o conhecidos, mas o pastor sim.<\/p>\n<p>Assim, a simbiose entre eleitor-fiel e seu l\u00edder espiritual aspirante a sumo sacerdote, e o ac\u00famulo de capital proveniente do d\u00edzimo e da isen\u00e7\u00e3o fiscal das igrejas, al\u00e9m do financiamento empresarial de campanha, vigente at\u00e9 as elei\u00e7\u00f5es passadas, chocou o ovo da serpente. A numerosa bancada evang\u00e9lica, escancaradamente conservadora, \u00e9 autora de propostas como o Estatuto da Fam\u00edlia (PL 6.583\/2013) que define como fam\u00edlia apenas \u201centidade familiar como o n\u00facleo social formado a partir da uni\u00e3o entre um homem e uma mulher, por meio de casamento ou uni\u00e3o est\u00e1vel, ou ainda por comunidade formada por qualquer dos pais e seus descendentes\u201d, em outras palavras, implica na proibi\u00e7\u00e3o da uni\u00e3o est\u00e1vel entre pessoas do mesmo sexo e os direitos adquiridos da\u00ed, como a ado\u00e7\u00e3o, por exemplo. S\u00e3o contra a legaliza\u00e7\u00e3o do aborto (mesmo nos casos de estupro comprovado), a favor da redu\u00e7\u00e3o da maioridade penal e contra a regula\u00e7\u00e3o da m\u00eddia. E a lista segue&#8230;<\/p>\n<p>As inclina\u00e7\u00f5es dos evang\u00e9licos na pol\u00edtica brasileira est\u00e3o bem claras. Ningu\u00e9m desconfia de seu amor por dinheiro, controle e poder. Mas eles s\u00e3o c\u00ednicos. Em nome de \u201cdeus\u201d e da \u201cfam\u00edlia tradicional brasileira\u201d, 93% da bancada votaram a favor do impeachment. O circo da vota\u00e7\u00e3o na C\u00e2mara foi acompanhado de refer\u00eancias b\u00edblicas como \u201cfeliz \u00e9 a na\u00e7\u00e3o cujo deus \u00e9 o senhor\u201d, \u201cao reino de Israel\u201d, e a que mais sintetiza o momento, \u201cque deus tenha miseric\u00f3rdia dessa na\u00e7\u00e3o\u201d, dita por Eduardo Cunha. Todas acompanhadas de um efusivo SIM favor\u00e1vel ao impedimento.<\/p>\n<p>Para esse deus-mercado, em que a Frente Parlamentar Evang\u00e9lica ergue altares nas igrejas e no congresso, o Jesus dos Evangelhos \u2013 aquele que chicoteou mercadores no templo e que criticou duramente \u00e0s elites pol\u00edticas do Estado teocr\u00e1tico israelense \u2013 \u00e9 completamente ateu!<\/p>\n","protected":false},"excerpt":{"rendered":"<p>Por Eder Casagrande, colunista de religi\u00e3o do Cafezinho \u00c9 pr\u00f3prio do discurso conservador recorrer a Deus com o intuito de validar suas ideias diante do eleitorado.<\/p>\n","protected":false},"author":1,"featured_media":0,"comment_status":"closed","ping_status":"open","sticky":false,"template":"","format":"standard","meta":{"_exactmetrics_skip_tracking":false,"_exactmetrics_sitenote_active":false,"_exactmetrics_sitenote_note":"","_exactmetrics_sitenote_category":0,"jetpack_post_was_ever_published":false,"_jetpack_newsletter_access":"","_jetpack_dont_email_post_to_subs":false,"_jetpack_newsletter_tier_id":0,"_jetpack_memberships_contains_paywalled_content":false,"_jetpack_memberships_contains_paid_content":false,"footnotes":"","jetpack_publicize_message":"","jetpack_publicize_feature_enabled":true,"jetpack_social_post_already_shared":true,"jetpack_social_options":{"image_generator_settings":{"template":"highway","enabled":false},"version":2}},"categories":[1],"tags":[],"class_list":["post-1782","post","type-post","status-publish","format-standard","hentry","category-notas"],"jetpack_publicize_connections":[],"jetpack_sharing_enabled":true,"jetpack_featured_media_url":"","jetpack_shortlink":"https:\/\/wp.me\/p7wKYW-sK","jetpack-related-posts":[],"_links":{"self":[{"href":"http:\/\/blogdalucianaoliveira.com.br\/blog\/wp-json\/wp\/v2\/posts\/1782","targetHints":{"allow":["GET"]}}],"collection":[{"href":"http:\/\/blogdalucianaoliveira.com.br\/blog\/wp-json\/wp\/v2\/posts"}],"about":[{"href":"http:\/\/blogdalucianaoliveira.com.br\/blog\/wp-json\/wp\/v2\/types\/post"}],"author":[{"embeddable":true,"href":"http:\/\/blogdalucianaoliveira.com.br\/blog\/wp-json\/wp\/v2\/users\/1"}],"replies":[{"embeddable":true,"href":"http:\/\/blogdalucianaoliveira.com.br\/blog\/wp-json\/wp\/v2\/comments?post=1782"}],"version-history":[{"count":1,"href":"http:\/\/blogdalucianaoliveira.com.br\/blog\/wp-json\/wp\/v2\/posts\/1782\/revisions"}],"predecessor-version":[{"id":1784,"href":"http:\/\/blogdalucianaoliveira.com.br\/blog\/wp-json\/wp\/v2\/posts\/1782\/revisions\/1784"}],"wp:attachment":[{"href":"http:\/\/blogdalucianaoliveira.com.br\/blog\/wp-json\/wp\/v2\/media?parent=1782"}],"wp:term":[{"taxonomy":"category","embeddable":true,"href":"http:\/\/blogdalucianaoliveira.com.br\/blog\/wp-json\/wp\/v2\/categories?post=1782"},{"taxonomy":"post_tag","embeddable":true,"href":"http:\/\/blogdalucianaoliveira.com.br\/blog\/wp-json\/wp\/v2\/tags?post=1782"}],"curies":[{"name":"wp","href":"https:\/\/api.w.org\/{rel}","templated":true}]}}