{"id":17822,"date":"2018-05-02T16:21:51","date_gmt":"2018-05-02T20:21:51","guid":{"rendered":"http:\/\/blogdalucianaoliveira.com.br\/blog\/?p=17822"},"modified":"2018-05-02T16:48:52","modified_gmt":"2018-05-02T20:48:52","slug":"governador-promete-pensar-sobre-sancao-a-projeto-do-executivo-que-cria-conselho-lgbt-aprovado-na-assembleia","status":"publish","type":"post","link":"http:\/\/blogdalucianaoliveira.com.br\/blog\/2018\/05\/02\/governador-promete-pensar-sobre-sancao-a-projeto-do-executivo-que-cria-conselho-lgbt-aprovado-na-assembleia\/","title":{"rendered":"GOVERNADOR PROMETE \u2018PENSAR\u2019 SOBRE SAN\u00c7\u00c3O A PROJETO DO EXECUTIVO QUE CRIA CONSELHO LGBT APROVADO NA ASSEMBLEIA"},"content":{"rendered":"<p><img data-recalc-dims=\"1\" loading=\"lazy\" decoding=\"async\" data-attachment-id=\"17824\" data-permalink=\"http:\/\/blogdalucianaoliveira.com.br\/blog\/2018\/05\/02\/governador-promete-pensar-sobre-sancao-a-projeto-do-executivo-que-cria-conselho-lgbt-aprovado-na-assembleia\/lgb\/\" data-orig-file=\"https:\/\/i0.wp.com\/blogdalucianaoliveira.com.br\/blog\/wp-content\/uploads\/2018\/05\/lgb.jpg?fit=1080%2C810\" data-orig-size=\"1080,810\" data-comments-opened=\"0\" data-image-meta=\"{&quot;aperture&quot;:&quot;0&quot;,&quot;credit&quot;:&quot;&quot;,&quot;camera&quot;:&quot;&quot;,&quot;caption&quot;:&quot;&quot;,&quot;created_timestamp&quot;:&quot;0&quot;,&quot;copyright&quot;:&quot;&quot;,&quot;focal_length&quot;:&quot;0&quot;,&quot;iso&quot;:&quot;0&quot;,&quot;shutter_speed&quot;:&quot;0&quot;,&quot;title&quot;:&quot;&quot;,&quot;orientation&quot;:&quot;0&quot;}\" data-image-title=\"lgb\" data-image-description=\"\" data-image-caption=\"\" data-medium-file=\"https:\/\/i0.wp.com\/blogdalucianaoliveira.com.br\/blog\/wp-content\/uploads\/2018\/05\/lgb.jpg?fit=300%2C225\" data-large-file=\"https:\/\/i0.wp.com\/blogdalucianaoliveira.com.br\/blog\/wp-content\/uploads\/2018\/05\/lgb.jpg?fit=600%2C450\" src=\"https:\/\/i0.wp.com\/blogdalucianaoliveira.com.br\/blog\/wp-content\/uploads\/2018\/05\/lgb.jpg?resize=600%2C450\" alt=\"lgb\" width=\"600\" height=\"450\" class=\"alignnone size-full wp-image-17824\" srcset=\"https:\/\/i0.wp.com\/blogdalucianaoliveira.com.br\/blog\/wp-content\/uploads\/2018\/05\/lgb.jpg?w=1080 1080w, https:\/\/i0.wp.com\/blogdalucianaoliveira.com.br\/blog\/wp-content\/uploads\/2018\/05\/lgb.jpg?resize=300%2C225 300w, https:\/\/i0.wp.com\/blogdalucianaoliveira.com.br\/blog\/wp-content\/uploads\/2018\/05\/lgb.jpg?resize=768%2C576 768w, https:\/\/i0.wp.com\/blogdalucianaoliveira.com.br\/blog\/wp-content\/uploads\/2018\/05\/lgb.jpg?resize=1024%2C768 1024w, https:\/\/i0.wp.com\/blogdalucianaoliveira.com.br\/blog\/wp-content\/uploads\/2018\/05\/lgb.jpg?resize=400%2C300 400w\" sizes=\"auto, (max-width: 600px) 100vw, 600px\" \/><\/p>\n<p>O t\u00edtulo n\u00e3o exige muito esfor\u00e7o para entender que algo deu muito errado entre a propositura e aprova\u00e7\u00e3o do do PL 845\/17 que cria o Conselho Estadual de Pol\u00edticas P\u00fablicas e Direitos Humanos para a popula\u00e7\u00e3o de L\u00e9sbicas, Gays, Bissexuais, Travestis, Transexuais E Transg\u00eaneros (Lgbttt).<!--more--><\/p>\n<p><iframe loading=\"lazy\" src=\"https:\/\/www.facebook.com\/plugins\/video.php?href=https%3A%2F%2Fwww.facebook.com%2Fluciana.oliveira.75457%2Fvideos%2F1801473816595180%2F&#038;show_text=0&#038;width=560\" width=\"560\" height=\"315\" style=\"border:none;overflow:hidden\" scrolling=\"no\" frameborder=\"0\" allowTransparency=\"true\" allowFullScreen=\"true\"><\/iframe><\/p>\n<p><iframe loading=\"lazy\" src=\"https:\/\/www.facebook.com\/plugins\/video.php?href=https%3A%2F%2Fwww.facebook.com%2Fluciana.oliveira.75457%2Fvideos%2F1801446846597877%2F&#038;show_text=0&#038;width=560\" width=\"560\" height=\"315\" style=\"border:none;overflow:hidden\" scrolling=\"no\" frameborder=\"0\" allowTransparency=\"true\" allowFullScreen=\"true\"><\/iframe><\/p>\n<p>O di\u00e1logo que faltou com a sociedade de um modo geral, transformou uma mat\u00e9ria definida como meta do Conselho Nacional de Combate \u00e0 Discrimina\u00e7\u00e3o \u2013 CNCD, numa quest\u00e3o pol\u00eamica entre os poderes executivo e legislativo de Rond\u00f4nia.<\/p>\n<p><img data-recalc-dims=\"1\" loading=\"lazy\" decoding=\"async\" data-attachment-id=\"17825\" data-permalink=\"http:\/\/blogdalucianaoliveira.com.br\/blog\/2018\/05\/02\/governador-promete-pensar-sobre-sancao-a-projeto-do-executivo-que-cria-conselho-lgbt-aprovado-na-assembleia\/lb\/\" data-orig-file=\"https:\/\/i0.wp.com\/blogdalucianaoliveira.com.br\/blog\/wp-content\/uploads\/2018\/05\/lb.jpg?fit=1080%2C810\" data-orig-size=\"1080,810\" data-comments-opened=\"0\" data-image-meta=\"{&quot;aperture&quot;:&quot;0&quot;,&quot;credit&quot;:&quot;&quot;,&quot;camera&quot;:&quot;&quot;,&quot;caption&quot;:&quot;&quot;,&quot;created_timestamp&quot;:&quot;0&quot;,&quot;copyright&quot;:&quot;&quot;,&quot;focal_length&quot;:&quot;0&quot;,&quot;iso&quot;:&quot;0&quot;,&quot;shutter_speed&quot;:&quot;0&quot;,&quot;title&quot;:&quot;&quot;,&quot;orientation&quot;:&quot;0&quot;}\" data-image-title=\"lb\" data-image-description=\"\" data-image-caption=\"\" data-medium-file=\"https:\/\/i0.wp.com\/blogdalucianaoliveira.com.br\/blog\/wp-content\/uploads\/2018\/05\/lb.jpg?fit=300%2C225\" data-large-file=\"https:\/\/i0.wp.com\/blogdalucianaoliveira.com.br\/blog\/wp-content\/uploads\/2018\/05\/lb.jpg?fit=600%2C450\" src=\"https:\/\/i0.wp.com\/blogdalucianaoliveira.com.br\/blog\/wp-content\/uploads\/2018\/05\/lb.jpg?resize=600%2C450\" alt=\"lb\" width=\"600\" height=\"450\" class=\"alignnone size-full wp-image-17825\" srcset=\"https:\/\/i0.wp.com\/blogdalucianaoliveira.com.br\/blog\/wp-content\/uploads\/2018\/05\/lb.jpg?w=1080 1080w, https:\/\/i0.wp.com\/blogdalucianaoliveira.com.br\/blog\/wp-content\/uploads\/2018\/05\/lb.jpg?resize=300%2C225 300w, https:\/\/i0.wp.com\/blogdalucianaoliveira.com.br\/blog\/wp-content\/uploads\/2018\/05\/lb.jpg?resize=768%2C576 768w, https:\/\/i0.wp.com\/blogdalucianaoliveira.com.br\/blog\/wp-content\/uploads\/2018\/05\/lb.jpg?resize=1024%2C768 1024w, https:\/\/i0.wp.com\/blogdalucianaoliveira.com.br\/blog\/wp-content\/uploads\/2018\/05\/lb.jpg?resize=400%2C300 400w\" sizes=\"auto, (max-width: 600px) 100vw, 600px\" \/><\/p>\n<p>O governador Daniel Pereira (PSB) usou toda a manh\u00e3 e parte da tarde desta quarta-feira (02), ouvindo pastores de igrejas evang\u00e9licas e movimentos de defesa da popula\u00e7\u00e3o LGBTTT para decidir se sanciona o projeto aprovado por maioria dos deputados no \u00faltimo dia 25.<\/p>\n<p>Sem sombra de d\u00favidas, um gesto de muita boa vontade em dialogar com as partes em conflito.<\/p>\n<p><iframe loading=\"lazy\" src=\"https:\/\/www.facebook.com\/plugins\/video.php?href=https%3A%2F%2Fwww.facebook.com%2Fluciana.oliveira.75457%2Fvideos%2F1801680793241149%2F&#038;show_text=0&#038;width=560\" width=\"560\" height=\"315\" style=\"border:none;overflow:hidden\" scrolling=\"no\" frameborder=\"0\" allowTransparency=\"true\" allowFullScreen=\"true\"><\/iframe><\/p>\n<p>Na imprensa j\u00e1 circulam mat\u00e9rias anunciando o veto ao projeto como querem os deputados que votaram contra e representam apenas 1\/3 do parlamento, mas sem nenhuma garantia do governador.<\/p>\n<p>Na reuni\u00e3o com os movimentos que lutam pelo sancionamento do projeto, Daniel Pereira ouviu atentamente os argumentos e afirmou que tem plena consci\u00eancia do quanto os direitos dos LGBTTTs s\u00e3o amparados juridicamente.<\/p>\n<p>Al\u00e9m do embasamento jur\u00eddico, pois \u00e9 advogado, o governador \u00e9 filiado ao PSB, partido do campo democr\u00e1tico que assinou com outros 14 partidos a Carta Da Diversidade encaminhada ao Congresso Nacional em outubro de 2017.<\/p>\n<p>O problema \u00e9 que o ano \u00e9 eleitoral e Daniel est\u00e1 sob forte press\u00e3o pol\u00edtica de l\u00edderes evang\u00e9licos e dos deputados que fazem desta, uma pauta de natureza eleitoreira.<\/p>\n<p>No meio do fogo cruzado, o governador optou por pensar um pouco mais at\u00e9 decidir, por sorte num ambiente com os \u00e2nimos mais calmos.<\/p>\n<p>N\u00e3o disse que veta e menos ainda que sanciona, segundo ele, porque a Assembleia poderia \u2018desfazer\u2019 o que aprovou.<\/p>\n<p>Isso n\u00e3o \u00e9 poss\u00edvel, sendo o projeto de autoria do executivo e estando aprovado por maioria no legislativo.<\/p>\n<p>Adiar a decis\u00e3o pode s\u00f3 aumentar a press\u00e3o de ambos lados. <\/p>\n<p>N\u00e3o h\u00e1 d\u00favidas \u00e0 luz do ordenamento jur\u00eddico, mas a pol\u00eamica se instalou e se queriam impedir o debate pol\u00edtico o ex-governador Conf\u00facio Moura n\u00e3o deveria ter encaminhado o PL e o presidente da Assembleia Legislativa, Maur\u00e3o de Carvalho, poderia ter adiado colocar em pauta.<\/p>\n<p>Sobrou para o atual governador \u2018consertar\u2019 a situa\u00e7\u00e3o que desenvolveu um conflito com vi\u00e9s religioso e que afeta direitos humanos.<\/p>\n<p>\u201cEu n\u00e3o vou criar uma situa\u00e7\u00e3o pol\u00edtica e n\u00e3o resolver problema nenhum. A minha inten\u00e7\u00e3o era resolver isso o mais r\u00e1pido poss\u00edvel. Poderia resolver isso hoje, mas como eu tenho tempo eu vou pensar um pouco mais. O meu lado humano e o meu lado jur\u00eddico me dizem pra sancionar. Agora, tamb\u00e9m n\u00e3o vou s\u00f3 sancionar sem preocupa\u00e7\u00e3o com o conflito humano\u201d, disse.<\/p>\n<p><iframe loading=\"lazy\" src=\"https:\/\/www.facebook.com\/plugins\/video.php?href=https%3A%2F%2Fwww.facebook.com%2Fluciana.oliveira.75457%2Fvideos%2F1801660513243177%2F&#038;show_text=0&#038;width=560\" width=\"560\" height=\"315\" style=\"border:none;overflow:hidden\" scrolling=\"no\" frameborder=\"0\" allowTransparency=\"true\" allowFullScreen=\"true\"><\/iframe><\/p>\n<p>Na ocasi\u00e3o, o governador empossou a advogada Ana Valeska, ativista dos direitos humanos, como membro do Mecanismo de Combate \u00c0 tortura do estado.<\/p>\n<p><img data-recalc-dims=\"1\" loading=\"lazy\" decoding=\"async\" data-attachment-id=\"17829\" data-permalink=\"http:\/\/blogdalucianaoliveira.com.br\/blog\/2018\/05\/02\/governador-promete-pensar-sobre-sancao-a-projeto-do-executivo-que-cria-conselho-lgbt-aprovado-na-assembleia\/9cc988d9-f0fc-471b-b311-5cc79a63207e\/\" data-orig-file=\"https:\/\/i0.wp.com\/blogdalucianaoliveira.com.br\/blog\/wp-content\/uploads\/2018\/05\/9CC988D9-F0FC-471B-B311-5CC79A63207E.jpeg?fit=3264%2C2448\" data-orig-size=\"3264,2448\" data-comments-opened=\"0\" data-image-meta=\"{&quot;aperture&quot;:&quot;2.2&quot;,&quot;credit&quot;:&quot;&quot;,&quot;camera&quot;:&quot;iPhone 6&quot;,&quot;caption&quot;:&quot;&quot;,&quot;created_timestamp&quot;:&quot;1525269234&quot;,&quot;copyright&quot;:&quot;&quot;,&quot;focal_length&quot;:&quot;4.15&quot;,&quot;iso&quot;:&quot;80&quot;,&quot;shutter_speed&quot;:&quot;0.0333333333333&quot;,&quot;title&quot;:&quot;&quot;,&quot;orientation&quot;:&quot;1&quot;}\" data-image-title=\"9CC988D9-F0FC-471B-B311-5CC79A63207E\" data-image-description=\"\" data-image-caption=\"\" data-medium-file=\"https:\/\/i0.wp.com\/blogdalucianaoliveira.com.br\/blog\/wp-content\/uploads\/2018\/05\/9CC988D9-F0FC-471B-B311-5CC79A63207E.jpeg?fit=300%2C225\" data-large-file=\"https:\/\/i0.wp.com\/blogdalucianaoliveira.com.br\/blog\/wp-content\/uploads\/2018\/05\/9CC988D9-F0FC-471B-B311-5CC79A63207E.jpeg?fit=600%2C450\" src=\"https:\/\/i0.wp.com\/blogdalucianaoliveira.com.br\/blog\/wp-content\/uploads\/2018\/05\/9CC988D9-F0FC-471B-B311-5CC79A63207E.jpeg?resize=600%2C450\" alt=\"9CC988D9-F0FC-471B-B311-5CC79A63207E\" width=\"600\" height=\"450\" class=\"alignnone size-full wp-image-17829\" srcset=\"https:\/\/i0.wp.com\/blogdalucianaoliveira.com.br\/blog\/wp-content\/uploads\/2018\/05\/9CC988D9-F0FC-471B-B311-5CC79A63207E.jpeg?w=3264 3264w, https:\/\/i0.wp.com\/blogdalucianaoliveira.com.br\/blog\/wp-content\/uploads\/2018\/05\/9CC988D9-F0FC-471B-B311-5CC79A63207E.jpeg?resize=300%2C225 300w, https:\/\/i0.wp.com\/blogdalucianaoliveira.com.br\/blog\/wp-content\/uploads\/2018\/05\/9CC988D9-F0FC-471B-B311-5CC79A63207E.jpeg?resize=768%2C576 768w, https:\/\/i0.wp.com\/blogdalucianaoliveira.com.br\/blog\/wp-content\/uploads\/2018\/05\/9CC988D9-F0FC-471B-B311-5CC79A63207E.jpeg?resize=1024%2C768 1024w, https:\/\/i0.wp.com\/blogdalucianaoliveira.com.br\/blog\/wp-content\/uploads\/2018\/05\/9CC988D9-F0FC-471B-B311-5CC79A63207E.jpeg?resize=400%2C300 400w, https:\/\/i0.wp.com\/blogdalucianaoliveira.com.br\/blog\/wp-content\/uploads\/2018\/05\/9CC988D9-F0FC-471B-B311-5CC79A63207E.jpeg?w=1200 1200w, https:\/\/i0.wp.com\/blogdalucianaoliveira.com.br\/blog\/wp-content\/uploads\/2018\/05\/9CC988D9-F0FC-471B-B311-5CC79A63207E.jpeg?w=1800 1800w\" sizes=\"auto, (max-width: 600px) 100vw, 600px\" \/><\/p>\n","protected":false},"excerpt":{"rendered":"<p>O t\u00edtulo n\u00e3o exige muito esfor\u00e7o para entender que algo deu muito errado entre a propositura e aprova\u00e7\u00e3o do do PL 845\/17 que cria o Conselho Estadual de Pol\u00edticas P\u00fablicas e Direitos Humanos para a popula\u00e7\u00e3o de L\u00e9sbicas, Gays, Bissexuais, Travestis, Transexuais E Transg\u00eaneros (Lgbttt).<\/p>\n","protected":false},"author":1,"featured_media":0,"comment_status":"closed","ping_status":"open","sticky":false,"template":"","format":"standard","meta":{"_exactmetrics_skip_tracking":false,"_exactmetrics_sitenote_active":false,"_exactmetrics_sitenote_note":"","_exactmetrics_sitenote_category":0,"jetpack_post_was_ever_published":false,"_jetpack_newsletter_access":"","_jetpack_dont_email_post_to_subs":false,"_jetpack_newsletter_tier_id":0,"_jetpack_memberships_contains_paywalled_content":false,"_jetpack_memberships_contains_paid_content":false,"footnotes":"","jetpack_publicize_message":"","jetpack_publicize_feature_enabled":true,"jetpack_social_post_already_shared":true,"jetpack_social_options":{"image_generator_settings":{"template":"highway","enabled":false},"version":2}},"categories":[1],"tags":[],"class_list":["post-17822","post","type-post","status-publish","format-standard","hentry","category-notas"],"jetpack_publicize_connections":[],"jetpack_sharing_enabled":true,"jetpack_featured_media_url":"","jetpack_shortlink":"https:\/\/wp.me\/p7wKYW-4Ds","jetpack-related-posts":[],"_links":{"self":[{"href":"http:\/\/blogdalucianaoliveira.com.br\/blog\/wp-json\/wp\/v2\/posts\/17822","targetHints":{"allow":["GET"]}}],"collection":[{"href":"http:\/\/blogdalucianaoliveira.com.br\/blog\/wp-json\/wp\/v2\/posts"}],"about":[{"href":"http:\/\/blogdalucianaoliveira.com.br\/blog\/wp-json\/wp\/v2\/types\/post"}],"author":[{"embeddable":true,"href":"http:\/\/blogdalucianaoliveira.com.br\/blog\/wp-json\/wp\/v2\/users\/1"}],"replies":[{"embeddable":true,"href":"http:\/\/blogdalucianaoliveira.com.br\/blog\/wp-json\/wp\/v2\/comments?post=17822"}],"version-history":[{"count":6,"href":"http:\/\/blogdalucianaoliveira.com.br\/blog\/wp-json\/wp\/v2\/posts\/17822\/revisions"}],"predecessor-version":[{"id":17831,"href":"http:\/\/blogdalucianaoliveira.com.br\/blog\/wp-json\/wp\/v2\/posts\/17822\/revisions\/17831"}],"wp:attachment":[{"href":"http:\/\/blogdalucianaoliveira.com.br\/blog\/wp-json\/wp\/v2\/media?parent=17822"}],"wp:term":[{"taxonomy":"category","embeddable":true,"href":"http:\/\/blogdalucianaoliveira.com.br\/blog\/wp-json\/wp\/v2\/categories?post=17822"},{"taxonomy":"post_tag","embeddable":true,"href":"http:\/\/blogdalucianaoliveira.com.br\/blog\/wp-json\/wp\/v2\/tags?post=17822"}],"curies":[{"name":"wp","href":"https:\/\/api.w.org\/{rel}","templated":true}]}}