{"id":17832,"date":"2018-05-03T08:57:58","date_gmt":"2018-05-03T12:57:58","guid":{"rendered":"http:\/\/blogdalucianaoliveira.com.br\/blog\/?p=17832"},"modified":"2018-05-03T08:57:58","modified_gmt":"2018-05-03T12:57:58","slug":"quando-governos-fracassam-no-direito-a-moradia-grandes-tragedias-acontecem-diz-onu-sobre-incendio-em-sp","status":"publish","type":"post","link":"http:\/\/blogdalucianaoliveira.com.br\/blog\/2018\/05\/03\/quando-governos-fracassam-no-direito-a-moradia-grandes-tragedias-acontecem-diz-onu-sobre-incendio-em-sp\/","title":{"rendered":"\u2018Quando governos fracassam no direito a moradia, grandes trag\u00e9dias acontecem\u2019, diz ONU sobre inc\u00eandio em SP"},"content":{"rendered":"<p><img data-recalc-dims=\"1\" loading=\"lazy\" decoding=\"async\" data-attachment-id=\"17833\" data-permalink=\"http:\/\/blogdalucianaoliveira.com.br\/blog\/2018\/05\/03\/quando-governos-fracassam-no-direito-a-moradia-grandes-tragedias-acontecem-diz-onu-sobre-incendio-em-sp\/incendio3-1-696x417\/\" data-orig-file=\"https:\/\/i0.wp.com\/blogdalucianaoliveira.com.br\/blog\/wp-content\/uploads\/2018\/05\/incendio3-1-696x417.jpg?fit=696%2C417\" data-orig-size=\"696,417\" data-comments-opened=\"0\" data-image-meta=\"{&quot;aperture&quot;:&quot;0&quot;,&quot;credit&quot;:&quot;&quot;,&quot;camera&quot;:&quot;&quot;,&quot;caption&quot;:&quot;&quot;,&quot;created_timestamp&quot;:&quot;0&quot;,&quot;copyright&quot;:&quot;&quot;,&quot;focal_length&quot;:&quot;0&quot;,&quot;iso&quot;:&quot;0&quot;,&quot;shutter_speed&quot;:&quot;0&quot;,&quot;title&quot;:&quot;&quot;,&quot;orientation&quot;:&quot;0&quot;}\" data-image-title=\"incendio3-1-696&amp;#215;417\" data-image-description=\"\" data-image-caption=\"\" data-medium-file=\"https:\/\/i0.wp.com\/blogdalucianaoliveira.com.br\/blog\/wp-content\/uploads\/2018\/05\/incendio3-1-696x417.jpg?fit=300%2C180\" data-large-file=\"https:\/\/i0.wp.com\/blogdalucianaoliveira.com.br\/blog\/wp-content\/uploads\/2018\/05\/incendio3-1-696x417.jpg?fit=600%2C359\" src=\"https:\/\/i0.wp.com\/blogdalucianaoliveira.com.br\/blog\/wp-content\/uploads\/2018\/05\/incendio3-1-696x417.jpg?resize=600%2C359\" alt=\"incendio3-1-696x417\" width=\"600\" height=\"359\" class=\"alignnone size-full wp-image-17833\" srcset=\"https:\/\/i0.wp.com\/blogdalucianaoliveira.com.br\/blog\/wp-content\/uploads\/2018\/05\/incendio3-1-696x417.jpg?resize=696%2C417 696w, https:\/\/i0.wp.com\/blogdalucianaoliveira.com.br\/blog\/wp-content\/uploads\/2018\/05\/incendio3-1-696x417.jpg?resize=300%2C180 300w, https:\/\/i0.wp.com\/blogdalucianaoliveira.com.br\/blog\/wp-content\/uploads\/2018\/05\/incendio3-1-696x417.jpg?resize=501%2C300 501w\" sizes=\"auto, (max-width: 600px) 100vw, 600px\" \/><\/p>\n<p>Na BBC &#8211; Para a relatora especial da ONU para o Direito \u00e0 Moradia Adequada, o colapso do pr\u00e9dio de 24 andares, ocupado por 150 fam\u00edlias ap\u00f3s quase duas d\u00e9cadas de abandono, mostra que \u201ca rela\u00e7\u00e3o entre a falta de moradia e a morte \u00e9 muito pr\u00f3xima\u201d. \u201c\u00c9 isso o que tiramos deste epis\u00f3dio: quando governos em n\u00edvel federal e local fracassam em implementar o direito de moradia, grandes trag\u00e9dias e mortes acontecem.\u201d<!--more--><\/p>\n<p>As Na\u00e7\u00f5es Unidas classificam a moradia como um direito universal e cobram de pa\u00edses para que garantam esta prerrogativa a todos os seus cidad\u00e3os. Mas, para a especialista, que roda o mundo fiscalizando se na\u00e7\u00f5es cumprem ou n\u00e3o a regra, o debate n\u00e3o deve ser reduzido a \u201chabita\u00e7\u00e3o popular versus mercado\u201d.<\/p>\n<p>Citando exemplos de parcerias bem-sucedidas entre governos e empres\u00e1rios na \u00cdndia, Farha defende regula\u00e7\u00e3o sobre construtoras (\u201ch\u00e1 muita corrup\u00e7\u00e3o e no Brasil isso \u00e9 especialmente grande\u201d) e limites de lucros em determinadas \u00e1reas (\u201ce que o excedente seja destinado a fundos ou verbas destinadas \u00e0 constru\u00e7\u00e3o de casas\u201d).<\/p>\n<p>Sobre a pol\u00eamica da cobran\u00e7a de supostas mensalidades de at\u00e9 R$ 400 aos sem-teto, classifica a ideia como \u201cinteressante\u201d, mas diz que ela s\u00f3 funciona se houver mecanismos de presta\u00e7\u00f5es de contas transparentes por movimentos de moradia e fiscaliza\u00e7\u00e3o.<\/p>\n<p>\u201cA maioria das pessoas quer sentir que est\u00e1 pagando pelo que tem, que n\u00e3o est\u00e1 recebendo de gra\u00e7a\u201d, avalia. A discuss\u00e3o, ela alerta, tamb\u00e9m vale para os propriet\u00e1rios e inquilinos tradicionais. \u201cV\u00e1rios propriet\u00e1rios de apartamentos cobram alugu\u00e9is caros, mas oferecem espeluncas aos inquilinos, a quem muitas vezes n\u00e3o resta alternativa.\u201d<\/p>\n<p>A mais alta autoridade das Na\u00e7\u00f5es Unidas para assuntos de moradia e popula\u00e7\u00f5es sem-teto, a advogada canadense Leilani Farha diz que o inc\u00eandio que derrubou o edif\u00edcio Wilton Paes de Almeida no centro de S\u00e3o Paulo no \u00faltimo dia 1\u00ba de maio causa tristeza, mas n\u00e3o surpresa.<\/p>\n<p>Com Informa\u00e7\u00f5es da BBC Brasil<\/p>\n","protected":false},"excerpt":{"rendered":"<p>Na BBC &#8211; Para a relatora especial da ONU para o Direito \u00e0 Moradia Adequada, o colapso do pr\u00e9dio de 24 andares, ocupado por 150 fam\u00edlias ap\u00f3s quase duas d\u00e9cadas de abandono, mostra que \u201ca rela\u00e7\u00e3o entre a falta de moradia e a morte \u00e9 muito pr\u00f3xima\u201d. \u201c\u00c9 isso o que tiramos deste epis\u00f3dio: quando&#8230;<a class=\"more-link\" href=\"http:\/\/blogdalucianaoliveira.com.br\/blog\/2018\/05\/03\/quando-governos-fracassam-no-direito-a-moradia-grandes-tragedias-acontecem-diz-onu-sobre-incendio-em-sp\/\">Continue a leitura <span class=\"meta-nav\">&raquo;<\/span><\/a><\/p>\n","protected":false},"author":1,"featured_media":0,"comment_status":"closed","ping_status":"open","sticky":false,"template":"","format":"standard","meta":{"_exactmetrics_skip_tracking":false,"_exactmetrics_sitenote_active":false,"_exactmetrics_sitenote_note":"","_exactmetrics_sitenote_category":0,"jetpack_post_was_ever_published":false,"_jetpack_newsletter_access":"","_jetpack_dont_email_post_to_subs":false,"_jetpack_newsletter_tier_id":0,"_jetpack_memberships_contains_paywalled_content":false,"_jetpack_memberships_contains_paid_content":false,"footnotes":"","jetpack_publicize_message":"","jetpack_publicize_feature_enabled":true,"jetpack_social_post_already_shared":true,"jetpack_social_options":{"image_generator_settings":{"template":"highway","enabled":false},"version":2}},"categories":[1],"tags":[],"class_list":["post-17832","post","type-post","status-publish","format-standard","hentry","category-notas"],"jetpack_publicize_connections":[],"jetpack_sharing_enabled":true,"jetpack_featured_media_url":"","jetpack_shortlink":"https:\/\/wp.me\/p7wKYW-4DC","jetpack-related-posts":[],"_links":{"self":[{"href":"http:\/\/blogdalucianaoliveira.com.br\/blog\/wp-json\/wp\/v2\/posts\/17832","targetHints":{"allow":["GET"]}}],"collection":[{"href":"http:\/\/blogdalucianaoliveira.com.br\/blog\/wp-json\/wp\/v2\/posts"}],"about":[{"href":"http:\/\/blogdalucianaoliveira.com.br\/blog\/wp-json\/wp\/v2\/types\/post"}],"author":[{"embeddable":true,"href":"http:\/\/blogdalucianaoliveira.com.br\/blog\/wp-json\/wp\/v2\/users\/1"}],"replies":[{"embeddable":true,"href":"http:\/\/blogdalucianaoliveira.com.br\/blog\/wp-json\/wp\/v2\/comments?post=17832"}],"version-history":[{"count":1,"href":"http:\/\/blogdalucianaoliveira.com.br\/blog\/wp-json\/wp\/v2\/posts\/17832\/revisions"}],"predecessor-version":[{"id":17834,"href":"http:\/\/blogdalucianaoliveira.com.br\/blog\/wp-json\/wp\/v2\/posts\/17832\/revisions\/17834"}],"wp:attachment":[{"href":"http:\/\/blogdalucianaoliveira.com.br\/blog\/wp-json\/wp\/v2\/media?parent=17832"}],"wp:term":[{"taxonomy":"category","embeddable":true,"href":"http:\/\/blogdalucianaoliveira.com.br\/blog\/wp-json\/wp\/v2\/categories?post=17832"},{"taxonomy":"post_tag","embeddable":true,"href":"http:\/\/blogdalucianaoliveira.com.br\/blog\/wp-json\/wp\/v2\/tags?post=17832"}],"curies":[{"name":"wp","href":"https:\/\/api.w.org\/{rel}","templated":true}]}}