{"id":17838,"date":"2018-05-03T09:36:12","date_gmt":"2018-05-03T13:36:12","guid":{"rendered":"http:\/\/blogdalucianaoliveira.com.br\/blog\/?p=17838"},"modified":"2018-05-03T09:36:12","modified_gmt":"2018-05-03T13:36:12","slug":"nao-tenho-duvida-que-vai-para-o-inferno-diz-deputado-herminio-coelho-sobre-postura-de-marcos-rogerio","status":"publish","type":"post","link":"http:\/\/blogdalucianaoliveira.com.br\/blog\/2018\/05\/03\/nao-tenho-duvida-que-vai-para-o-inferno-diz-deputado-herminio-coelho-sobre-postura-de-marcos-rogerio\/","title":{"rendered":"\u2018N\u00e3o tenho d\u00favida que vai para o inferno\u2019, diz deputado Herm\u00ednio Coelho sobre postura de Marcos Rog\u00e9rio"},"content":{"rendered":"<p><img data-recalc-dims=\"1\" loading=\"lazy\" decoding=\"async\" data-attachment-id=\"17836\" data-permalink=\"http:\/\/blogdalucianaoliveira.com.br\/blog\/herm\/\" data-orig-file=\"https:\/\/i0.wp.com\/blogdalucianaoliveira.com.br\/blog\/wp-content\/uploads\/2018\/05\/herm.jpg?fit=700%2C467\" data-orig-size=\"700,467\" data-comments-opened=\"0\" data-image-meta=\"{&quot;aperture&quot;:&quot;0&quot;,&quot;credit&quot;:&quot;&quot;,&quot;camera&quot;:&quot;&quot;,&quot;caption&quot;:&quot;&quot;,&quot;created_timestamp&quot;:&quot;0&quot;,&quot;copyright&quot;:&quot;&quot;,&quot;focal_length&quot;:&quot;0&quot;,&quot;iso&quot;:&quot;0&quot;,&quot;shutter_speed&quot;:&quot;0&quot;,&quot;title&quot;:&quot;&quot;,&quot;orientation&quot;:&quot;1&quot;}\" data-image-title=\"herm\" data-image-description=\"\" data-image-caption=\"\" data-medium-file=\"https:\/\/i0.wp.com\/blogdalucianaoliveira.com.br\/blog\/wp-content\/uploads\/2018\/05\/herm.jpg?fit=300%2C200\" data-large-file=\"https:\/\/i0.wp.com\/blogdalucianaoliveira.com.br\/blog\/wp-content\/uploads\/2018\/05\/herm.jpg?fit=600%2C400\" class=\"alignnone size-full wp-image-17836\" src=\"https:\/\/i0.wp.com\/blogdalucianaoliveira.com.br\/blog\/wp-content\/uploads\/2018\/05\/herm.jpg?resize=600%2C400\" alt=\"herm\" width=\"600\" height=\"400\" srcset=\"https:\/\/i0.wp.com\/blogdalucianaoliveira.com.br\/blog\/wp-content\/uploads\/2018\/05\/herm.jpg?w=700 700w, https:\/\/i0.wp.com\/blogdalucianaoliveira.com.br\/blog\/wp-content\/uploads\/2018\/05\/herm.jpg?resize=300%2C200 300w, https:\/\/i0.wp.com\/blogdalucianaoliveira.com.br\/blog\/wp-content\/uploads\/2018\/05\/herm.jpg?resize=450%2C300 450w\" sizes=\"auto, (max-width: 600px) 100vw, 600px\" \/><\/p>\n<p>Porto Velho, RO \u2013 Na \u00faltima quarta-feira (02), o deputado estadual Herm\u00ednio Coelho (PCdoB) usou a tribuna da Assembleia Legislativa (ALE\/RO) para descrever a conduta do congressista Marcos Rog\u00e9rio, do DEM, que, ap\u00f3s aprova\u00e7\u00e3o do Conselho LGBTTT patrocinada pelo Legislativo, disparou cr\u00edticas ao parlamento regional atrav\u00e9s de v\u00eddeos na internet.<!--more--><\/p>\n<p>Assista ao pronunciamento<\/p>\n<div class=\"jetpack-video-wrapper\"><iframe loading=\"lazy\" title=\"\u2018N\u00e3o tenho d\u00favida que vai para o inferno\u2019, diz Herm\u00ednio Coelho sobre Marcos Rog\u00e9rio\" width=\"600\" height=\"338\" src=\"https:\/\/www.youtube.com\/embed\/0thu2-16hdc?feature=oembed\" frameborder=\"0\" allow=\"accelerometer; autoplay; clipboard-write; encrypted-media; gyroscope; picture-in-picture; web-share\" referrerpolicy=\"strict-origin-when-cross-origin\" allowfullscreen><\/iframe><\/div>\n<p>\u201cEnquanto tantas coisas acontecem neste Pa\u00eds, neste Estado e na cidade de Porto Velho, todo tipo de atrocidade contra o povo em termos de corrup\u00e7\u00e3o, perversidade, enfim, todo o caos que a popula\u00e7\u00e3o vem sofrendo, trabalhadores perdendo direitos e tudo o mais, n\u00e3o vejo a sociedade se manifestar\u201d, disse.<\/p>\n<p>Herm\u00ednio destacou, ainda, que uma simples discuss\u00e3o sobre a cria\u00e7\u00e3o de um conselho para debates de pol\u00edticas p\u00fablicas gera pol\u00eamica desnecess\u00e1ria em Rond\u00f4nia.<\/p>\n<p>&#8220;E o conselho deve ser criado para combater esse tipo de gente como o deputado [federal] Marcos Rog\u00e9rio, que para mim n\u00e3o tem moral nenhuma para falar de moralidade\u201d.<\/p>\n<p>Coelho entende que o colegiado \u00e9 um simples conselho, que j\u00e1 existe na esfera federal, regulamentado, agora, em Rond\u00f4nia \u2013 e sem or\u00e7amento.<\/p>\n<p>\u201cN\u00e3o custaria absolutamente nada para o Estado. Seria simplesmente para que os LGBTTT tenham pelo menos o direito de reclamar\u201d, anotou.<\/p>\n<p>O deputado ressaltou a intoler\u00e2ncia, o preconceito e o \u00f3dio que todos os envolvidos s\u00e3o obrigados a suportar por prega\u00e7\u00e3o de pessoas m\u00e1s, todos os dias.<\/p>\n<p>\u201cA maioria dos nossos crist\u00e3os, tanto cat\u00f3licos quanto evang\u00e9licos, n\u00e3o \u00e9 contra o conselho. Quem \u00e9 contra \u00e9 a minoria. Infelizmente uma minoria que tem poder de fazer barulho\u201d, asseverou.<\/p>\n<p>Em seguida, complementou:<\/p>\n<p>\u201cJesus Cristo fazia exatamente o contr\u00e1rio. Ele ficava ao lado dos que eram discriminados, dos que sofriam preconceito e persegui\u00e7\u00e3o\u201d.<\/p>\n<p>Para o inferno<\/p>\n<p>Na vis\u00e3o de Herm\u00ednio Coelho, evang\u00e9licos que agem dessa forma, \u201celementos tipo esse deputado Marcos Rog\u00e9rio, n\u00e3o tenho d\u00favida, ir\u00e3o para o inferno. N\u00e3o tenho nenhuma d\u00favida. Moralistas, gente ad\u00faltera, corrupta\u201d.<\/p>\n<p>Na reuni\u00e3o com os pastores, frisou Herm\u00ednio, Marcos Rog\u00e9rio deveria ter dito qual \u00e9 o milagre que fez para, na metade do mandato de deputado federal, adquirir um avi\u00e3o.<\/p>\n<p>\u201cEu tenho 18 anos de mandato somando vereador e deputado estadual, inclusive as presid\u00eancias tanto na C\u00e2mara quanto na Assembleia, e n\u00e3o tenho avi\u00e3o, n\u00e3o tenho fazenda\u201d.<\/p>\n<p>O deputado quer que Marcos Rog\u00e9rio explique \u00e0 sociedade por que apoiou Eduardo Cunha [ex-presidente da C\u00e2mara Federal, preso] e agia como seu \u201cmenino de recados\u201d.<\/p>\n<p>Por fim, destacou:<\/p>\n<p>\u201cEle deveria falar para os pastores que abastece o avi\u00e3o, que inclusive n\u00e3o est\u00e1 no nome dele, mas abastece com a verba indenizat\u00f3ria da C\u00e2mara dos Deputados l\u00e1 no aeroporto de Ji-Paran\u00e1. Como voc\u00ea tem um avi\u00e3o em nome de laranja e o abastece com combust\u00edvel atrav\u00e9s da verba indenizat\u00f3ria?\u201d, questionou.<\/p>\n<p>Autor \/ Fonte: Rondoniadinamica<\/p>\n","protected":false},"excerpt":{"rendered":"<p>Porto Velho, RO \u2013 Na \u00faltima quarta-feira (02), o deputado estadual Herm\u00ednio Coelho (PCdoB) usou a tribuna da Assembleia Legislativa (ALE\/RO) para descrever a conduta do congressista Marcos Rog\u00e9rio, do DEM, que, ap\u00f3s aprova\u00e7\u00e3o do Conselho LGBTTT patrocinada pelo Legislativo, disparou cr\u00edticas ao parlamento regional atrav\u00e9s de v\u00eddeos na internet.<\/p>\n","protected":false},"author":1,"featured_media":0,"comment_status":"closed","ping_status":"open","sticky":false,"template":"","format":"standard","meta":{"_exactmetrics_skip_tracking":false,"_exactmetrics_sitenote_active":false,"_exactmetrics_sitenote_note":"","_exactmetrics_sitenote_category":0,"jetpack_post_was_ever_published":false,"_jetpack_newsletter_access":"","_jetpack_dont_email_post_to_subs":false,"_jetpack_newsletter_tier_id":0,"_jetpack_memberships_contains_paywalled_content":false,"_jetpack_memberships_contains_paid_content":false,"footnotes":"","jetpack_publicize_message":"","jetpack_publicize_feature_enabled":true,"jetpack_social_post_already_shared":true,"jetpack_social_options":{"image_generator_settings":{"template":"highway","enabled":false},"version":2}},"categories":[1],"tags":[],"class_list":["post-17838","post","type-post","status-publish","format-standard","hentry","category-notas"],"jetpack_publicize_connections":[],"jetpack_sharing_enabled":true,"jetpack_featured_media_url":"","jetpack_shortlink":"https:\/\/wp.me\/p7wKYW-4DI","jetpack-related-posts":[],"_links":{"self":[{"href":"http:\/\/blogdalucianaoliveira.com.br\/blog\/wp-json\/wp\/v2\/posts\/17838","targetHints":{"allow":["GET"]}}],"collection":[{"href":"http:\/\/blogdalucianaoliveira.com.br\/blog\/wp-json\/wp\/v2\/posts"}],"about":[{"href":"http:\/\/blogdalucianaoliveira.com.br\/blog\/wp-json\/wp\/v2\/types\/post"}],"author":[{"embeddable":true,"href":"http:\/\/blogdalucianaoliveira.com.br\/blog\/wp-json\/wp\/v2\/users\/1"}],"replies":[{"embeddable":true,"href":"http:\/\/blogdalucianaoliveira.com.br\/blog\/wp-json\/wp\/v2\/comments?post=17838"}],"version-history":[{"count":1,"href":"http:\/\/blogdalucianaoliveira.com.br\/blog\/wp-json\/wp\/v2\/posts\/17838\/revisions"}],"predecessor-version":[{"id":17840,"href":"http:\/\/blogdalucianaoliveira.com.br\/blog\/wp-json\/wp\/v2\/posts\/17838\/revisions\/17840"}],"wp:attachment":[{"href":"http:\/\/blogdalucianaoliveira.com.br\/blog\/wp-json\/wp\/v2\/media?parent=17838"}],"wp:term":[{"taxonomy":"category","embeddable":true,"href":"http:\/\/blogdalucianaoliveira.com.br\/blog\/wp-json\/wp\/v2\/categories?post=17838"},{"taxonomy":"post_tag","embeddable":true,"href":"http:\/\/blogdalucianaoliveira.com.br\/blog\/wp-json\/wp\/v2\/tags?post=17838"}],"curies":[{"name":"wp","href":"https:\/\/api.w.org\/{rel}","templated":true}]}}