{"id":17841,"date":"2018-05-03T11:59:26","date_gmt":"2018-05-03T15:59:26","guid":{"rendered":"http:\/\/blogdalucianaoliveira.com.br\/blog\/?p=17841"},"modified":"2018-05-03T13:02:25","modified_gmt":"2018-05-03T17:02:25","slug":"a-pressao-obscurantista-e-danosa-sobre-o-legislativo-e-executivo-de-rondonia","status":"publish","type":"post","link":"http:\/\/blogdalucianaoliveira.com.br\/blog\/2018\/05\/03\/a-pressao-obscurantista-e-danosa-sobre-o-legislativo-e-executivo-de-rondonia\/","title":{"rendered":"A press\u00e3o obscurantista e danosa sobre o legislativo e executivo de Rond\u00f4nia"},"content":{"rendered":"<p><img data-recalc-dims=\"1\" loading=\"lazy\" decoding=\"async\" data-attachment-id=\"17842\" data-permalink=\"http:\/\/blogdalucianaoliveira.com.br\/blog\/2018\/05\/03\/a-pressao-obscurantista-e-danosa-sobre-o-legislativo-e-executivo-de-rondonia\/pre-4\/\" data-orig-file=\"https:\/\/i0.wp.com\/blogdalucianaoliveira.com.br\/blog\/wp-content\/uploads\/2018\/05\/pre.jpg?fit=845%2C500\" data-orig-size=\"845,500\" data-comments-opened=\"0\" data-image-meta=\"{&quot;aperture&quot;:&quot;0&quot;,&quot;credit&quot;:&quot;&quot;,&quot;camera&quot;:&quot;&quot;,&quot;caption&quot;:&quot;&quot;,&quot;created_timestamp&quot;:&quot;0&quot;,&quot;copyright&quot;:&quot;&quot;,&quot;focal_length&quot;:&quot;0&quot;,&quot;iso&quot;:&quot;0&quot;,&quot;shutter_speed&quot;:&quot;0&quot;,&quot;title&quot;:&quot;&quot;,&quot;orientation&quot;:&quot;1&quot;}\" data-image-title=\"pre\" data-image-description=\"\" data-image-caption=\"\" data-medium-file=\"https:\/\/i0.wp.com\/blogdalucianaoliveira.com.br\/blog\/wp-content\/uploads\/2018\/05\/pre.jpg?fit=300%2C178\" data-large-file=\"https:\/\/i0.wp.com\/blogdalucianaoliveira.com.br\/blog\/wp-content\/uploads\/2018\/05\/pre.jpg?fit=600%2C355\" src=\"https:\/\/i0.wp.com\/blogdalucianaoliveira.com.br\/blog\/wp-content\/uploads\/2018\/05\/pre.jpg?resize=600%2C355\" alt=\"pre\" width=\"600\" height=\"355\" class=\"alignnone size-full wp-image-17842\" srcset=\"https:\/\/i0.wp.com\/blogdalucianaoliveira.com.br\/blog\/wp-content\/uploads\/2018\/05\/pre.jpg?w=845 845w, https:\/\/i0.wp.com\/blogdalucianaoliveira.com.br\/blog\/wp-content\/uploads\/2018\/05\/pre.jpg?resize=300%2C178 300w, https:\/\/i0.wp.com\/blogdalucianaoliveira.com.br\/blog\/wp-content\/uploads\/2018\/05\/pre.jpg?resize=768%2C454 768w, https:\/\/i0.wp.com\/blogdalucianaoliveira.com.br\/blog\/wp-content\/uploads\/2018\/05\/pre.jpg?resize=507%2C300 507w\" sizes=\"auto, (max-width: 600px) 100vw, 600px\" \/><\/p>\n<p>N\u00e3o \u00e9 \u00e0 toa que a Assembleia Legislativa de Rond\u00f4nia \u00e9 um museu de esc\u00e2ndalos.<br \/>\nDevia ter um aviso na entrada da galeria dos ex-presidentes sobre a imoralidade exposta.<br \/>\nTem deputados investigados, ex-presidi\u00e1rios, foragidos e na imin\u00eancia de pris\u00e3o.<\/p>\n<p>Mas, n\u00e3o \u00e9 s\u00f3 uma cole\u00e7\u00e3o de malfeitores que desmoraliza esse poder.<\/p>\n<p>Muitas decis\u00f5es irrespons\u00e1veis se alternam entre uma legislatura e outra.<!--more--><\/p>\n<p>Uma recente foi a que a autorizou o aumento do reservat\u00f3rio da usina de Santo Ant\u00f4nio, mesmo a empresa devendo condicionantes e compensa\u00e7\u00f5es ainda relativas ao licenciamento. Os deputados simplesmente ignoraram os impactos atuais e futuros em troca de esmola aos munic\u00edpios onde buscam apoio a seus projetos eleitorais.<\/p>\n<p>Esses caras dormem e acordam pensando onde podem faturar politicamente e n\u00e3o importa se o que decidem afronta as leis jur\u00eddicas e as leis da l\u00f3gica.<\/p>\n<p>S\u00e3o sofistas convictos e militantes e com tanta gula que n\u00e3o raras vezes \u2018comem bola\u2019.<\/p>\n<p>Foi assim quando aprovaram o projeto de lei do executivo que cria o Conselho Estadual de Pol\u00edticas P\u00fablicas e Direitos Humanos para a popula\u00e7\u00e3o de L\u00e9sbicas, Gays, Bissexuais, Travestis, Transexuais e Transg\u00eaneros (LGBTTT).<\/p>\n<p>Vi do in\u00edcio ao fim, ningu\u00e9m me contou sobre a vota\u00e7\u00e3o.<\/p>\n<p>O painel registrou a presen\u00e7a maci\u00e7a dos deputados quando foi aprovado requerimento de inclus\u00e3o na pauta.<\/p>\n<p>As comiss\u00f5es pertinentes emitiram parecer favor\u00e1vel \u00e0 emenda que garante vaga no Conselho \u00e0 Assembleia e ocorreram as duas vota\u00e7\u00f5es.<\/p>\n<p><em>\u201cArt 140<br \/>\n\u00a7 3\u00b0. A proposi\u00e7\u00e3o entrar\u00e1 em Ordem do Dia desde que em condi\u00e7\u00f5es regimentais, e com pareceres das Comiss\u00f5es a que foi distribu\u00edda.\u201d<\/em><\/p>\n<p>A sess\u00e3o extraordin\u00e1ria que \u2018bateu o prego e virou a ponta\u2019 foi simb\u00f3lica, conforme o artigo 218 do Regimento Interno da Casa. <\/p>\n<p>\u201cPelo processo simb\u00f3lico, o Presidente, ao anunciar a vota\u00e7\u00e3o de qualquer mat\u00e9ria, solicitar\u00e1 aos Deputados a favor da aprova\u00e7\u00e3o que permane\u00e7am como se encontram, que os contr\u00e1rios se manifestem, e proclamar\u00e1 o resultado dos votos. A manifesta\u00e7\u00e3o dos l\u00edderes representar\u00e1 o voto de seus liderados, permitida a declara\u00e7\u00e3o de voto.\u201d ( RE n\u00ba 167\/2009.) <\/p>\n<p>Tudo nos conformes.<br \/>\nExceto&#8230;<\/p>\n<p>Que ap\u00f3s proclamado o resultado, alguns deputados come\u00e7aram a se manifestar contrariamente. Se esconderam nos gabinetes e quando souberam da aprova\u00e7\u00e3o, retornaram para registrar voto contr\u00e1rio.<\/p>\n<p>Quem quiser acredite que se ocuparam de tarefas inadi\u00e1veis durante a vota\u00e7\u00e3o, mas o fato \u00e9 que houve qu\u00f3rum para aprova\u00e7\u00e3o.<\/p>\n<p>Agora, \u00e0 espera s\u00f3 da san\u00e7\u00e3o governamental, a turba fundamentalista pressiona pelo veto.<\/p>\n<p>O governador Daniel Pereira est\u00e1 num fogo cruzado entre evang\u00e9licos retardat\u00e1rios com seus \u2018argumentos\u2019 e as estat\u00edsticas que colocam Rond\u00f4nia em destaque no ranking de assassinatos de homossexuais e transg\u00eaneros.<\/p>\n<p>Est\u00e1 entre a promo\u00e7\u00e3o da igualdade e a promo\u00e7\u00e3o eleitoreira de um segmento religioso.<\/p>\n<p>Os deputados Anderson do Singeperon, Alex Redano e Adelino Follador contestam a vota\u00e7\u00e3o simb\u00f3lica. <\/p>\n<p>Como n\u00e3o podem mudar o resultado, restou pressionar o governo para desistir do projeto que encaminhou e foi aprovado.<\/p>\n<p>Eles dizem que a presen\u00e7a foi registrada, mas justo na hora da vota\u00e7\u00e3o se ausentaram do plen\u00e1rio.<\/p>\n<p>Quem prova a dist\u00e2ncia em que estavam, n\u00e3o importa.<\/p>\n<p>Esperneiam, porque seus currais eleitorais cobraram a falta de oposi\u00e7\u00e3o.<\/p>\n<p>Ali\u00e1s, n\u00e3o havia torcida contra na sess\u00e3o, s\u00f3 a favor.<\/p>\n<p>A minoria insatisfeita e sem apoiadores durante a vota\u00e7\u00e3o, quer impor sua vontade sobre um resultado aclamado por maioria e com torcida.<\/p>\n<p>No Portal da Transpar\u00eancia da ALE-RO, o PL 845 aparece como mat\u00e9ria \u2018n\u00e3o pol\u00eamica\u2019 e est\u00e1 correto.<br \/>\nO Conselho Nacional de Combate \u00e0 Discrimina\u00e7\u00e3o \u2013 CNCD, \u00e9 \u00f3rg\u00e3o colegiado, integrante da estrutura b\u00e1sica da Secretaria de Direitos Humanos da Presid\u00eancia da Rep\u00fablica (SDH\/PR) e elenca entre suas diretrizes:<\/p>\n<p><em>Art. 2\u00ba<br \/>\nX \u2013 Fomentar a cria\u00e7\u00e3o de Conselhos, Coordena\u00e7\u00f5es e Planos Estaduais voltados \u00e0 promo\u00e7\u00e3o de pol\u00edticas p\u00fablicas para a popula\u00e7\u00e3o LGBTTT.<\/em><\/p>\n<p><img data-recalc-dims=\"1\" loading=\"lazy\" decoding=\"async\" data-attachment-id=\"17843\" data-permalink=\"http:\/\/blogdalucianaoliveira.com.br\/blog\/2018\/05\/03\/a-pressao-obscurantista-e-danosa-sobre-o-legislativo-e-executivo-de-rondonia\/com-2\/\" data-orig-file=\"https:\/\/i0.wp.com\/blogdalucianaoliveira.com.br\/blog\/wp-content\/uploads\/2018\/05\/com.jpg?fit=960%2C784\" data-orig-size=\"960,784\" data-comments-opened=\"0\" data-image-meta=\"{&quot;aperture&quot;:&quot;0&quot;,&quot;credit&quot;:&quot;&quot;,&quot;camera&quot;:&quot;&quot;,&quot;caption&quot;:&quot;&quot;,&quot;created_timestamp&quot;:&quot;0&quot;,&quot;copyright&quot;:&quot;&quot;,&quot;focal_length&quot;:&quot;0&quot;,&quot;iso&quot;:&quot;0&quot;,&quot;shutter_speed&quot;:&quot;0&quot;,&quot;title&quot;:&quot;&quot;,&quot;orientation&quot;:&quot;0&quot;}\" data-image-title=\"com\" data-image-description=\"\" data-image-caption=\"\" data-medium-file=\"https:\/\/i0.wp.com\/blogdalucianaoliveira.com.br\/blog\/wp-content\/uploads\/2018\/05\/com.jpg?fit=300%2C245\" data-large-file=\"https:\/\/i0.wp.com\/blogdalucianaoliveira.com.br\/blog\/wp-content\/uploads\/2018\/05\/com.jpg?fit=600%2C490\" src=\"https:\/\/i0.wp.com\/blogdalucianaoliveira.com.br\/blog\/wp-content\/uploads\/2018\/05\/com.jpg?resize=600%2C490\" alt=\"com\" width=\"600\" height=\"490\" class=\"alignnone size-full wp-image-17843\" srcset=\"https:\/\/i0.wp.com\/blogdalucianaoliveira.com.br\/blog\/wp-content\/uploads\/2018\/05\/com.jpg?w=960 960w, https:\/\/i0.wp.com\/blogdalucianaoliveira.com.br\/blog\/wp-content\/uploads\/2018\/05\/com.jpg?resize=300%2C245 300w, https:\/\/i0.wp.com\/blogdalucianaoliveira.com.br\/blog\/wp-content\/uploads\/2018\/05\/com.jpg?resize=768%2C627 768w, https:\/\/i0.wp.com\/blogdalucianaoliveira.com.br\/blog\/wp-content\/uploads\/2018\/05\/com.jpg?resize=367%2C300 367w\" sizes=\"auto, (max-width: 600px) 100vw, 600px\" \/><\/p>\n<p>Com que embasamento n\u00e3o-confessional, o deputado Anderson do Singeperon que preside a Comiss\u00e3o de<br \/>\nEduca\u00e7\u00e3o e Cultura da Assembleia recomendou ao governador Daniel Pereira o veto, por seu voto contr\u00e1rio que n\u00e3o foi registrado?<\/p>\n<p>Abortar a cria\u00e7\u00e3o do Conselho insinuando nulidade ou com press\u00e3o de pastores evang\u00e9licos sobre o executivo, \u00e9 torpeza de car\u00e1ter por qualquer \u00e2ngulo que se olhe.<\/p>\n<p>Definitivamente, esses parlamentares atuam sob controle estranho e danoso ao poder legislativo.<br \/>\nResta saber se o executivo ceder\u00e1 \u00e0 press\u00e3o de t\u00e3o baixo n\u00edvel, em detrimento da Constitui\u00e7\u00e3o Federal e de todas os atos que dela emergem para promover a vida, a liberdade e a igualdade, sem distin\u00e7\u00e3o por cren\u00e7a ou sexo.<\/p>\n<p>Um governador do PSB, partido que foi perseguido e posto na clandestinidade durante a ditadura enquanto minoria, ir\u00e1 abandonar a minoria LGBTTT que figura nas estat\u00edsticas com 30% de aumento de assassinatos em 2017 e que agora sofre violento ataque fundamentalista?<\/p>\n<p><iframe loading=\"lazy\" src=\"https:\/\/www.facebook.com\/plugins\/video.php?href=https%3A%2F%2Fwww.facebook.com%2Fluciana.oliveira.75457%2Fvideos%2F1801680793241149%2F&#038;show_text=0&#038;width=560\" width=\"560\" height=\"315\" style=\"border:none;overflow:hidden\" scrolling=\"no\" frameborder=\"0\" allowTransparency=\"true\" allowFullScreen=\"true\"><\/iframe><\/p>\n","protected":false},"excerpt":{"rendered":"<p>N\u00e3o \u00e9 \u00e0 toa que a Assembleia Legislativa de Rond\u00f4nia \u00e9 um museu de esc\u00e2ndalos. Devia ter um aviso na entrada da galeria dos ex-presidentes sobre a imoralidade exposta. Tem deputados investigados, ex-presidi\u00e1rios, foragidos e na imin\u00eancia de pris\u00e3o. Mas, n\u00e3o \u00e9 s\u00f3 uma cole\u00e7\u00e3o de malfeitores que desmoraliza esse poder. Muitas decis\u00f5es irrespons\u00e1veis se&#8230;<a class=\"more-link\" href=\"http:\/\/blogdalucianaoliveira.com.br\/blog\/2018\/05\/03\/a-pressao-obscurantista-e-danosa-sobre-o-legislativo-e-executivo-de-rondonia\/\">Continue a leitura <span class=\"meta-nav\">&raquo;<\/span><\/a><\/p>\n","protected":false},"author":1,"featured_media":0,"comment_status":"closed","ping_status":"open","sticky":false,"template":"","format":"standard","meta":{"_exactmetrics_skip_tracking":false,"_exactmetrics_sitenote_active":false,"_exactmetrics_sitenote_note":"","_exactmetrics_sitenote_category":0,"jetpack_post_was_ever_published":false,"_jetpack_newsletter_access":"","_jetpack_dont_email_post_to_subs":false,"_jetpack_newsletter_tier_id":0,"_jetpack_memberships_contains_paywalled_content":false,"_jetpack_memberships_contains_paid_content":false,"footnotes":"","jetpack_publicize_message":"","jetpack_publicize_feature_enabled":true,"jetpack_social_post_already_shared":true,"jetpack_social_options":{"image_generator_settings":{"template":"highway","enabled":false},"version":2}},"categories":[1],"tags":[],"class_list":["post-17841","post","type-post","status-publish","format-standard","hentry","category-notas"],"jetpack_publicize_connections":[],"jetpack_sharing_enabled":true,"jetpack_featured_media_url":"","jetpack_shortlink":"https:\/\/wp.me\/p7wKYW-4DL","jetpack-related-posts":[],"_links":{"self":[{"href":"http:\/\/blogdalucianaoliveira.com.br\/blog\/wp-json\/wp\/v2\/posts\/17841","targetHints":{"allow":["GET"]}}],"collection":[{"href":"http:\/\/blogdalucianaoliveira.com.br\/blog\/wp-json\/wp\/v2\/posts"}],"about":[{"href":"http:\/\/blogdalucianaoliveira.com.br\/blog\/wp-json\/wp\/v2\/types\/post"}],"author":[{"embeddable":true,"href":"http:\/\/blogdalucianaoliveira.com.br\/blog\/wp-json\/wp\/v2\/users\/1"}],"replies":[{"embeddable":true,"href":"http:\/\/blogdalucianaoliveira.com.br\/blog\/wp-json\/wp\/v2\/comments?post=17841"}],"version-history":[{"count":4,"href":"http:\/\/blogdalucianaoliveira.com.br\/blog\/wp-json\/wp\/v2\/posts\/17841\/revisions"}],"predecessor-version":[{"id":17847,"href":"http:\/\/blogdalucianaoliveira.com.br\/blog\/wp-json\/wp\/v2\/posts\/17841\/revisions\/17847"}],"wp:attachment":[{"href":"http:\/\/blogdalucianaoliveira.com.br\/blog\/wp-json\/wp\/v2\/media?parent=17841"}],"wp:term":[{"taxonomy":"category","embeddable":true,"href":"http:\/\/blogdalucianaoliveira.com.br\/blog\/wp-json\/wp\/v2\/categories?post=17841"},{"taxonomy":"post_tag","embeddable":true,"href":"http:\/\/blogdalucianaoliveira.com.br\/blog\/wp-json\/wp\/v2\/tags?post=17841"}],"curies":[{"name":"wp","href":"https:\/\/api.w.org\/{rel}","templated":true}]}}