{"id":17854,"date":"2018-05-04T10:29:42","date_gmt":"2018-05-04T14:29:42","guid":{"rendered":"http:\/\/blogdalucianaoliveira.com.br\/blog\/?p=17854"},"modified":"2018-05-04T10:29:42","modified_gmt":"2018-05-04T14:29:42","slug":"a-confraria-do-assedio-sexual-em-rondonia-parte-ii","status":"publish","type":"post","link":"http:\/\/blogdalucianaoliveira.com.br\/blog\/2018\/05\/04\/a-confraria-do-assedio-sexual-em-rondonia-parte-ii\/","title":{"rendered":"A confraria do ass\u00e9dio sexual em Rond\u00f4nia \u2013 Parte II"},"content":{"rendered":"<p><img data-recalc-dims=\"1\" loading=\"lazy\" decoding=\"async\" data-attachment-id=\"17855\" data-permalink=\"http:\/\/blogdalucianaoliveira.com.br\/blog\/2018\/05\/04\/a-confraria-do-assedio-sexual-em-rondonia-parte-ii\/lobo\/\" data-orig-file=\"https:\/\/i0.wp.com\/blogdalucianaoliveira.com.br\/blog\/wp-content\/uploads\/2018\/05\/lobo.jpg?fit=700%2C700\" data-orig-size=\"700,700\" data-comments-opened=\"0\" data-image-meta=\"{&quot;aperture&quot;:&quot;0&quot;,&quot;credit&quot;:&quot;&quot;,&quot;camera&quot;:&quot;&quot;,&quot;caption&quot;:&quot;&quot;,&quot;created_timestamp&quot;:&quot;0&quot;,&quot;copyright&quot;:&quot;&quot;,&quot;focal_length&quot;:&quot;0&quot;,&quot;iso&quot;:&quot;0&quot;,&quot;shutter_speed&quot;:&quot;0&quot;,&quot;title&quot;:&quot;&quot;,&quot;orientation&quot;:&quot;1&quot;}\" data-image-title=\"lobo\" data-image-description=\"\" data-image-caption=\"\" data-medium-file=\"https:\/\/i0.wp.com\/blogdalucianaoliveira.com.br\/blog\/wp-content\/uploads\/2018\/05\/lobo.jpg?fit=300%2C300\" data-large-file=\"https:\/\/i0.wp.com\/blogdalucianaoliveira.com.br\/blog\/wp-content\/uploads\/2018\/05\/lobo.jpg?fit=600%2C600\" class=\"alignnone size-full wp-image-17855\" src=\"https:\/\/i0.wp.com\/blogdalucianaoliveira.com.br\/blog\/wp-content\/uploads\/2018\/05\/lobo.jpg?resize=600%2C600\" alt=\"lobo\" width=\"600\" height=\"600\" srcset=\"https:\/\/i0.wp.com\/blogdalucianaoliveira.com.br\/blog\/wp-content\/uploads\/2018\/05\/lobo.jpg?w=700 700w, https:\/\/i0.wp.com\/blogdalucianaoliveira.com.br\/blog\/wp-content\/uploads\/2018\/05\/lobo.jpg?resize=150%2C150 150w, https:\/\/i0.wp.com\/blogdalucianaoliveira.com.br\/blog\/wp-content\/uploads\/2018\/05\/lobo.jpg?resize=300%2C300 300w\" sizes=\"auto, (max-width: 600px) 100vw, 600px\" \/><\/p>\n<p><strong>Vis\u00e3o Perif\u00e9rica, por Vinicius Canova \u2013\u00a0<\/strong>Antes de iniciar este segundo cap\u00edtulo sobre o assunto quero deixar claro que, embora tenha batizado o conselho que d\u00e1 nome \u00e0 s\u00e9rie de artigos como a confraria do ass\u00e9dio sexual, de iniciais e membros min\u00fasculos, n\u00e3o me refiro ao tipo penal que exige a superioridade hier\u00e1rquica ou ascend\u00eancia laboral entre perpetrador e v\u00edtima para ser configurado.<!--more--><\/p>\n<p><strong>LEIA<\/strong><br \/>\n<a href=\"http:\/\/rondoniadinamica.com\/arquivo\/a-confraria-do-assedio-sexual-em-rondonia-parte-i,24331.shtml\" target=\"_blank\"><u><strong>A confraria do ass\u00e9dio sexual em Rond\u00f4nia \u2013 Parte I<\/strong><\/u><\/a><\/p>\n<p>O C\u00f3digo Penal tem v\u00e1rias serventias, e uma delas \u00e9 fazer com que os jurisconsultos se refestelem num banquete de suposta ignor\u00e2ncia t\u00e9cnica servido pela imprensa. N\u00e3o \u00e9 o caso. Minha inten\u00e7\u00e3o nunca foi essa. Esperem o meu vacilo para a sobremesa!<\/p>\n<p>Antes de o termo se tornar lei, completamente equivocada em suas limita\u00e7\u00f5es, a meu ver, diga-se de passagem,\u00a0 j\u00e1 era um conceito enraizado e ignorado pela sociedade brasileira.<\/p>\n<blockquote><p><strong>&#8220;Ass\u00e9dio sexual \u00e9 todo o comportamento indesejado de car\u00e1ter sexual, sob forma verbal, n\u00e3o verbal ou f\u00edsica, com o objetivo ou o efeito de perturbar ou constranger a pessoa, afetar a sua dignidade, ou de lhe criar um ambiente intimidativo, hostil, degradante, humilhante ou desestabilizador&#8221;.<\/strong><\/p><\/blockquote>\n<p>Por incr\u00edvel que pare\u00e7a, num pa\u00eds onde as mulheres s\u00e3o submetidas \u00e0s mais perversas viol\u00eancias f\u00edsicas e emocionais, n\u00e3o h\u00e1 dispositivo no ordenamento jur\u00eddico com o cond\u00e3o de cortar o mal pela raiz logo no in\u00edcio. O mais pr\u00f3ximo disso \u00e9 o disposto no art. 61 da Lei das Contraven\u00e7\u00f5es Penais (Decreto-lei n\u00ba\u00a03.688, de 3 de outubro de 1941), a importuna\u00e7\u00e3o ofensiva ao pudor. Na melhor das hip\u00f3teses o respons\u00e1vel pelo ato receber\u00e1 uma multa.\u00a0 Veja bem a data da normativa decr\u00e9pita.<\/p>\n<p>Interessante \u00e9 que, no in\u00edcio do s\u00e9culo passado, vigorava nos J\u00faris a tese da leg\u00edtima defesa da honra, onde o marido era absolvido ap\u00f3s assassinar a esposa para se redimir da cornitude perante a sociedade; se fosse o contr\u00e1rio, \u00e9 \u00f3bvio, n\u00e3o colava. Era, para todos os efeitos, um homic\u00eddio passional toler\u00e1vel pela sociedade machista. A frase &#8220;Quem ama n\u00e3o mata&#8221; mudou bastante o panorama de l\u00e1 para c\u00e1, embora tenhamos novos flagelos enquanto ainda conservamos tantos outros pr\u00e9-hist\u00f3ricos.<\/p>\n<p>\u00d3timo, sa\u00edmos do juridiqu\u00eas.<\/p>\n<p><strong>VEJA<br \/>\n<a href=\"http:\/\/www.rondoniadinamica.com\/arquivo\/desembargador-de-rondonia-faz-desabafo-sobre-machismo-e-pede-desculpas-publicas-a-propria-filha-por-silenciar-diante-de-situacao-vexatoria,24224.shtml\" target=\"_blank\"><u>Desembargador de Rond\u00f4nia faz desabafo sobre machismo e pede desculpas p\u00fablicas \u00e0 pr\u00f3pria filha por silenciar diante de situa\u00e7\u00e3o vexat\u00f3ria<\/u><\/a><\/strong><\/p>\n<p><strong>De volta \u00e0 confraria do ass\u00e9dio<\/strong><\/p>\n<p>O que aconteceu na livraria de Porto Velho? Por que um desembargador de Rond\u00f4nia se sentiu compelido a pedir desculpas publicamente \u00e0 sua filha pelo que ocorreu l\u00e1 para quem quisesse ver e ouvir? Vamos \u00e0s respostas.<\/p>\n<p>J\u00e1 adiantei na coluna\u00a0<strong>\u201cO Espectador\u201d<\/strong>\u00a0parte da situa\u00e7\u00e3o apresentando, pela primeira vez, a segunda v\u00edtima. Conversei com a advogada Eduarda Meyka, filha do magistrado em quest\u00e3o \u2013 a quem foi endere\u00e7ada a solicita\u00e7\u00e3o de perd\u00e3o.<\/p>\n<p><strong>E TAMB\u00c9M<br \/>\n<a href=\"https:\/\/oespectador.com\/2018\/05\/02\/quem-manda-no-detran-ro-alivio-nao-se-fala-mais-sobre-o-escandalo-da-ponte-o-desabafo-do-desembargador-e-os-bastidores-da-confraria-do-assedio\/\" target=\"_blank\"><u>Quem manda no Detran\/RO?; Al\u00edvio! N\u00e3o se fala mais sobre o esc\u00e2ndalo da ponte \u2013 o desabafo do desembargador e os bastidores da confraria do\u00a0ass\u00e9dio<\/u><\/a><\/strong><\/p>\n<p>A jovem Eduarda, repito, \u00e9 Formada em Direito pela Universidade Federal de Rond\u00f4nia (UNIR) e j\u00e1 concluiu o mestrado em Direitos Humanos pela Universidade de Alcal\u00e1, em Alcal\u00e1 de Henares, na Espanha.<\/p>\n<p>O ativismo fervilha em suas veias quando se v\u00ea diante de injusti\u00e7as e viola\u00e7\u00f5es de direitos \u2013 da\u00ed voc\u00ea passa a compreender parte do \u00edmpeto destemido que a fez irromper em saraivadas de questionamentos colocando a trupe coordenada pelo sexagen\u00e1rio homem ligado \u00e0 lei contra a parede; a outra parte \u2013 muito mais profunda \u2013 ser\u00e1 abordada no pr\u00f3ximo artigo.<\/p>\n<p>Ela estava do outro lado do recinto quando o conselho d\u00e9bil formado por quatro homens assistia a entrada da menina de 15 anos no empreendimento liter\u00e1rio.<\/p>\n<p>Adolescente em termos legais; uma crian\u00e7a para todos os outros efeitos. Assim que p\u00f4s os p\u00e9s na livraria, a mocinha, quieta e sem se manifestar do in\u00edcio ao fim da celeuma, passou a ser constrangida pelos min\u00fasculos conselheiros da confraria. Ecoou no ambiente: \u201cA filha do Renato\u00a0<strong>[nome fict\u00edcio]<\/strong>\u00a0\u00e9 gostosinha\u201d. A baba escorria pelos caninos amarelados do sujeito. E eles sabiam a idade da menina, segundo Eduarda.<\/p>\n<p>Todo mundo escutou.<\/p>\n<p>\u201cFiquei indignada! O pai da menina \u00e9 advogado. Ele cumprimentou esses caras e, logo em seguida, veio falar comigo. Eu relatei o que havia escutado e de longe eles olhavam e se questionavam sobre o que estava havendo. A\u00ed perguntaram para o Renato: \u2018O que \u00e9 que ela est\u00e1 dizendo?\u2019, fingindo que eu n\u00e3o existia\u201d.<\/p>\n<p>Ap\u00f3s a insist\u00eancia de Eduarda, o mais velho do grupo mentiu ao pai da crian\u00e7a: \u201cOlha&#8230; realmente eu acho sua filha bonita\u201d. Mas o que ele havia dito inicialmente n\u00e3o foi nem perto desse tom e muito menos com intuito elogioso.<\/p>\n<p>O pai, ressabiado com a propor\u00e7\u00e3o que as coisas haviam tomado e provavelmente com medo do of\u00edcio do cidad\u00e3o, tentou colocar panos quentes na situa\u00e7\u00e3o pedindo \u00e0 advogada: \u201cN\u00e3o, tudo bem. Ele \u00e9 um homem da lei, melhor deixar para l\u00e1!\u201d.<\/p>\n<p>Era n\u00edtido o temor de fazer a coisa certa e n\u00e3o se sabe ainda se por medo genu\u00edno ou respeito descabido.<\/p>\n<p>O coiote, homem da lei, l\u00edder das hienas risonhas e debochadas, chamou Renato\u00a0<strong>[lembre-se, o nome \u00e9 fict\u00edcio]<\/strong>\u00a0antes de cair fora. E a\u00ed veio o pior: a complac\u00eancia e a resigna\u00e7\u00e3o do pai.<\/p>\n<p>\u201cN\u00e3o se preocupe, eu sei que a minha filha \u00e9 gostosa mesmo\u201d, servindo-a de bandeja ao conglomerado abjeto.<\/p>\n<p>\u201cA\u00ed eu fiquei transtornada! Porque a pessoa que mais deveria defend\u00ea-la agiu da pior maneira poss\u00edvel. Eu imagino at\u00e9 agora a menina ouvindo isso do pr\u00f3prio pai, como ela se sentiu\u201d, relatou Eduarda.<\/p>\n<p>Ele foi pedir desculpas ao pai da mo\u00e7a, n\u00e3o para menina. O respeito, claro, s\u00f3 impera de homem para homem \u2013 ou voltado a hierarquias e cargos, como j\u00e1 pontuei.<\/p>\n<p>Eduarda Meyka n\u00e3o aceitou a omiss\u00e3o, a neglig\u00eancia e o fato de que a verdadeira v\u00edtima de tudo aquilo era ignorada, servia s\u00f3 como pano de fundo \u2013 e foi a partir disso que a mestra, ao quebrar a harmonia do grupelho molestador, passou \u00e0 condi\u00e7\u00e3o de perturbadora da ordem, um verdadeiro inc\u00f4modo a ser extirpado sumariamente.<\/p>\n<p>\u201cCome\u00e7ou, a\u00ed, um bate-boca entre n\u00f3s. Eles passaram a me ofender de todas as maneiras poss\u00edveis. Um deles chegou a relatar, em alto e bom som, para todo mundo ouvir, uma hist\u00f3ria em que havia se masturbado num restaurante olhando para duas meninas novinhas. E como a coisa come\u00e7ou a tomar dimens\u00f5es dr\u00e1sticas e perigosas, tive medo. Chamei meus pais. Veja bem: eram quatro homens me ofendendo e n\u00e3o havia uma \u00fanica pessoa alheia \u00e0 situa\u00e7\u00e3o que tivesse a dec\u00eancia e a coragem de se manifestar de forma contr\u00e1ria ao ocorrido\u201d.<\/p>\n<p>Na cabe\u00e7a doentia do argumentador, a ideia era \u00f3bvia: dizer que, no paralelo entre a masturba\u00e7\u00e3o no restaurante \u2013 que para ele n\u00e3o significou nada de mais \u2013 e a \u201cpequena\u201d discuss\u00e3o na livraria, tudo n\u00e3o passou de uma bobagem desencadeada pelo exagero da mulher impetuosa que n\u00e3o quis calar. A confraria virou o jogo: t\u00edpico!<\/p>\n<p>No terceiro e e provavelmente \u00faltimo texto (pode n\u00e3o ser) da s\u00e9rie a propor\u00e7\u00e3o do entrevero chega \u00e0s raias familiares \u00a0de Eduarda Meyka e suscita profunda autorreflex\u00e3o de seu pai.<\/p>\n<p><img data-recalc-dims=\"1\" decoding=\"async\" class=\"entry-thumb\" src=\"https:\/\/i0.wp.com\/www.rondoniadinamica.com\/uploads\/VINICIUS-PRONTO_30.jpg?w=600\" \/><\/p>\n<p><strong>Autor \/ Fonte: Vinicius Canova<\/strong><\/p>\n","protected":false},"excerpt":{"rendered":"<p>Vis\u00e3o Perif\u00e9rica, por Vinicius Canova \u2013\u00a0Antes de iniciar este segundo cap\u00edtulo sobre o assunto quero deixar claro que, embora tenha batizado o conselho que d\u00e1 nome \u00e0 s\u00e9rie de artigos como a confraria do ass\u00e9dio sexual, de iniciais e membros min\u00fasculos, n\u00e3o me refiro ao tipo penal que exige a superioridade hier\u00e1rquica ou ascend\u00eancia laboral&#8230;<a class=\"more-link\" href=\"http:\/\/blogdalucianaoliveira.com.br\/blog\/2018\/05\/04\/a-confraria-do-assedio-sexual-em-rondonia-parte-ii\/\">Continue a leitura <span class=\"meta-nav\">&raquo;<\/span><\/a><\/p>\n","protected":false},"author":1,"featured_media":0,"comment_status":"closed","ping_status":"open","sticky":false,"template":"","format":"standard","meta":{"_exactmetrics_skip_tracking":false,"_exactmetrics_sitenote_active":false,"_exactmetrics_sitenote_note":"","_exactmetrics_sitenote_category":0,"jetpack_post_was_ever_published":false,"_jetpack_newsletter_access":"","_jetpack_dont_email_post_to_subs":false,"_jetpack_newsletter_tier_id":0,"_jetpack_memberships_contains_paywalled_content":false,"_jetpack_memberships_contains_paid_content":false,"footnotes":"","jetpack_publicize_message":"","jetpack_publicize_feature_enabled":true,"jetpack_social_post_already_shared":true,"jetpack_social_options":{"image_generator_settings":{"template":"highway","enabled":false},"version":2}},"categories":[1],"tags":[],"class_list":["post-17854","post","type-post","status-publish","format-standard","hentry","category-notas"],"jetpack_publicize_connections":[],"jetpack_sharing_enabled":true,"jetpack_featured_media_url":"","jetpack_shortlink":"https:\/\/wp.me\/p7wKYW-4DY","jetpack-related-posts":[],"_links":{"self":[{"href":"http:\/\/blogdalucianaoliveira.com.br\/blog\/wp-json\/wp\/v2\/posts\/17854","targetHints":{"allow":["GET"]}}],"collection":[{"href":"http:\/\/blogdalucianaoliveira.com.br\/blog\/wp-json\/wp\/v2\/posts"}],"about":[{"href":"http:\/\/blogdalucianaoliveira.com.br\/blog\/wp-json\/wp\/v2\/types\/post"}],"author":[{"embeddable":true,"href":"http:\/\/blogdalucianaoliveira.com.br\/blog\/wp-json\/wp\/v2\/users\/1"}],"replies":[{"embeddable":true,"href":"http:\/\/blogdalucianaoliveira.com.br\/blog\/wp-json\/wp\/v2\/comments?post=17854"}],"version-history":[{"count":1,"href":"http:\/\/blogdalucianaoliveira.com.br\/blog\/wp-json\/wp\/v2\/posts\/17854\/revisions"}],"predecessor-version":[{"id":17856,"href":"http:\/\/blogdalucianaoliveira.com.br\/blog\/wp-json\/wp\/v2\/posts\/17854\/revisions\/17856"}],"wp:attachment":[{"href":"http:\/\/blogdalucianaoliveira.com.br\/blog\/wp-json\/wp\/v2\/media?parent=17854"}],"wp:term":[{"taxonomy":"category","embeddable":true,"href":"http:\/\/blogdalucianaoliveira.com.br\/blog\/wp-json\/wp\/v2\/categories?post=17854"},{"taxonomy":"post_tag","embeddable":true,"href":"http:\/\/blogdalucianaoliveira.com.br\/blog\/wp-json\/wp\/v2\/tags?post=17854"}],"curies":[{"name":"wp","href":"https:\/\/api.w.org\/{rel}","templated":true}]}}