{"id":17857,"date":"2018-05-04T10:41:55","date_gmt":"2018-05-04T14:41:55","guid":{"rendered":"http:\/\/blogdalucianaoliveira.com.br\/blog\/?p=17857"},"modified":"2018-05-04T10:41:55","modified_gmt":"2018-05-04T14:41:55","slug":"cartorios-planos-de-saude-e-estatais-bancam-sarau-de-magistrados","status":"publish","type":"post","link":"http:\/\/blogdalucianaoliveira.com.br\/blog\/2018\/05\/04\/cartorios-planos-de-saude-e-estatais-bancam-sarau-de-magistrados\/","title":{"rendered":"CART\u00d3RIOS, PLANOS DE SA\u00daDE E ESTATAIS BANCAM SARAU DE MAGISTRADOS"},"content":{"rendered":"<p><img data-recalc-dims=\"1\" loading=\"lazy\" decoding=\"async\" data-attachment-id=\"17858\" data-permalink=\"http:\/\/blogdalucianaoliveira.com.br\/blog\/2018\/05\/04\/cartorios-planos-de-saude-e-estatais-bancam-sarau-de-magistrados\/abm\/\" data-orig-file=\"https:\/\/i0.wp.com\/blogdalucianaoliveira.com.br\/blog\/wp-content\/uploads\/2018\/05\/abm.jpeg?fit=620%2C413\" data-orig-size=\"620,413\" data-comments-opened=\"0\" data-image-meta=\"{&quot;aperture&quot;:&quot;0&quot;,&quot;credit&quot;:&quot;&quot;,&quot;camera&quot;:&quot;&quot;,&quot;caption&quot;:&quot;&quot;,&quot;created_timestamp&quot;:&quot;0&quot;,&quot;copyright&quot;:&quot;&quot;,&quot;focal_length&quot;:&quot;0&quot;,&quot;iso&quot;:&quot;0&quot;,&quot;shutter_speed&quot;:&quot;0&quot;,&quot;title&quot;:&quot;&quot;,&quot;orientation&quot;:&quot;0&quot;}\" data-image-title=\"abm\" data-image-description=\"\" data-image-caption=\"\" data-medium-file=\"https:\/\/i0.wp.com\/blogdalucianaoliveira.com.br\/blog\/wp-content\/uploads\/2018\/05\/abm.jpeg?fit=300%2C200\" data-large-file=\"https:\/\/i0.wp.com\/blogdalucianaoliveira.com.br\/blog\/wp-content\/uploads\/2018\/05\/abm.jpeg?fit=600%2C400\" class=\"alignnone size-full wp-image-17858\" src=\"https:\/\/i0.wp.com\/blogdalucianaoliveira.com.br\/blog\/wp-content\/uploads\/2018\/05\/abm.jpeg?resize=600%2C400\" alt=\"abm\" width=\"600\" height=\"400\" srcset=\"https:\/\/i0.wp.com\/blogdalucianaoliveira.com.br\/blog\/wp-content\/uploads\/2018\/05\/abm.jpeg?w=620 620w, https:\/\/i0.wp.com\/blogdalucianaoliveira.com.br\/blog\/wp-content\/uploads\/2018\/05\/abm.jpeg?resize=300%2C200 300w, https:\/\/i0.wp.com\/blogdalucianaoliveira.com.br\/blog\/wp-content\/uploads\/2018\/05\/abm.jpeg?resize=450%2C300 450w\" sizes=\"auto, (max-width: 600px) 100vw, 600px\" \/><\/p>\n<p>No Balaio do Kotscho<!--more--><\/p>\n<p>Recebi do leitor Heraldo Campos a seguinte mensagem sobre o post anterior:<\/p>\n<p>\u201cPrezado Kotscho: Acho que o Brasil n\u00e3o t\u00e1 em ponto morto, n\u00e3o. T\u00e1 \u00e9 na banguela e ladeira abaixo, mas, mesmo assim, \u201cA esperan\u00e7a tem duas filhas lindas, a indigna\u00e7\u00e3o e a coragem; a indigna\u00e7\u00e3o nos ensina a n\u00e3o aceitar as coisas como est\u00e3o; a coragem, a mud\u00e1-las\u201d (Santo Agostinho).<\/p>\n<p>***<\/p>\n<p>A frase do santo enviada pelo leitor renovou minhas esperan\u00e7as, mas durou pouco.<\/p>\n<p>Ao abrir o computador, dou de cara com uma pequena nota no portal do jornal O Globo, que escracha o patrimonialismo triunfante na sociedade brasileira do andar de cima das corpora\u00e7\u00f5es.<\/p>\n<p>Na coluna \u201cPoder em Jogo\u201d, assinada por Lydia Medeiros, sob o t\u00edtulo \u201cSertanejo Jur\u00eddico\u201d, l\u00ea-se:<\/p>\n<p>\u201cA dupla sertaneja Maiara e Maraisa vai embalar o encerramento do 23\u00ba Congresso de Magistrados Brasileiros, organizado pela AMB, em Macei\u00f3.<\/p>\n<p>O evento \u00e9 patrocinado por uma associa\u00e7\u00e3o de cart\u00f3rios (Anoreg\/BR), pela Qualicorp, operadora de planos de sa\u00fade, e por duas estatais, a Caixa Econ\u00f4mica Federal e a Itaipu Binacional\u201d.<\/p>\n<p>Estranhei a presen\u00e7a dos cart\u00f3rios, uma jabuticaba patrimonialista brasileira que vem de tempos imperiais, e fui ao Google para saber o que \u00e9 Anoreg\/BR.<\/p>\n<p>Est\u00e1 l\u00e1, naquela linguagem pomposa dos cartor\u00e1rios:<\/p>\n<p>\u201cFundada em 04 do m\u00eas de maio de 1984, com sede na cidade de Bras\u00edlia-DF, ent\u00e3o ainda sob a denomina\u00e7\u00e3o de Associa\u00e7\u00e3o dos Titulares das Serventias Extrajudiciais do Brasil (ATEB), com intuito n\u00e3o econ\u00f4mico, passou a denominar-se Associa\u00e7\u00e3o dos Not\u00e1rios e Registradores do Brasil (ANOREG-BR), em 22 de novembro do ano de 1994, ap\u00f3s a promulga\u00e7\u00e3o da Lei n\u00ba 8935 de 18 de novembro de 1994, que regulamentou o artigo 236 da Constitui\u00e7\u00e3o Federal. \u00c9 regida pelo C\u00f3digo Civil brasileiro, pelas demais disposi\u00e7\u00f5es legais aplic\u00e1veis e pelo Estatuto\u201d.<\/p>\n<p>Entenderam? Parece at\u00e9 voto de ministro do STF. Gostei do detalhe: \u201ccom intuito n\u00e3o econ\u00f4mico\u201d. Se n\u00e3o \u00e9 econ\u00f4mico, ou seja, gerar mais renda para seus associados, ent\u00e3o qual \u00e9 o intuito? Alguma a\u00e7\u00e3o social de benemer\u00eancia?<\/p>\n<p>Quem j\u00e1 precisou registrar qualquer documento em cart\u00f3rio sabe do que estou falando. \u00c9 uma f\u00e1brica vital\u00edcia de dinheiro.<\/p>\n<p>Como cabe aos nobres magistrados, em diferentes inst\u00e2ncias, julgar a\u00e7\u00f5es envolvendo cart\u00f3rios, planos de sa\u00fade e estatais, pode-se perguntar: o que eles t\u00eam a ver com o Congresso da AMB?<\/p>\n<p>Talvez se encontre a resposta no v\u00eddeo promocional enviado aos participantes, em que as irm\u00e3s sertanejas Maiara e Maraisa cantam a m\u00fasica \u201cQuem ensinou fui eu\u201d:<\/p>\n<p>\u201cSe ele te beija gostoso\/<\/p>\n<p>D\u00e1 um amasso\/<\/p>\n<p>Quem ensinou fui eu\/<\/p>\n<p>Se ele faz a noite inteira\/<\/p>\n<p>Pede pra falar besteira\/<\/p>\n<p>Quem ensinou fui eu\/<\/p>\n<p>Quem ensinou fui eu\u201d.<\/p>\n<p>Santo Agostinho que me perdoe, mas t\u00e1 dif\u00edcil manter a esperan\u00e7a de vivermos um dia num pa\u00eds decente e justo. Haja indigna\u00e7\u00e3o e coragem.<\/p>\n<p>Vida que segue.<\/p>\n","protected":false},"excerpt":{"rendered":"<p>No Balaio do Kotscho<\/p>\n","protected":false},"author":1,"featured_media":0,"comment_status":"closed","ping_status":"open","sticky":false,"template":"","format":"standard","meta":{"_exactmetrics_skip_tracking":false,"_exactmetrics_sitenote_active":false,"_exactmetrics_sitenote_note":"","_exactmetrics_sitenote_category":0,"jetpack_post_was_ever_published":false,"_jetpack_newsletter_access":"","_jetpack_dont_email_post_to_subs":false,"_jetpack_newsletter_tier_id":0,"_jetpack_memberships_contains_paywalled_content":false,"_jetpack_memberships_contains_paid_content":false,"footnotes":"","jetpack_publicize_message":"","jetpack_publicize_feature_enabled":true,"jetpack_social_post_already_shared":true,"jetpack_social_options":{"image_generator_settings":{"template":"highway","enabled":false},"version":2}},"categories":[1],"tags":[],"class_list":["post-17857","post","type-post","status-publish","format-standard","hentry","category-notas"],"jetpack_publicize_connections":[],"jetpack_sharing_enabled":true,"jetpack_featured_media_url":"","jetpack_shortlink":"https:\/\/wp.me\/p7wKYW-4E1","jetpack-related-posts":[],"_links":{"self":[{"href":"http:\/\/blogdalucianaoliveira.com.br\/blog\/wp-json\/wp\/v2\/posts\/17857","targetHints":{"allow":["GET"]}}],"collection":[{"href":"http:\/\/blogdalucianaoliveira.com.br\/blog\/wp-json\/wp\/v2\/posts"}],"about":[{"href":"http:\/\/blogdalucianaoliveira.com.br\/blog\/wp-json\/wp\/v2\/types\/post"}],"author":[{"embeddable":true,"href":"http:\/\/blogdalucianaoliveira.com.br\/blog\/wp-json\/wp\/v2\/users\/1"}],"replies":[{"embeddable":true,"href":"http:\/\/blogdalucianaoliveira.com.br\/blog\/wp-json\/wp\/v2\/comments?post=17857"}],"version-history":[{"count":1,"href":"http:\/\/blogdalucianaoliveira.com.br\/blog\/wp-json\/wp\/v2\/posts\/17857\/revisions"}],"predecessor-version":[{"id":17859,"href":"http:\/\/blogdalucianaoliveira.com.br\/blog\/wp-json\/wp\/v2\/posts\/17857\/revisions\/17859"}],"wp:attachment":[{"href":"http:\/\/blogdalucianaoliveira.com.br\/blog\/wp-json\/wp\/v2\/media?parent=17857"}],"wp:term":[{"taxonomy":"category","embeddable":true,"href":"http:\/\/blogdalucianaoliveira.com.br\/blog\/wp-json\/wp\/v2\/categories?post=17857"},{"taxonomy":"post_tag","embeddable":true,"href":"http:\/\/blogdalucianaoliveira.com.br\/blog\/wp-json\/wp\/v2\/tags?post=17857"}],"curies":[{"name":"wp","href":"https:\/\/api.w.org\/{rel}","templated":true}]}}