{"id":17864,"date":"2018-05-04T10:55:04","date_gmt":"2018-05-04T14:55:04","guid":{"rendered":"http:\/\/blogdalucianaoliveira.com.br\/blog\/?p=17864"},"modified":"2018-05-04T10:57:08","modified_gmt":"2018-05-04T14:57:08","slug":"oabro-destaca-apoio-a-criacao-do-conselho-estadual-lgbttt","status":"publish","type":"post","link":"http:\/\/blogdalucianaoliveira.com.br\/blog\/2018\/05\/04\/oabro-destaca-apoio-a-criacao-do-conselho-estadual-lgbttt\/","title":{"rendered":"OAB\/RO destaca apoio \u00e0 cria\u00e7\u00e3o do Conselho Estadual LGBTTT"},"content":{"rendered":"<div class=\"row\">\n<div class=\"span9 noticia-single-conteudo\">\n<p><img data-recalc-dims=\"1\" loading=\"lazy\" decoding=\"async\" data-attachment-id=\"17865\" data-permalink=\"http:\/\/blogdalucianaoliveira.com.br\/blog\/2018\/05\/04\/oabro-destaca-apoio-a-criacao-do-conselho-estadual-lgbttt\/andrey-e-daniel-pereira\/\" data-orig-file=\"https:\/\/i0.wp.com\/blogdalucianaoliveira.com.br\/blog\/wp-content\/uploads\/2018\/05\/Andrey-e-Daniel-Pereira.jpeg?fit=1152%2C768\" data-orig-size=\"1152,768\" data-comments-opened=\"0\" data-image-meta=\"{&quot;aperture&quot;:&quot;0&quot;,&quot;credit&quot;:&quot;&quot;,&quot;camera&quot;:&quot;&quot;,&quot;caption&quot;:&quot;&quot;,&quot;created_timestamp&quot;:&quot;0&quot;,&quot;copyright&quot;:&quot;&quot;,&quot;focal_length&quot;:&quot;0&quot;,&quot;iso&quot;:&quot;0&quot;,&quot;shutter_speed&quot;:&quot;0&quot;,&quot;title&quot;:&quot;&quot;,&quot;orientation&quot;:&quot;0&quot;}\" data-image-title=\"Andrey-e-Daniel-Pereira\" data-image-description=\"\" data-image-caption=\"\" data-medium-file=\"https:\/\/i0.wp.com\/blogdalucianaoliveira.com.br\/blog\/wp-content\/uploads\/2018\/05\/Andrey-e-Daniel-Pereira.jpeg?fit=300%2C200\" data-large-file=\"https:\/\/i0.wp.com\/blogdalucianaoliveira.com.br\/blog\/wp-content\/uploads\/2018\/05\/Andrey-e-Daniel-Pereira.jpeg?fit=600%2C400\" class=\"alignnone size-full wp-image-17865\" src=\"https:\/\/i0.wp.com\/blogdalucianaoliveira.com.br\/blog\/wp-content\/uploads\/2018\/05\/Andrey-e-Daniel-Pereira.jpeg?resize=600%2C400\" alt=\"Andrey-e-Daniel-Pereira\" width=\"600\" height=\"400\" srcset=\"https:\/\/i0.wp.com\/blogdalucianaoliveira.com.br\/blog\/wp-content\/uploads\/2018\/05\/Andrey-e-Daniel-Pereira.jpeg?w=1152 1152w, https:\/\/i0.wp.com\/blogdalucianaoliveira.com.br\/blog\/wp-content\/uploads\/2018\/05\/Andrey-e-Daniel-Pereira.jpeg?resize=300%2C200 300w, https:\/\/i0.wp.com\/blogdalucianaoliveira.com.br\/blog\/wp-content\/uploads\/2018\/05\/Andrey-e-Daniel-Pereira.jpeg?resize=768%2C512 768w, https:\/\/i0.wp.com\/blogdalucianaoliveira.com.br\/blog\/wp-content\/uploads\/2018\/05\/Andrey-e-Daniel-Pereira.jpeg?resize=1024%2C683 1024w, https:\/\/i0.wp.com\/blogdalucianaoliveira.com.br\/blog\/wp-content\/uploads\/2018\/05\/Andrey-e-Daniel-Pereira.jpeg?resize=450%2C300 450w\" sizes=\"auto, (max-width: 600px) 100vw, 600px\" \/><\/p>\n<p>A Ordem dos Advogados do Brasil \u2013 Seccional Rond\u00f4nia (OAB\/RO), por meio das Comiss\u00f5es de Defesa dos Direitos Humanos e da Diversidade Sexual, manifesta seu apoio ao Projeto de Lei 845\/17. O PL cria o Conselho Estadual de Pol\u00edticas P\u00fablicas e Direitos Humanos para a popula\u00e7\u00e3o de L\u00e9sbicas, Gays, Bissexuais, Travestis, Transsexuais e Transg\u00eaneros (LGBTTT), aprovado pela Assembleia Legislativa de Rond\u00f4nia (ALE-RO) e que aguarda a san\u00e7\u00e3o do governador do estado, Daniel Pereira.<!--more--><\/p>\n<p>O Projeto de Lei, que tem gerado muita pol\u00eamica, discuss\u00e3o e oposi\u00e7\u00f5es de deputados, al\u00e9m de protestos de alguns setores confessionais \u2013 que se posicionam contr\u00e1ria \u00e0 sua implanta\u00e7\u00e3o \u2013 ainda precisa da san\u00e7\u00e3o do governador Daniel Pereira, para a efetiva\u00e7\u00e3o do conselho.<\/p>\n<p>A OAB\/RO destaca a import\u00e2ncia hist\u00f3rica referente \u00e0 aprova\u00e7\u00e3o e homologa\u00e7\u00e3o da Lei, que promover\u00e1 a defesa de direitos humanos para a popula\u00e7\u00e3o LGBTTT do estado.<\/p>\n<p>Para o presidente da OAB\/RO, Andrey Cavalcante, a institui\u00e7\u00e3o de um Conselho Estadual ser\u00e1 um importante avan\u00e7o e conquista social. \u201cA medida atender\u00e1 a uma antiga reivindica\u00e7\u00e3o da popula\u00e7\u00e3o LGBTTT e ainda reafirmar\u00e1 o compromisso do estado com os processos democr\u00e1ticos que permeiam a constru\u00e7\u00e3o da nossa sociedade civil\u201d.<\/p>\n<div id=\"attachment_60646\" class=\"wp-caption alignleft\">\n<p><a class=\"single_image\" href=\"https:\/\/i0.wp.com\/www.oab-ro.org.br\/core\/wp-content\/uploads\/2018\/05\/Rodolfo-Jacarand%25C3%25A1-e-Daniel-Pereria.jpeg\" rel=\"group1\"><img data-recalc-dims=\"1\" loading=\"lazy\" decoding=\"async\" class=\"wp-image-60646 size-medium\" src=\"https:\/\/i0.wp.com\/www.oab-ro.org.br\/core\/wp-content\/uploads\/2018\/05\/Rodolfo-Jacarand%25C3%25A1-e-Daniel-Pereria-300x225.jpeg?resize=300%2C225\" alt=\"\" width=\"300\" height=\"225\" \/><\/a><\/p>\n<p class=\"wp-caption-text\">Rodolfo Jacarand\u00e1 durante reuni\u00e3o com o governador Daniel Pereira<\/p>\n<\/div>\n<p>O representante da Seccional na Comiss\u00e3o Nacional de Direitos Humanos da OAB, Rodolfo Jacarand\u00e1, destaca que o Sistema OAB est\u00e1 unido para implementar a medida em todo o pa\u00eds. \u201cA aprova\u00e7\u00e3o e san\u00e7\u00e3o do PL 845\/17 \u00e9 uma demonstra\u00e7\u00e3o de concretude aos fundamentos de solidariedade, rep\u00fablica e democracia encampados pela Constitui\u00e7\u00e3o Federal de 1988, e a OAB ir\u00e1 defender rigorosamente que sejam cumpridos\u201d.<\/p>\n<p>A presidente da Comiss\u00e3o da Diversidade Sexual da OAB\/RO, Mar\u00edlia Benincasa Moro, ressalta que a cria\u00e7\u00e3o do Conselho \u00e9 uma forma de difundir educacional e socialmente o tema. \u201cSeguindo as premissas do Estado Democr\u00e1tico de Direito de assegurar os direitos civis a todo e qualquer cidad\u00e3o, independentemente de ra\u00e7a, credo e g\u00eanero ou orienta\u00e7\u00e3o sexual, alcan\u00e7aremos, sem d\u00favidas, a t\u00e3o almejada paz social\u201d.<\/p>\n<div id=\"attachment_60649\" class=\"wp-caption alignright\">\n<p><a class=\"single_image\" href=\"https:\/\/i0.wp.com\/www.oab-ro.org.br\/core\/wp-content\/uploads\/2018\/05\/Mar%25C3%25ADlia-Benincasa-Moro.jpg\" rel=\"group1\"><img data-recalc-dims=\"1\" loading=\"lazy\" decoding=\"async\" class=\"size-medium wp-image-60649\" src=\"https:\/\/i0.wp.com\/www.oab-ro.org.br\/core\/wp-content\/uploads\/2018\/05\/Mar%25C3%25ADlia-Benincasa-Moro-300x200.jpg?resize=300%2C200\" alt=\"\" width=\"300\" height=\"200\" \/><\/a><\/p>\n<p class=\"wp-caption-text\">Mar\u00edlia Benincasa Moro, presidente da Comiss\u00e3o da Diversidade Sexual da OAB\/RO<\/p>\n<\/div>\n<p>Segundo a vice-presidente da Comiss\u00e3o, Deniele Mendon\u00e7a, a aprova\u00e7\u00e3o do projeto \u201catende ao princ\u00edpio da dignidade da pessoa humana e demonstra muita disposi\u00e7\u00e3o para tornar efetivo o respeito aos cidad\u00e3os, independentemente da orienta\u00e7\u00e3o sexual e identidade de g\u00eanero que possuam\u201d.<\/p>\n<p>Para a secret\u00e1ria-geral da\u00a0Comiss\u00e3o da Diversidade Sexual, Ana Valeska, que acompanhou a vota\u00e7\u00e3o da PL e esteve presente na reuni\u00e3o na governadoria destacou a import\u00e2ncia da cria\u00e7\u00e3o do Conselho. \u201cO Conselho ter\u00e1 papel fundamental na delibera\u00e7\u00e3o de pol\u00edticas p\u00fablicas voltadas aos LGBTTT, ressaltando ainda que o Brasil \u00e9 signat\u00e1rio de tratados internacionais em defesa dos Direitos Humanos das minorias\u201d, disse.<\/p>\n<p><strong>Nome social<\/strong><br \/>\nEm defesa da promo\u00e7\u00e3o da cidadania e dos direitos humanos da popula\u00e7\u00e3o LGBTTT, o Conselho Federal da OAB aprovou por unanimidade, em 2016, a resolu\u00e7\u00e3o que autoriza advogados travestis e transexuais a utilizarem o nome social no registro da entidade e nas carteiras de identidade profissional expedidas pela Ordem.<\/p>\n<div id=\"attachment_57626\" class=\"wp-caption alignleft\">\n<p><a class=\"single_image\" href=\"https:\/\/i0.wp.com\/www.oab-ro.org.br\/core\/wp-content\/uploads\/2018\/02\/Andrey-e-Breno-de-Paula.jpeg\" rel=\"group1\"><img data-recalc-dims=\"1\" loading=\"lazy\" decoding=\"async\" class=\"size-medium wp-image-57626\" src=\"https:\/\/i0.wp.com\/www.oab-ro.org.br\/core\/wp-content\/uploads\/2018\/02\/Andrey-e-Breno-de-Paula-300x224.jpeg?resize=300%2C224\" alt=\"\" width=\"300\" height=\"224\" \/><\/a><\/p>\n<p class=\"wp-caption-text\">Andrey Cavalcante e o conselheiro federal Breno de Paula<\/p>\n<\/div>\n<p>De acordo com o conselheiro federal da OAB\/RO, Breno de Paula, relator da resolu\u00e7\u00e3o aprovada, a medida \u00e9 uma grande vit\u00f3ria para a sociedade. \u201cO nome social \u00e9 a forma pela qual travestis e transexuais escolhem ser chamados e \u00e9 diferente do nome de registro em cart\u00f3rios. A medida garante que os profissionais sejam tratados pelo nome social nos tribunais, al\u00e9m de facilitar a rela\u00e7\u00e3o com clientes\u201d.<\/p>\n<p>Breno \u00e9 conhecido nacionalmente como apoiador da causa, sendo um dos representantes do Sistema Ordem mais ativos em defesa dos direitos da popula\u00e7\u00e3o LGBTTT. \u201cDevemos considerar, sempre, que a dignidade da pessoa humana constitui um dos fundamentos da Rep\u00fablica Federativa do Brasil, estipulado no artigo 3\u00ba da Constitui\u00e7\u00e3o, a qual tem entre seus objetivos fundamentais construir uma sociedade livre, justa e solid\u00e1ria, al\u00e9m de promover o bem de todos, sem preconceitos de origem, ra\u00e7a, sexo, cor, idade e quaisquer outras formas de discrimina\u00e7\u00e3o\u201d, enfatiza.<\/p>\n<\/div>\n<\/div>\n<p>&nbsp;<\/p>\n<div class=\"row\">\n<div class=\"span9\"><span class=\"cuprum-b-16 black-71\">FONTE:\u00a0<\/span><span class=\"cuprum-b-16 black-71\">Ascom OAB\/RO<\/span><\/div>\n<\/div>\n<div class=\"row\"><\/div>\n","protected":false},"excerpt":{"rendered":"<p>A Ordem dos Advogados do Brasil \u2013 Seccional Rond\u00f4nia (OAB\/RO), por meio das Comiss\u00f5es de Defesa dos Direitos Humanos e da Diversidade Sexual, manifesta seu apoio ao Projeto de Lei 845\/17. O PL cria o Conselho Estadual de Pol\u00edticas P\u00fablicas e Direitos Humanos para a popula\u00e7\u00e3o de L\u00e9sbicas, Gays, Bissexuais, Travestis, Transsexuais e Transg\u00eaneros (LGBTTT),&#8230;<a class=\"more-link\" href=\"http:\/\/blogdalucianaoliveira.com.br\/blog\/2018\/05\/04\/oabro-destaca-apoio-a-criacao-do-conselho-estadual-lgbttt\/\">Continue a leitura <span class=\"meta-nav\">&raquo;<\/span><\/a><\/p>\n","protected":false},"author":1,"featured_media":0,"comment_status":"closed","ping_status":"open","sticky":false,"template":"","format":"standard","meta":{"_exactmetrics_skip_tracking":false,"_exactmetrics_sitenote_active":false,"_exactmetrics_sitenote_note":"","_exactmetrics_sitenote_category":0,"jetpack_post_was_ever_published":false,"_jetpack_newsletter_access":"","_jetpack_dont_email_post_to_subs":false,"_jetpack_newsletter_tier_id":0,"_jetpack_memberships_contains_paywalled_content":false,"_jetpack_memberships_contains_paid_content":false,"footnotes":"","jetpack_publicize_message":"","jetpack_publicize_feature_enabled":true,"jetpack_social_post_already_shared":true,"jetpack_social_options":{"image_generator_settings":{"template":"highway","enabled":false},"version":2}},"categories":[1],"tags":[],"class_list":["post-17864","post","type-post","status-publish","format-standard","hentry","category-notas"],"jetpack_publicize_connections":[],"jetpack_sharing_enabled":true,"jetpack_featured_media_url":"","jetpack_shortlink":"https:\/\/wp.me\/p7wKYW-4E8","jetpack-related-posts":[],"_links":{"self":[{"href":"http:\/\/blogdalucianaoliveira.com.br\/blog\/wp-json\/wp\/v2\/posts\/17864","targetHints":{"allow":["GET"]}}],"collection":[{"href":"http:\/\/blogdalucianaoliveira.com.br\/blog\/wp-json\/wp\/v2\/posts"}],"about":[{"href":"http:\/\/blogdalucianaoliveira.com.br\/blog\/wp-json\/wp\/v2\/types\/post"}],"author":[{"embeddable":true,"href":"http:\/\/blogdalucianaoliveira.com.br\/blog\/wp-json\/wp\/v2\/users\/1"}],"replies":[{"embeddable":true,"href":"http:\/\/blogdalucianaoliveira.com.br\/blog\/wp-json\/wp\/v2\/comments?post=17864"}],"version-history":[{"count":2,"href":"http:\/\/blogdalucianaoliveira.com.br\/blog\/wp-json\/wp\/v2\/posts\/17864\/revisions"}],"predecessor-version":[{"id":17867,"href":"http:\/\/blogdalucianaoliveira.com.br\/blog\/wp-json\/wp\/v2\/posts\/17864\/revisions\/17867"}],"wp:attachment":[{"href":"http:\/\/blogdalucianaoliveira.com.br\/blog\/wp-json\/wp\/v2\/media?parent=17864"}],"wp:term":[{"taxonomy":"category","embeddable":true,"href":"http:\/\/blogdalucianaoliveira.com.br\/blog\/wp-json\/wp\/v2\/categories?post=17864"},{"taxonomy":"post_tag","embeddable":true,"href":"http:\/\/blogdalucianaoliveira.com.br\/blog\/wp-json\/wp\/v2\/tags?post=17864"}],"curies":[{"name":"wp","href":"https:\/\/api.w.org\/{rel}","templated":true}]}}