{"id":17868,"date":"2018-05-04T11:02:30","date_gmt":"2018-05-04T15:02:30","guid":{"rendered":"http:\/\/blogdalucianaoliveira.com.br\/blog\/?p=17868"},"modified":"2018-05-04T11:02:30","modified_gmt":"2018-05-04T15:02:30","slug":"acampamento-pro-lula-sofre-novo-ataque-fascista-e-o-autor-e-delegado-da-pf","status":"publish","type":"post","link":"http:\/\/blogdalucianaoliveira.com.br\/blog\/2018\/05\/04\/acampamento-pro-lula-sofre-novo-ataque-fascista-e-o-autor-e-delegado-da-pf\/","title":{"rendered":"ACAMPAMENTO PR\u00d3-LULA SOFRE NOVO ATAQUE FASCISTA E O AUTOR \u00c9 DELEGADO DA PF"},"content":{"rendered":"<p><img data-recalc-dims=\"1\" loading=\"lazy\" decoding=\"async\" data-attachment-id=\"17869\" data-permalink=\"http:\/\/blogdalucianaoliveira.com.br\/blog\/2018\/05\/04\/acampamento-pro-lula-sofre-novo-ataque-fascista-e-o-autor-e-delegado-da-pf\/dele\/\" data-orig-file=\"https:\/\/i0.wp.com\/blogdalucianaoliveira.com.br\/blog\/wp-content\/uploads\/2018\/05\/dele.jpg?fit=1000%2C357\" data-orig-size=\"1000,357\" data-comments-opened=\"0\" data-image-meta=\"{&quot;aperture&quot;:&quot;0&quot;,&quot;credit&quot;:&quot;&quot;,&quot;camera&quot;:&quot;&quot;,&quot;caption&quot;:&quot;&quot;,&quot;created_timestamp&quot;:&quot;0&quot;,&quot;copyright&quot;:&quot;&quot;,&quot;focal_length&quot;:&quot;0&quot;,&quot;iso&quot;:&quot;0&quot;,&quot;shutter_speed&quot;:&quot;0&quot;,&quot;title&quot;:&quot;&quot;,&quot;orientation&quot;:&quot;0&quot;}\" data-image-title=\"dele\" data-image-description=\"\" data-image-caption=\"\" data-medium-file=\"https:\/\/i0.wp.com\/blogdalucianaoliveira.com.br\/blog\/wp-content\/uploads\/2018\/05\/dele.jpg?fit=300%2C107\" data-large-file=\"https:\/\/i0.wp.com\/blogdalucianaoliveira.com.br\/blog\/wp-content\/uploads\/2018\/05\/dele.jpg?fit=600%2C214\" class=\"alignnone size-full wp-image-17869\" src=\"https:\/\/i0.wp.com\/blogdalucianaoliveira.com.br\/blog\/wp-content\/uploads\/2018\/05\/dele.jpg?resize=600%2C214\" alt=\"dele\" width=\"600\" height=\"214\" srcset=\"https:\/\/i0.wp.com\/blogdalucianaoliveira.com.br\/blog\/wp-content\/uploads\/2018\/05\/dele.jpg?w=1000 1000w, https:\/\/i0.wp.com\/blogdalucianaoliveira.com.br\/blog\/wp-content\/uploads\/2018\/05\/dele.jpg?resize=300%2C107 300w, https:\/\/i0.wp.com\/blogdalucianaoliveira.com.br\/blog\/wp-content\/uploads\/2018\/05\/dele.jpg?resize=768%2C274 768w, https:\/\/i0.wp.com\/blogdalucianaoliveira.com.br\/blog\/wp-content\/uploads\/2018\/05\/dele.jpg?resize=800%2C286 800w\" sizes=\"auto, (max-width: 600px) 100vw, 600px\" \/><\/p>\n<p><strong>Paran\u00e1 247<\/strong>\u00a0&#8211;\u00a0O acampamento em Curitiba que faz vig\u00edlia em defesa da liberdade do ex presidente Lula sofreu um terceiro ataque na manh\u00e3 desta sexta-feira, enquanto os militantes davam o tradicional &#8220;Bom Dia presidente Lula&#8221;.\u00a0O delegado da Pol\u00edcia Federal, Gastao Schefer Neto, quebrou o equipamento de som.<!--more--><\/p>\n<p>A deputada federal Ana Perugini PT\/SP e a deputada estadual Ana Lia PT\/SP negociaram para falar com a Pol\u00edcia Militar, a fim de registrar um boletim de ocorr\u00eancia.\u00a0 O homem foi levado pela PM, mas ainda conseguiu circular tranquilamente entre os militantes e ainda gravar um v\u00eddeo, mesmo com os policiais presentes, como mostra o v\u00eddeo.<\/p>\n<p>No primeiro ataque, houve tentativa de agress\u00f5es a paus em cima de militantes. No segundo o local foi alvo de tiros, deixando duas pessoas feridas. Um rapaz baleado no pesco\u00e7o j\u00e1 recebeu alta.<\/p>\n<p>Vale ressaltar que, em mar\u00e7o, apoiadores do ex-presidente tamb\u00e9m haviam sido alvo de um ataque, tamb\u00e9m no Paran\u00e1, onde tiros foram disparados contra dois \u00f4nibus da caravana. O delegado H\u00e9lder Laudia, respons\u00e1vel pelas investiga\u00e7\u00f5es, informou que os tiros contra os \u00f4nibus foram planejados.<\/p>\n<p><iframe loading=\"lazy\" src=\"https:\/\/www.youtube.com\/embed\/w6gjNNp8ktA\" width=\"560\" height=\"315\" frameborder=\"0\" allowfullscreen=\"allowfullscreen\" data-mce-fragment=\"1\"><\/iframe><\/p>\n<div>\n<div id=\"br_video_player_80a1252fe7a778e73c305addcced412d121d9fc5\">\n<div class=\"media-player\">\n<div class=\"media-controls\">\n<div class=\"progress-bar\"><\/div>\n<\/div>\n<div class=\"links-overlay\"><\/div>\n<\/div>\n<\/div>\n<\/div>\n","protected":false},"excerpt":{"rendered":"<p>Paran\u00e1 247\u00a0&#8211;\u00a0O acampamento em Curitiba que faz vig\u00edlia em defesa da liberdade do ex presidente Lula sofreu um terceiro ataque na manh\u00e3 desta sexta-feira, enquanto os militantes davam o tradicional &#8220;Bom Dia presidente Lula&#8221;.\u00a0O delegado da Pol\u00edcia Federal, Gastao Schefer Neto, quebrou o equipamento de som.<\/p>\n","protected":false},"author":1,"featured_media":0,"comment_status":"closed","ping_status":"open","sticky":false,"template":"","format":"standard","meta":{"_exactmetrics_skip_tracking":false,"_exactmetrics_sitenote_active":false,"_exactmetrics_sitenote_note":"","_exactmetrics_sitenote_category":0,"jetpack_post_was_ever_published":false,"_jetpack_newsletter_access":"","_jetpack_dont_email_post_to_subs":false,"_jetpack_newsletter_tier_id":0,"_jetpack_memberships_contains_paywalled_content":false,"_jetpack_memberships_contains_paid_content":false,"footnotes":"","jetpack_publicize_message":"","jetpack_publicize_feature_enabled":true,"jetpack_social_post_already_shared":true,"jetpack_social_options":{"image_generator_settings":{"template":"highway","enabled":false},"version":2}},"categories":[1],"tags":[],"class_list":["post-17868","post","type-post","status-publish","format-standard","hentry","category-notas"],"jetpack_publicize_connections":[],"jetpack_sharing_enabled":true,"jetpack_featured_media_url":"","jetpack_shortlink":"https:\/\/wp.me\/p7wKYW-4Ec","jetpack-related-posts":[],"_links":{"self":[{"href":"http:\/\/blogdalucianaoliveira.com.br\/blog\/wp-json\/wp\/v2\/posts\/17868","targetHints":{"allow":["GET"]}}],"collection":[{"href":"http:\/\/blogdalucianaoliveira.com.br\/blog\/wp-json\/wp\/v2\/posts"}],"about":[{"href":"http:\/\/blogdalucianaoliveira.com.br\/blog\/wp-json\/wp\/v2\/types\/post"}],"author":[{"embeddable":true,"href":"http:\/\/blogdalucianaoliveira.com.br\/blog\/wp-json\/wp\/v2\/users\/1"}],"replies":[{"embeddable":true,"href":"http:\/\/blogdalucianaoliveira.com.br\/blog\/wp-json\/wp\/v2\/comments?post=17868"}],"version-history":[{"count":1,"href":"http:\/\/blogdalucianaoliveira.com.br\/blog\/wp-json\/wp\/v2\/posts\/17868\/revisions"}],"predecessor-version":[{"id":17870,"href":"http:\/\/blogdalucianaoliveira.com.br\/blog\/wp-json\/wp\/v2\/posts\/17868\/revisions\/17870"}],"wp:attachment":[{"href":"http:\/\/blogdalucianaoliveira.com.br\/blog\/wp-json\/wp\/v2\/media?parent=17868"}],"wp:term":[{"taxonomy":"category","embeddable":true,"href":"http:\/\/blogdalucianaoliveira.com.br\/blog\/wp-json\/wp\/v2\/categories?post=17868"},{"taxonomy":"post_tag","embeddable":true,"href":"http:\/\/blogdalucianaoliveira.com.br\/blog\/wp-json\/wp\/v2\/tags?post=17868"}],"curies":[{"name":"wp","href":"https:\/\/api.w.org\/{rel}","templated":true}]}}