{"id":17874,"date":"2018-05-04T11:47:23","date_gmt":"2018-05-04T15:47:23","guid":{"rendered":"http:\/\/blogdalucianaoliveira.com.br\/blog\/?p=17874"},"modified":"2018-05-04T11:47:23","modified_gmt":"2018-05-04T15:47:23","slug":"lucro-recorde-do-itau-durante-a-crise-e-anomalia-do-capitalismo-brasileiro","status":"publish","type":"post","link":"http:\/\/blogdalucianaoliveira.com.br\/blog\/2018\/05\/04\/lucro-recorde-do-itau-durante-a-crise-e-anomalia-do-capitalismo-brasileiro\/","title":{"rendered":"Lucro recorde do Ita\u00fa durante a crise \u00e9 anomalia do capitalismo brasileiro"},"content":{"rendered":"<h2 class=\"description\"><img data-recalc-dims=\"1\" loading=\"lazy\" decoding=\"async\" data-attachment-id=\"17875\" data-permalink=\"http:\/\/blogdalucianaoliveira.com.br\/blog\/2018\/05\/04\/lucro-recorde-do-itau-durante-a-crise-e-anomalia-do-capitalismo-brasileiro\/ita\/\" data-orig-file=\"https:\/\/i0.wp.com\/blogdalucianaoliveira.com.br\/blog\/wp-content\/uploads\/2018\/05\/ita.jpg?fit=640%2C480\" data-orig-size=\"640,480\" data-comments-opened=\"0\" data-image-meta=\"{&quot;aperture&quot;:&quot;0&quot;,&quot;credit&quot;:&quot;&quot;,&quot;camera&quot;:&quot;&quot;,&quot;caption&quot;:&quot;&quot;,&quot;created_timestamp&quot;:&quot;0&quot;,&quot;copyright&quot;:&quot;&quot;,&quot;focal_length&quot;:&quot;0&quot;,&quot;iso&quot;:&quot;0&quot;,&quot;shutter_speed&quot;:&quot;0&quot;,&quot;title&quot;:&quot;&quot;,&quot;orientation&quot;:&quot;0&quot;}\" data-image-title=\"ita\" data-image-description=\"\" data-image-caption=\"\" data-medium-file=\"https:\/\/i0.wp.com\/blogdalucianaoliveira.com.br\/blog\/wp-content\/uploads\/2018\/05\/ita.jpg?fit=300%2C225\" data-large-file=\"https:\/\/i0.wp.com\/blogdalucianaoliveira.com.br\/blog\/wp-content\/uploads\/2018\/05\/ita.jpg?fit=600%2C450\" class=\"alignnone size-full wp-image-17875\" src=\"https:\/\/i0.wp.com\/blogdalucianaoliveira.com.br\/blog\/wp-content\/uploads\/2018\/05\/ita.jpg?resize=600%2C450\" alt=\"ita\" width=\"600\" height=\"450\" srcset=\"https:\/\/i0.wp.com\/blogdalucianaoliveira.com.br\/blog\/wp-content\/uploads\/2018\/05\/ita.jpg?w=640 640w, https:\/\/i0.wp.com\/blogdalucianaoliveira.com.br\/blog\/wp-content\/uploads\/2018\/05\/ita.jpg?resize=300%2C225 300w, https:\/\/i0.wp.com\/blogdalucianaoliveira.com.br\/blog\/wp-content\/uploads\/2018\/05\/ita.jpg?resize=400%2C300 400w\" sizes=\"auto, (max-width: 600px) 100vw, 600px\" \/><\/h2>\n<h2 class=\"description\">Especialistas ouvidos pelo Brasil de Fato lamentam desregula\u00e7\u00e3o do mercado financeiro<\/h2>\n<p><!--more--><\/p>\n<div class=\"details-bar\">\n<div class=\"author-time\">\n<address class=\"author\">Vinicius Mansur<\/address>\n<div class=\"place-and-time\">\n<div class=\"place\">\n<p>Brasil de Fato<\/p>\n<p>Apesar da profunda crise econ\u00f4mica que\u00a0o Brasil atravessa, o Ita\u00fa anunciou esta semana um lucro l\u00edquido de R$ 6,419 bilh\u00f5es apenas no primeiro trimestre deste ano, uma alta de 3,9% na compara\u00e7\u00e3o com o mesmo per\u00edodo de 2017.<\/p>\n<p>No ano passado, o maior banco privado do pa\u00eds j\u00e1 havia alcan\u00e7ado o maior lucro de uma institui\u00e7\u00e3o financeira na hist\u00f3ria do Brasil, chegando a R$ 24,8 bilh\u00f5es. Somando\u00a0os resultados de Bradesco e Santander, os tr\u00eas maiores bancos privados obtiveram lucro l\u00edquido de R$ 53,8 bilh\u00f5es em 2017. A cifra representa um crescimento de mais de 15% em rela\u00e7\u00e3o a 2016.<\/p>\n<p>O professor do Instituto de Economia da Unicamp\u00a0Marcio Pochmann\u00a0aponta que esses resultados s\u00e3o uma anomalia do capitalismo brasileiro, onde os bancos n\u00e3o assumem riscos, n\u00e3o se envolvem com o\u00a0desempenho da economia nacional e conseguem manter-se imunes \u00e0 crise, alcan\u00e7ando lucros extraordin\u00e1rios at\u00e9 mesmo em quadros de recess\u00e3o.<\/p>\n<p>Entre as raz\u00f5es que explicam essa anomalia, Pochmann aponta a oligopoliza\u00e7\u00e3o e a falta de regulamenta\u00e7\u00e3o do setor, agravadas pela atua\u00e7\u00e3o do Banco Central, que permite a pr\u00e1tica de altas taxas de juros, independente de outros indicadores econ\u00f4micos.<\/p>\n<p>Para o economista, os bancos, na forma como atuam hoje, se transformam em obst\u00e1culo para a pr\u00f3pria recupera\u00e7\u00e3o da economia.<\/p>\n<p>\u201cO Banco Central que, na realidade, se preocupa fundamentalmente com a quest\u00e3o monet\u00e1ria, a infla\u00e7\u00e3o, ele n\u00e3o considera outras caracter\u00edsticas da economia, como o\u00a0Banco Central americano, que se preocupa com a quest\u00e3o do emprego, por exemplo. Ent\u00e3o, isso facilita muito, num setor oligopolizado que tem o Banco Central hoje operando como uma esp\u00e9cie de sindicato dos interesses dos bancos\u201d, criticou.<\/p>\n<p class=\"ckeditor-subtitle\"><em>Spread<\/em><\/p>\n<p>Os altos juros cobrados pelos bancos t\u00eam provocado fortes cr\u00edticas da Federa\u00e7\u00e3o das Ind\u00fastrias de S\u00e3o Paulo (Fiesp), que divulgou estudo, na semana passada, criticando a eleva\u00e7\u00e3o do\u00a0<em>spread<\/em>\u00a0banc\u00e1rio \u2013como \u00e9 chamada a diferen\u00e7a entre a taxa de capta\u00e7\u00e3o e a cobrada nos juros dos financiamentos.<\/p>\n<p>Segundo a Fiesp, essa diferen\u00e7a nas opera\u00e7\u00f5es de cr\u00e9dito \u00e0 pessoa f\u00edsica com recursos livres no Brasil subiu para 54,6 pontos percentuais (p.p.) em 2017, contra 34,5 p.p. no per\u00edodo de 2012 a 2014.<\/p>\n<p>Enquanto isso, a dr\u00e1stica queda da Selic no \u00faltimo per\u00edodo n\u00e3o se refletiu nos bancos. A taxa b\u00e1sica de juros da economia, definida pelo Comit\u00ea de Pol\u00edtica Monet\u00e1ria (Copom) do Banco Central, caiu quase pela metade no passado, saindo de 13,65%, em dezembro de 2016, para 6,9% em dezembro de 2017.<\/p>\n<p>Pesquisa feita pelo professor associado ao Instituto de Economia da UFRJ\u00a0Andr\u00e9 Modenesi\u00a0aponta que o\u00a0<em>spread\u00a0<\/em>banc\u00e1rio assumiu forte tend\u00eancia \u00e0 queda ap\u00f3s 2003, partindo de um patamar em torno de 45 pontos percentuais, chegando a menos da metade (20 pontos percentuais) em 2013. A partir da\u00ed o movimento tornou-se ascendente e o\u00a0<em>spread<\/em>\u00a0praticamente dobrou\u00a0j\u00e1 em 2016, alcan\u00e7ando 40 pontos percentuais.<\/p>\n<p><img data-recalc-dims=\"1\" decoding=\"async\" src=\"https:\/\/i0.wp.com\/farm1.staticflickr.com\/832\/40064331980_90278e5ecd_o.png?w=600&#038;ssl=1\" alt=\"\" \/><\/p>\n<p>Para Modenesi, o grande problema do setor \u00e9 o alto grau de concentra\u00e7\u00e3o, acentuado ap\u00f3s o Plano Real. Ele aponta que entre 1995 e 2013, o processo de fus\u00f5es e aquisi\u00e7\u00f5es fez com que quase cem bancos deixassem de operar e levou os quatro maiores a deter cerca de 80% de todos os dep\u00f3sitos a vista da economia brasileira.<\/p>\n<p>\u201cA gente tende sempre a achar que a economia \u00e9 concorrencial. Essa \u00e9 uma caracter\u00edstica da economia brasileira: a gente n\u00e3o tem concorr\u00eancia, pouqu\u00edssimos mercados que s\u00e3o competitivos. E a\u00ed, os bancos t\u00eam poder. Se voc\u00ea controla o mercado, voc\u00ea cobra o pre\u00e7o que voc\u00ea quer\u201d, concluiu.<\/p>\n<p class=\"editor\">Edi\u00e7\u00e3o: Diego Sartorato<\/p>\n<div class=\"content-footer\"><\/div>\n<\/div>\n<\/div>\n<\/div>\n<\/div>\n","protected":false},"excerpt":{"rendered":"<p>Especialistas ouvidos pelo Brasil de Fato lamentam desregula\u00e7\u00e3o do mercado financeiro<\/p>\n","protected":false},"author":1,"featured_media":0,"comment_status":"closed","ping_status":"open","sticky":false,"template":"","format":"standard","meta":{"_exactmetrics_skip_tracking":false,"_exactmetrics_sitenote_active":false,"_exactmetrics_sitenote_note":"","_exactmetrics_sitenote_category":0,"jetpack_post_was_ever_published":false,"_jetpack_newsletter_access":"","_jetpack_dont_email_post_to_subs":false,"_jetpack_newsletter_tier_id":0,"_jetpack_memberships_contains_paywalled_content":false,"_jetpack_memberships_contains_paid_content":false,"footnotes":"","jetpack_publicize_message":"","jetpack_publicize_feature_enabled":true,"jetpack_social_post_already_shared":true,"jetpack_social_options":{"image_generator_settings":{"template":"highway","enabled":false},"version":2}},"categories":[1],"tags":[],"class_list":["post-17874","post","type-post","status-publish","format-standard","hentry","category-notas"],"jetpack_publicize_connections":[],"jetpack_sharing_enabled":true,"jetpack_featured_media_url":"","jetpack_shortlink":"https:\/\/wp.me\/p7wKYW-4Ei","jetpack-related-posts":[],"_links":{"self":[{"href":"http:\/\/blogdalucianaoliveira.com.br\/blog\/wp-json\/wp\/v2\/posts\/17874","targetHints":{"allow":["GET"]}}],"collection":[{"href":"http:\/\/blogdalucianaoliveira.com.br\/blog\/wp-json\/wp\/v2\/posts"}],"about":[{"href":"http:\/\/blogdalucianaoliveira.com.br\/blog\/wp-json\/wp\/v2\/types\/post"}],"author":[{"embeddable":true,"href":"http:\/\/blogdalucianaoliveira.com.br\/blog\/wp-json\/wp\/v2\/users\/1"}],"replies":[{"embeddable":true,"href":"http:\/\/blogdalucianaoliveira.com.br\/blog\/wp-json\/wp\/v2\/comments?post=17874"}],"version-history":[{"count":1,"href":"http:\/\/blogdalucianaoliveira.com.br\/blog\/wp-json\/wp\/v2\/posts\/17874\/revisions"}],"predecessor-version":[{"id":17876,"href":"http:\/\/blogdalucianaoliveira.com.br\/blog\/wp-json\/wp\/v2\/posts\/17874\/revisions\/17876"}],"wp:attachment":[{"href":"http:\/\/blogdalucianaoliveira.com.br\/blog\/wp-json\/wp\/v2\/media?parent=17874"}],"wp:term":[{"taxonomy":"category","embeddable":true,"href":"http:\/\/blogdalucianaoliveira.com.br\/blog\/wp-json\/wp\/v2\/categories?post=17874"},{"taxonomy":"post_tag","embeddable":true,"href":"http:\/\/blogdalucianaoliveira.com.br\/blog\/wp-json\/wp\/v2\/tags?post=17874"}],"curies":[{"name":"wp","href":"https:\/\/api.w.org\/{rel}","templated":true}]}}