{"id":17877,"date":"2018-05-04T11:51:28","date_gmt":"2018-05-04T15:51:28","guid":{"rendered":"http:\/\/blogdalucianaoliveira.com.br\/blog\/?p=17877"},"modified":"2018-05-04T11:51:28","modified_gmt":"2018-05-04T15:51:28","slug":"tributo-a-noel-rosa-na-32a-edicao-do-proejto-samba-autoral","status":"publish","type":"post","link":"http:\/\/blogdalucianaoliveira.com.br\/blog\/2018\/05\/04\/tributo-a-noel-rosa-na-32a-edicao-do-proejto-samba-autoral\/","title":{"rendered":"TRIBUTO A NOEL ROSA NA 32\u00aa EDI\u00c7\u00c3O DO PROEJTO SAMBA AUTORAL"},"content":{"rendered":"<p><img data-recalc-dims=\"1\" loading=\"lazy\" decoding=\"async\" data-attachment-id=\"17878\" data-permalink=\"http:\/\/blogdalucianaoliveira.com.br\/blog\/2018\/05\/04\/tributo-a-noel-rosa-na-32a-edicao-do-proejto-samba-autoral\/sam-2\/\" data-orig-file=\"https:\/\/i0.wp.com\/blogdalucianaoliveira.com.br\/blog\/wp-content\/uploads\/2018\/05\/sam.jpg?fit=1024%2C768\" data-orig-size=\"1024,768\" data-comments-opened=\"0\" data-image-meta=\"{&quot;aperture&quot;:&quot;0&quot;,&quot;credit&quot;:&quot;&quot;,&quot;camera&quot;:&quot;&quot;,&quot;caption&quot;:&quot;&quot;,&quot;created_timestamp&quot;:&quot;0&quot;,&quot;copyright&quot;:&quot;&quot;,&quot;focal_length&quot;:&quot;0&quot;,&quot;iso&quot;:&quot;0&quot;,&quot;shutter_speed&quot;:&quot;0&quot;,&quot;title&quot;:&quot;&quot;,&quot;orientation&quot;:&quot;0&quot;}\" data-image-title=\"sam\" data-image-description=\"\" data-image-caption=\"\" data-medium-file=\"https:\/\/i0.wp.com\/blogdalucianaoliveira.com.br\/blog\/wp-content\/uploads\/2018\/05\/sam.jpg?fit=300%2C225\" data-large-file=\"https:\/\/i0.wp.com\/blogdalucianaoliveira.com.br\/blog\/wp-content\/uploads\/2018\/05\/sam.jpg?fit=600%2C450\" class=\"alignnone size-full wp-image-17878\" src=\"https:\/\/i0.wp.com\/blogdalucianaoliveira.com.br\/blog\/wp-content\/uploads\/2018\/05\/sam.jpg?resize=600%2C450\" alt=\"sam\" width=\"600\" height=\"450\" srcset=\"https:\/\/i0.wp.com\/blogdalucianaoliveira.com.br\/blog\/wp-content\/uploads\/2018\/05\/sam.jpg?w=1024 1024w, https:\/\/i0.wp.com\/blogdalucianaoliveira.com.br\/blog\/wp-content\/uploads\/2018\/05\/sam.jpg?resize=300%2C225 300w, https:\/\/i0.wp.com\/blogdalucianaoliveira.com.br\/blog\/wp-content\/uploads\/2018\/05\/sam.jpg?resize=768%2C576 768w, https:\/\/i0.wp.com\/blogdalucianaoliveira.com.br\/blog\/wp-content\/uploads\/2018\/05\/sam.jpg?resize=400%2C300 400w\" sizes=\"auto, (max-width: 600px) 100vw, 600px\" \/><\/p>\n<h3 class=\"article-subtitle\">Neste s\u00e1bado, dia 5 de maio, a partir das 14:00 horas, no Bar do Calixto<\/h3>\n<p><!--more--><\/p>\n<p>No Gente de Opini\u00e3o &#8211; Neste s\u00e1bado, dia 5 de maio, a partir das 14:00 horas no Bar do Calixto, quando realizaremos a 32\u00aa edi\u00e7\u00e3o do PROJETO SAMBA AUTORAL.\u00a0 Antes das apresenta\u00e7\u00f5es de suas composi\u00e7\u00f5es, m\u00fasicos e compositores(as) far\u00e3o um TRIBUTO ao grande NOEL ROSA. Com novo formato, este ser\u00e1 o in\u00edcio de uma s\u00e9rie de homenagens aos compositores e compositoras que se destacaram deixando seu legado e aos que continuam contribuindo com a hist\u00f3ria do samba no Brasil. Estas homenagens acontecer\u00e3o ao longo deste ano.<\/p>\n<p>Nada mais justo do que come\u00e7armos por Noel, pois ele nos inspirou e \u00e9 a marca do Projeto Samba Autoral.<\/p>\n<p><b>UM POUQUINHO DE NOEL ROSA<br \/>\n<\/b><br \/>\nNoel Rosa (1910-1937) foi um compositor, cantor e violonista brasileiro. Um dos mais importantes artistas da hist\u00f3ria da m\u00fasica popular brasileira. Em pouco tempo de vida comp\u00f4s mais de 300 m\u00fasicas, entre sambas, marchinhas e can\u00e7\u00f5es. Entre suas m\u00fasicas destacam-se, &#8220;Com Que Roupa&#8221;, seu primeiro sucesso, &#8220;Conversa de Botequim&#8221;, &#8220;Feiti\u00e7o da Vila&#8221; e &#8220;Fita Amarela&#8221;. Ficou conhecido como &#8220;O Poeta da Vila&#8221;.<\/p>\n<p>Noel Medeiros Rosa (1910-1937) nasceu no bairro de Vila Isabel, Rio de janeiro, no dia 11 de dezembro de 1910. Filho do comerciante Manuel Medeiros Rosa e da professora Marta de Medeiros Rosa foi aluno do tradicional Col\u00e9gio S\u00e3o Bento. Muito cedo aprendeu a tocar viol\u00e3o e bandolim. Em 1930 ingressa na Faculdade Nacional de Medicina, mas depois de dois anos abandonou o curso. J\u00e1 estava envolvido com a m\u00fasica e a boemia. Formou junto com os m\u00fasicos Almirante, Braguinha, Alvinho e Henrique Brito, o conjunto Bando de Tangar\u00e1s.<\/p>\n<p>Entre os anos de 1930 a 1937, Noel comp\u00f4s mais de 300 m\u00fasicas, entre sambas, marchinhas e can\u00e7\u00f5es. Entre seus sucessos destacam-se, &#8220;Com Que Roupa&#8221;, seu primeiro sucesso, &#8220;Conversa de Botequim&#8221;, &#8220;Feiti\u00e7o da Vila&#8221; e &#8220;Fita Amarela&#8221;. Entre os interpretes de seus sambas est\u00e3o: Aracy de Almeida, Francisco Alves e M\u00e1rio Reis. Mestres da M\u00fasica Popular Brasileira como Chico Buarque de Holanda e Paulinho da Viola, fazem quest\u00e3o de real\u00e7ar a influ\u00eancia que Noel Rosa teve em suas m\u00fasicas.<\/p>\n<p>Em 1934 casa-se com Lindaura, mo\u00e7a da alta sociedade, mas tinha v\u00e1rias amantes e passava noites pelos cabar\u00e9s do bairro da Lapa, no Rio de Janeiro, cantando, bebendo e fumando. Acometido de tuberculose, foi para Belo Horizonte para tratamento de sa\u00fade. Na volta para o Rio de Janeiro, achando-se curado, volta \u00e0 vida bo\u00eamia.<\/p>\n<p>Noel Rosa foi homenageado em filmes e pe\u00e7as de teatro. Em 2010, a Escola de Samba Unidos da Vila Isabel, apresentou o enredo do carnaval com o samba Noel: A presen\u00e7a do Poeta da Vila, de autoria de Martinho da Vila.<\/p>\n<p>Noel Rosa faleceu no Rio de Janeiro (RJ), no dia 4 de maio de 1937. (FONTE:<a class=\"vglnk\" href=\"https:\/\/www.ebiografia.com\/noel_rosa\/\" rel=\"nofollow\">https:\/\/www.ebiografia.com\/noel_rosa\/<\/a>)<\/p>\n<p><b>APRESENTA\u00c7\u00c3O DAS COMPOSI\u00c7\u00d5ES<\/b><\/p>\n<p>A programa\u00e7\u00e3o come\u00e7ar\u00e1 com a roda de samba com composi\u00e7\u00f5es variadas. \u00c0s 16:00 horas, inicia o Tributo a Noel.<\/p>\n<p>\u00c0s 17h00, ap\u00f3s o banho de poesia e harmonia das composi\u00e7\u00f5es de Noel, come\u00e7am as apresenta\u00e7\u00f5es de nossos valorosos compositores e compositoras.<\/p>\n<p>Ser\u00e1 uma tarde revigorante, energizante e de muito harmonia.<\/p>\n<p>Para nossa Roda de Samba ficar ainda mais gostosa, aguardamos os amigos e amigas, que sempre nos impulsionam com sua presen\u00e7a, For\u00e7a e Boa Energia.<\/p>\n<p>Ent\u00e3o, est\u00e1 combinado, a 32\u00aa Edi\u00e7\u00e3o do Projeto Samba Autoral, acontecer\u00e1 neste s\u00e1bado, dia 5 de maio, a partir das 14hs no Bar do Calixto.<\/p>\n<p>Leve seu corpo, seu esp\u00edrito de Paz e Luz!<\/p>\n<p>&nbsp;<\/p>\n<p>&nbsp;<\/p>\n","protected":false},"excerpt":{"rendered":"<p>Neste s\u00e1bado, dia 5 de maio, a partir das 14:00 horas, no Bar do Calixto<\/p>\n","protected":false},"author":1,"featured_media":0,"comment_status":"closed","ping_status":"open","sticky":false,"template":"","format":"standard","meta":{"_exactmetrics_skip_tracking":false,"_exactmetrics_sitenote_active":false,"_exactmetrics_sitenote_note":"","_exactmetrics_sitenote_category":0,"jetpack_post_was_ever_published":false,"_jetpack_newsletter_access":"","_jetpack_dont_email_post_to_subs":false,"_jetpack_newsletter_tier_id":0,"_jetpack_memberships_contains_paywalled_content":false,"_jetpack_memberships_contains_paid_content":false,"footnotes":"","jetpack_publicize_message":"","jetpack_publicize_feature_enabled":true,"jetpack_social_post_already_shared":true,"jetpack_social_options":{"image_generator_settings":{"template":"highway","enabled":false},"version":2}},"categories":[1],"tags":[],"class_list":["post-17877","post","type-post","status-publish","format-standard","hentry","category-notas"],"jetpack_publicize_connections":[],"jetpack_sharing_enabled":true,"jetpack_featured_media_url":"","jetpack_shortlink":"https:\/\/wp.me\/p7wKYW-4El","jetpack-related-posts":[],"_links":{"self":[{"href":"http:\/\/blogdalucianaoliveira.com.br\/blog\/wp-json\/wp\/v2\/posts\/17877","targetHints":{"allow":["GET"]}}],"collection":[{"href":"http:\/\/blogdalucianaoliveira.com.br\/blog\/wp-json\/wp\/v2\/posts"}],"about":[{"href":"http:\/\/blogdalucianaoliveira.com.br\/blog\/wp-json\/wp\/v2\/types\/post"}],"author":[{"embeddable":true,"href":"http:\/\/blogdalucianaoliveira.com.br\/blog\/wp-json\/wp\/v2\/users\/1"}],"replies":[{"embeddable":true,"href":"http:\/\/blogdalucianaoliveira.com.br\/blog\/wp-json\/wp\/v2\/comments?post=17877"}],"version-history":[{"count":1,"href":"http:\/\/blogdalucianaoliveira.com.br\/blog\/wp-json\/wp\/v2\/posts\/17877\/revisions"}],"predecessor-version":[{"id":17879,"href":"http:\/\/blogdalucianaoliveira.com.br\/blog\/wp-json\/wp\/v2\/posts\/17877\/revisions\/17879"}],"wp:attachment":[{"href":"http:\/\/blogdalucianaoliveira.com.br\/blog\/wp-json\/wp\/v2\/media?parent=17877"}],"wp:term":[{"taxonomy":"category","embeddable":true,"href":"http:\/\/blogdalucianaoliveira.com.br\/blog\/wp-json\/wp\/v2\/categories?post=17877"},{"taxonomy":"post_tag","embeddable":true,"href":"http:\/\/blogdalucianaoliveira.com.br\/blog\/wp-json\/wp\/v2\/tags?post=17877"}],"curies":[{"name":"wp","href":"https:\/\/api.w.org\/{rel}","templated":true}]}}