{"id":17887,"date":"2018-05-06T09:09:50","date_gmt":"2018-05-06T13:09:50","guid":{"rendered":"http:\/\/blogdalucianaoliveira.com.br\/blog\/?p=17887"},"modified":"2018-05-06T09:11:22","modified_gmt":"2018-05-06T13:11:22","slug":"arquidiocese-entra-na-polemica-pra-defender-direito-das-minorias","status":"publish","type":"post","link":"http:\/\/blogdalucianaoliveira.com.br\/blog\/2018\/05\/06\/arquidiocese-entra-na-polemica-pra-defender-direito-das-minorias\/","title":{"rendered":"Arquidiocese entra na pol\u00eamica pra defender direito das minorias"},"content":{"rendered":"<p><img data-recalc-dims=\"1\" loading=\"lazy\" decoding=\"async\" data-attachment-id=\"17888\" data-permalink=\"http:\/\/blogdalucianaoliveira.com.br\/blog\/2018\/05\/06\/arquidiocese-entra-na-polemica-pra-defender-direito-das-minorias\/1df7b069-ead6-4272-bd33-6adefc8f2762\/\" data-orig-file=\"https:\/\/i0.wp.com\/blogdalucianaoliveira.com.br\/blog\/wp-content\/uploads\/2018\/05\/1DF7B069-EAD6-4272-BD33-6ADEFC8F2762.jpeg?fit=960%2C960\" data-orig-size=\"960,960\" data-comments-opened=\"0\" data-image-meta=\"{&quot;aperture&quot;:&quot;0&quot;,&quot;credit&quot;:&quot;&quot;,&quot;camera&quot;:&quot;&quot;,&quot;caption&quot;:&quot;&quot;,&quot;created_timestamp&quot;:&quot;0&quot;,&quot;copyright&quot;:&quot;&quot;,&quot;focal_length&quot;:&quot;0&quot;,&quot;iso&quot;:&quot;0&quot;,&quot;shutter_speed&quot;:&quot;0&quot;,&quot;title&quot;:&quot;&quot;,&quot;orientation&quot;:&quot;1&quot;}\" data-image-title=\"1DF7B069-EAD6-4272-BD33-6ADEFC8F2762\" data-image-description=\"\" data-image-caption=\"\" data-medium-file=\"https:\/\/i0.wp.com\/blogdalucianaoliveira.com.br\/blog\/wp-content\/uploads\/2018\/05\/1DF7B069-EAD6-4272-BD33-6ADEFC8F2762.jpeg?fit=300%2C300\" data-large-file=\"https:\/\/i0.wp.com\/blogdalucianaoliveira.com.br\/blog\/wp-content\/uploads\/2018\/05\/1DF7B069-EAD6-4272-BD33-6ADEFC8F2762.jpeg?fit=600%2C600\" src=\"https:\/\/i0.wp.com\/blogdalucianaoliveira.com.br\/blog\/wp-content\/uploads\/2018\/05\/1DF7B069-EAD6-4272-BD33-6ADEFC8F2762.jpeg?resize=600%2C600\" alt=\"1DF7B069-EAD6-4272-BD33-6ADEFC8F2762\" width=\"600\" height=\"600\" class=\"alignnone size-full wp-image-17888\" srcset=\"https:\/\/i0.wp.com\/blogdalucianaoliveira.com.br\/blog\/wp-content\/uploads\/2018\/05\/1DF7B069-EAD6-4272-BD33-6ADEFC8F2762.jpeg?w=960 960w, https:\/\/i0.wp.com\/blogdalucianaoliveira.com.br\/blog\/wp-content\/uploads\/2018\/05\/1DF7B069-EAD6-4272-BD33-6ADEFC8F2762.jpeg?resize=150%2C150 150w, https:\/\/i0.wp.com\/blogdalucianaoliveira.com.br\/blog\/wp-content\/uploads\/2018\/05\/1DF7B069-EAD6-4272-BD33-6ADEFC8F2762.jpeg?resize=300%2C300 300w, https:\/\/i0.wp.com\/blogdalucianaoliveira.com.br\/blog\/wp-content\/uploads\/2018\/05\/1DF7B069-EAD6-4272-BD33-6ADEFC8F2762.jpeg?resize=768%2C768 768w\" sizes=\"auto, (max-width: 600px) 100vw, 600px\" \/><\/p>\n<p>Duas igrejas se levantam sobre uma \u2018pol\u00eamica\u2019.<\/p>\n<p>Uma contra (evang\u00e9lica)e outra (cat\u00f3lica) a favor, da cria\u00e7\u00e3o do Conselho Estadual LGBTTT, ambas tendo o mesmo dever crist\u00e3o de \u201camar ao pr\u00f3ximo\u201d.<br \/>\nTodo pr\u00f3ximo. <!--more--><\/p>\n<p>E no meio delas, o ordenamento jur\u00eddico. <\/p>\n<p>Agora, sim. A palavra de Dom Roque Paloschi \u00e9 luz que surge para vencer a escurid\u00e3o. <\/p>\n<p>\u201cComo igreja devemos nos comprometer cada vez mais com a defesa da vida e dos direitos das minorias, visando a constru\u00e7\u00e3o de dias melhores\u201d, diz nota da arquidiocese de Porto Velho.<\/p>\n<p>\u00c0 luz!<\/p>\n<p><img data-recalc-dims=\"1\" loading=\"lazy\" decoding=\"async\" data-attachment-id=\"17890\" data-permalink=\"http:\/\/blogdalucianaoliveira.com.br\/blog\/2018\/05\/06\/arquidiocese-entra-na-polemica-pra-defender-direito-das-minorias\/7bd600cf-e0ce-493f-b61e-2ee4f508a5d1\/\" data-orig-file=\"https:\/\/i0.wp.com\/blogdalucianaoliveira.com.br\/blog\/wp-content\/uploads\/2018\/05\/7BD600CF-E0CE-493F-B61E-2EE4F508A5D1.jpeg?fit=830%2C1280\" data-orig-size=\"830,1280\" data-comments-opened=\"0\" data-image-meta=\"{&quot;aperture&quot;:&quot;0&quot;,&quot;credit&quot;:&quot;&quot;,&quot;camera&quot;:&quot;&quot;,&quot;caption&quot;:&quot;&quot;,&quot;created_timestamp&quot;:&quot;0&quot;,&quot;copyright&quot;:&quot;&quot;,&quot;focal_length&quot;:&quot;0&quot;,&quot;iso&quot;:&quot;0&quot;,&quot;shutter_speed&quot;:&quot;0&quot;,&quot;title&quot;:&quot;&quot;,&quot;orientation&quot;:&quot;0&quot;}\" data-image-title=\"7BD600CF-E0CE-493F-B61E-2EE4F508A5D1\" data-image-description=\"\" data-image-caption=\"\" data-medium-file=\"https:\/\/i0.wp.com\/blogdalucianaoliveira.com.br\/blog\/wp-content\/uploads\/2018\/05\/7BD600CF-E0CE-493F-B61E-2EE4F508A5D1.jpeg?fit=195%2C300\" data-large-file=\"https:\/\/i0.wp.com\/blogdalucianaoliveira.com.br\/blog\/wp-content\/uploads\/2018\/05\/7BD600CF-E0CE-493F-B61E-2EE4F508A5D1.jpeg?fit=600%2C925\" src=\"https:\/\/i0.wp.com\/blogdalucianaoliveira.com.br\/blog\/wp-content\/uploads\/2018\/05\/7BD600CF-E0CE-493F-B61E-2EE4F508A5D1.jpeg?resize=600%2C925\" alt=\"7BD600CF-E0CE-493F-B61E-2EE4F508A5D1\" width=\"600\" height=\"925\" class=\"alignnone size-full wp-image-17890\" srcset=\"https:\/\/i0.wp.com\/blogdalucianaoliveira.com.br\/blog\/wp-content\/uploads\/2018\/05\/7BD600CF-E0CE-493F-B61E-2EE4F508A5D1.jpeg?w=830 830w, https:\/\/i0.wp.com\/blogdalucianaoliveira.com.br\/blog\/wp-content\/uploads\/2018\/05\/7BD600CF-E0CE-493F-B61E-2EE4F508A5D1.jpeg?resize=195%2C300 195w, https:\/\/i0.wp.com\/blogdalucianaoliveira.com.br\/blog\/wp-content\/uploads\/2018\/05\/7BD600CF-E0CE-493F-B61E-2EE4F508A5D1.jpeg?resize=768%2C1184 768w, https:\/\/i0.wp.com\/blogdalucianaoliveira.com.br\/blog\/wp-content\/uploads\/2018\/05\/7BD600CF-E0CE-493F-B61E-2EE4F508A5D1.jpeg?resize=664%2C1024 664w\" sizes=\"auto, (max-width: 600px) 100vw, 600px\" \/><\/p>\n","protected":false},"excerpt":{"rendered":"<p>Duas igrejas se levantam sobre uma \u2018pol\u00eamica\u2019. Uma contra (evang\u00e9lica)e outra (cat\u00f3lica) a favor, da cria\u00e7\u00e3o do Conselho Estadual LGBTTT, ambas tendo o mesmo dever crist\u00e3o de \u201camar ao pr\u00f3ximo\u201d. Todo pr\u00f3ximo.<\/p>\n","protected":false},"author":1,"featured_media":0,"comment_status":"closed","ping_status":"open","sticky":false,"template":"","format":"standard","meta":{"_exactmetrics_skip_tracking":false,"_exactmetrics_sitenote_active":false,"_exactmetrics_sitenote_note":"","_exactmetrics_sitenote_category":0,"jetpack_post_was_ever_published":false,"_jetpack_newsletter_access":"","_jetpack_dont_email_post_to_subs":false,"_jetpack_newsletter_tier_id":0,"_jetpack_memberships_contains_paywalled_content":false,"_jetpack_memberships_contains_paid_content":false,"footnotes":"","jetpack_publicize_message":"","jetpack_publicize_feature_enabled":true,"jetpack_social_post_already_shared":true,"jetpack_social_options":{"image_generator_settings":{"template":"highway","enabled":false},"version":2}},"categories":[1],"tags":[],"class_list":["post-17887","post","type-post","status-publish","format-standard","hentry","category-notas"],"jetpack_publicize_connections":[],"jetpack_sharing_enabled":true,"jetpack_featured_media_url":"","jetpack_shortlink":"https:\/\/wp.me\/p7wKYW-4Ev","jetpack-related-posts":[],"_links":{"self":[{"href":"http:\/\/blogdalucianaoliveira.com.br\/blog\/wp-json\/wp\/v2\/posts\/17887","targetHints":{"allow":["GET"]}}],"collection":[{"href":"http:\/\/blogdalucianaoliveira.com.br\/blog\/wp-json\/wp\/v2\/posts"}],"about":[{"href":"http:\/\/blogdalucianaoliveira.com.br\/blog\/wp-json\/wp\/v2\/types\/post"}],"author":[{"embeddable":true,"href":"http:\/\/blogdalucianaoliveira.com.br\/blog\/wp-json\/wp\/v2\/users\/1"}],"replies":[{"embeddable":true,"href":"http:\/\/blogdalucianaoliveira.com.br\/blog\/wp-json\/wp\/v2\/comments?post=17887"}],"version-history":[{"count":2,"href":"http:\/\/blogdalucianaoliveira.com.br\/blog\/wp-json\/wp\/v2\/posts\/17887\/revisions"}],"predecessor-version":[{"id":17891,"href":"http:\/\/blogdalucianaoliveira.com.br\/blog\/wp-json\/wp\/v2\/posts\/17887\/revisions\/17891"}],"wp:attachment":[{"href":"http:\/\/blogdalucianaoliveira.com.br\/blog\/wp-json\/wp\/v2\/media?parent=17887"}],"wp:term":[{"taxonomy":"category","embeddable":true,"href":"http:\/\/blogdalucianaoliveira.com.br\/blog\/wp-json\/wp\/v2\/categories?post=17887"},{"taxonomy":"post_tag","embeddable":true,"href":"http:\/\/blogdalucianaoliveira.com.br\/blog\/wp-json\/wp\/v2\/tags?post=17887"}],"curies":[{"name":"wp","href":"https:\/\/api.w.org\/{rel}","templated":true}]}}