{"id":17896,"date":"2018-05-07T10:12:55","date_gmt":"2018-05-07T14:12:55","guid":{"rendered":"http:\/\/blogdalucianaoliveira.com.br\/blog\/?p=17896"},"modified":"2018-05-07T10:12:55","modified_gmt":"2018-05-07T14:12:55","slug":"a-intervencao-que-virou-mico","status":"publish","type":"post","link":"http:\/\/blogdalucianaoliveira.com.br\/blog\/2018\/05\/07\/a-intervencao-que-virou-mico\/","title":{"rendered":"A interven\u00e7\u00e3o que virou mico"},"content":{"rendered":"<p><img data-recalc-dims=\"1\" loading=\"lazy\" decoding=\"async\" data-attachment-id=\"17897\" data-permalink=\"http:\/\/blogdalucianaoliveira.com.br\/blog\/2018\/05\/07\/a-intervencao-que-virou-mico\/mico\/\" data-orig-file=\"https:\/\/i0.wp.com\/blogdalucianaoliveira.com.br\/blog\/wp-content\/uploads\/2018\/05\/mico.jpg?fit=600%2C337\" data-orig-size=\"600,337\" data-comments-opened=\"0\" data-image-meta=\"{&quot;aperture&quot;:&quot;0&quot;,&quot;credit&quot;:&quot;&quot;,&quot;camera&quot;:&quot;&quot;,&quot;caption&quot;:&quot;&quot;,&quot;created_timestamp&quot;:&quot;0&quot;,&quot;copyright&quot;:&quot;&quot;,&quot;focal_length&quot;:&quot;0&quot;,&quot;iso&quot;:&quot;0&quot;,&quot;shutter_speed&quot;:&quot;0&quot;,&quot;title&quot;:&quot;&quot;,&quot;orientation&quot;:&quot;0&quot;}\" data-image-title=\"mico\" data-image-description=\"\" data-image-caption=\"\" data-medium-file=\"https:\/\/i0.wp.com\/blogdalucianaoliveira.com.br\/blog\/wp-content\/uploads\/2018\/05\/mico.jpg?fit=300%2C169\" data-large-file=\"https:\/\/i0.wp.com\/blogdalucianaoliveira.com.br\/blog\/wp-content\/uploads\/2018\/05\/mico.jpg?fit=600%2C337\" src=\"https:\/\/i0.wp.com\/blogdalucianaoliveira.com.br\/blog\/wp-content\/uploads\/2018\/05\/mico.jpg?resize=600%2C337\" alt=\"mico\" width=\"600\" height=\"337\" class=\"alignnone size-full wp-image-17897\" srcset=\"https:\/\/i0.wp.com\/blogdalucianaoliveira.com.br\/blog\/wp-content\/uploads\/2018\/05\/mico.jpg?w=600 600w, https:\/\/i0.wp.com\/blogdalucianaoliveira.com.br\/blog\/wp-content\/uploads\/2018\/05\/mico.jpg?resize=300%2C169 300w, https:\/\/i0.wp.com\/blogdalucianaoliveira.com.br\/blog\/wp-content\/uploads\/2018\/05\/mico.jpg?resize=534%2C300 534w\" sizes=\"auto, (max-width: 600px) 100vw, 600px\" \/><\/p>\n<p>No DCM, por Helena Chagas &#8211; Prestes a completar tr\u00eas meses, a interven\u00e7\u00e3o federal no Rio se Janeiro n\u00e3o produziu o  efeito desejado pelo Planalto, que era criar na popula\u00e7\u00e3o ao menos uma percep\u00e7\u00e3o de maior seguran\u00e7a com a presen\u00e7a do Ex\u00e9rcito nas ruas. Nem o Ex\u00e9rcito \u2013 talvez acertadamente \u2013 foi tanto assim para as ruas, e nem o crime organizado e tr\u00e1fico se inibiram. Improvisada e sem planejamento, a opera\u00e7\u00e3o est\u00e1 longe de ser aquela \u201cgrande jogada\u201d idealizada pelos marqueteiros do governo.<!--more--><\/p>\n<p>Temos not\u00edcias de tiroteios di\u00e1rios, mortes e balas perdidas, em niveis muito semelhantes aos de antes da interven\u00e7\u00e3o, s\u00f3 que agora com mais visibilidade ainda. Afinal, o estado est\u00e1 sob interven\u00e7\u00e3o federal, ou seja, sob os holofotes da m\u00eddia e de todo o Brasil. Cada  morte, cada tiroteio, cada bloqueio de rua, e sobretudo as falhas de planejamento e execu\u00e7\u00e3o, como a demora na libera\u00e7\u00e3o dos recursos federais para as for\u00e7as da interven\u00e7\u00e3o, t\u00eam muito mais visibilidade.<\/p>\n<p>Pior ainda, as informa\u00e7\u00f5es disseminadas pelas autoridades de que estariam muito perto de elucidar as circunst\u00e2ncias da execu\u00e7\u00e3o da vereadora Marielle Franco e do motorista Anderson Oliveira parecem ter morrido na praia. Todo mundo sabe que o crime tem rela\u00e7\u00e3o com as mil\u00edcias, mas aparentemente pouco se avan\u00e7ou na investiga\u00e7\u00e3o \u2013 o que s\u00f3 faz aumentar o desgaste federal.<\/p>\n<p>Agora, soma-se \u00e0 \u00f3bvia falta de resultados o problema pol\u00edtico. Sob o cerco das investiga\u00e7\u00f5es de corrup\u00e7\u00e3o que a cada dia trazem \u00e0 luz mais elementos, e j\u00e1 com a marca de presidente mais impopular da hist\u00f3ria recente do pa\u00eds, Michel Temer caminha aceleradamente para o esvaziamento total do que lhe resta de poder pol\u00edtico.<\/p>\n<p>Al\u00e9m da necessidade de assegurar algum tipo de condi\u00e7\u00e3o atenuante para os futuros processos aos quais ter\u00e1 que responder a partir de 2019, sem foro privilegiado \u2013 e junto com a torcida pol\u00edtica do Flamengo \u2013 Temer est\u00e1 mais vulner\u00e1vel a press\u00f5es do Legislativo, que a esta altura s\u00f3 pensa em aprovar PECs e leis que garantam anistias, limitem a atua\u00e7\u00e3o do Minist\u00e9rio P\u00fablico e dos ju\u00edzes e acabem com o foro privilegiado tamb\u00e9m para eles.<\/p>\n<p>Boa parte disso ter\u00e1 que ser feita por emenda \u00e0 Constitui\u00e7\u00e3o, ainda este ano, pelo atual Congresso, at\u00e9 31 de dezembro, para benefici\u00e1-los de verdade. Mas como, se \u00e9 proibido emendar a Constitui\u00e7\u00e3o na vig\u00eancia de interven\u00e7\u00e3o federal, que s\u00f3 termina justamete nesse dia?<\/p>\n<p>J\u00e1 ficou claro quem \u00e9 que vai dan\u00e7ar primeiro, e mais uma vez ser\u00e1 o Rio. Ningu\u00e9m se surpreender\u00e1 se, daqui a alguns dias, o pr\u00f3prio Planalto, com a cara mais lavada desse mundo, come\u00e7ar a falar em encerrar a interven\u00e7\u00e3o antes do prazo. Ela virou um tremendo mico.<\/p>\n","protected":false},"excerpt":{"rendered":"<p>No DCM, por Helena Chagas &#8211; Prestes a completar tr\u00eas meses, a interven\u00e7\u00e3o federal no Rio se Janeiro n\u00e3o produziu o efeito desejado pelo Planalto, que era criar na popula\u00e7\u00e3o ao menos uma percep\u00e7\u00e3o de maior seguran\u00e7a com a presen\u00e7a do Ex\u00e9rcito nas ruas. Nem o Ex\u00e9rcito \u2013 talvez acertadamente \u2013 foi tanto assim para&#8230;<a class=\"more-link\" href=\"http:\/\/blogdalucianaoliveira.com.br\/blog\/2018\/05\/07\/a-intervencao-que-virou-mico\/\">Continue a leitura <span class=\"meta-nav\">&raquo;<\/span><\/a><\/p>\n","protected":false},"author":1,"featured_media":0,"comment_status":"closed","ping_status":"open","sticky":false,"template":"","format":"standard","meta":{"_exactmetrics_skip_tracking":false,"_exactmetrics_sitenote_active":false,"_exactmetrics_sitenote_note":"","_exactmetrics_sitenote_category":0,"jetpack_post_was_ever_published":false,"_jetpack_newsletter_access":"","_jetpack_dont_email_post_to_subs":false,"_jetpack_newsletter_tier_id":0,"_jetpack_memberships_contains_paywalled_content":false,"_jetpack_memberships_contains_paid_content":false,"footnotes":"","jetpack_publicize_message":"","jetpack_publicize_feature_enabled":true,"jetpack_social_post_already_shared":true,"jetpack_social_options":{"image_generator_settings":{"template":"highway","enabled":false},"version":2}},"categories":[1],"tags":[],"class_list":["post-17896","post","type-post","status-publish","format-standard","hentry","category-notas"],"jetpack_publicize_connections":[],"jetpack_sharing_enabled":true,"jetpack_featured_media_url":"","jetpack_shortlink":"https:\/\/wp.me\/p7wKYW-4EE","jetpack-related-posts":[],"_links":{"self":[{"href":"http:\/\/blogdalucianaoliveira.com.br\/blog\/wp-json\/wp\/v2\/posts\/17896","targetHints":{"allow":["GET"]}}],"collection":[{"href":"http:\/\/blogdalucianaoliveira.com.br\/blog\/wp-json\/wp\/v2\/posts"}],"about":[{"href":"http:\/\/blogdalucianaoliveira.com.br\/blog\/wp-json\/wp\/v2\/types\/post"}],"author":[{"embeddable":true,"href":"http:\/\/blogdalucianaoliveira.com.br\/blog\/wp-json\/wp\/v2\/users\/1"}],"replies":[{"embeddable":true,"href":"http:\/\/blogdalucianaoliveira.com.br\/blog\/wp-json\/wp\/v2\/comments?post=17896"}],"version-history":[{"count":1,"href":"http:\/\/blogdalucianaoliveira.com.br\/blog\/wp-json\/wp\/v2\/posts\/17896\/revisions"}],"predecessor-version":[{"id":17898,"href":"http:\/\/blogdalucianaoliveira.com.br\/blog\/wp-json\/wp\/v2\/posts\/17896\/revisions\/17898"}],"wp:attachment":[{"href":"http:\/\/blogdalucianaoliveira.com.br\/blog\/wp-json\/wp\/v2\/media?parent=17896"}],"wp:term":[{"taxonomy":"category","embeddable":true,"href":"http:\/\/blogdalucianaoliveira.com.br\/blog\/wp-json\/wp\/v2\/categories?post=17896"},{"taxonomy":"post_tag","embeddable":true,"href":"http:\/\/blogdalucianaoliveira.com.br\/blog\/wp-json\/wp\/v2\/tags?post=17896"}],"curies":[{"name":"wp","href":"https:\/\/api.w.org\/{rel}","templated":true}]}}