{"id":17899,"date":"2018-05-07T10:16:29","date_gmt":"2018-05-07T14:16:29","guid":{"rendered":"http:\/\/blogdalucianaoliveira.com.br\/blog\/?p=17899"},"modified":"2018-05-07T10:16:29","modified_gmt":"2018-05-07T14:16:29","slug":"mais-uma-execucao-no-rio-agora-e-um-estudante-da-uerj","status":"publish","type":"post","link":"http:\/\/blogdalucianaoliveira.com.br\/blog\/2018\/05\/07\/mais-uma-execucao-no-rio-agora-e-um-estudante-da-uerj\/","title":{"rendered":"MAIS UMA EXECU\u00c7\u00c3O NO RIO: AGORA, \u00c9 UM ESTUDANTE DA UERJ"},"content":{"rendered":"<p><img data-recalc-dims=\"1\" loading=\"lazy\" decoding=\"async\" data-attachment-id=\"17900\" data-permalink=\"http:\/\/blogdalucianaoliveira.com.br\/blog\/2018\/05\/07\/mais-uma-execucao-no-rio-agora-e-um-estudante-da-uerj\/ure\/\" data-orig-file=\"https:\/\/i0.wp.com\/blogdalucianaoliveira.com.br\/blog\/wp-content\/uploads\/2018\/05\/ure.jpeg?fit=1000%2C357\" data-orig-size=\"1000,357\" data-comments-opened=\"0\" data-image-meta=\"{&quot;aperture&quot;:&quot;0&quot;,&quot;credit&quot;:&quot;&quot;,&quot;camera&quot;:&quot;&quot;,&quot;caption&quot;:&quot;&quot;,&quot;created_timestamp&quot;:&quot;0&quot;,&quot;copyright&quot;:&quot;&quot;,&quot;focal_length&quot;:&quot;0&quot;,&quot;iso&quot;:&quot;0&quot;,&quot;shutter_speed&quot;:&quot;0&quot;,&quot;title&quot;:&quot;&quot;,&quot;orientation&quot;:&quot;0&quot;}\" data-image-title=\"ure\" data-image-description=\"\" data-image-caption=\"\" data-medium-file=\"https:\/\/i0.wp.com\/blogdalucianaoliveira.com.br\/blog\/wp-content\/uploads\/2018\/05\/ure.jpeg?fit=300%2C107\" data-large-file=\"https:\/\/i0.wp.com\/blogdalucianaoliveira.com.br\/blog\/wp-content\/uploads\/2018\/05\/ure.jpeg?fit=600%2C214\" class=\"alignnone size-full wp-image-17900\" src=\"https:\/\/i0.wp.com\/blogdalucianaoliveira.com.br\/blog\/wp-content\/uploads\/2018\/05\/ure.jpeg?resize=600%2C214\" alt=\"ure\" width=\"600\" height=\"214\" srcset=\"https:\/\/i0.wp.com\/blogdalucianaoliveira.com.br\/blog\/wp-content\/uploads\/2018\/05\/ure.jpeg?w=1000 1000w, https:\/\/i0.wp.com\/blogdalucianaoliveira.com.br\/blog\/wp-content\/uploads\/2018\/05\/ure.jpeg?resize=300%2C107 300w, https:\/\/i0.wp.com\/blogdalucianaoliveira.com.br\/blog\/wp-content\/uploads\/2018\/05\/ure.jpeg?resize=768%2C274 768w, https:\/\/i0.wp.com\/blogdalucianaoliveira.com.br\/blog\/wp-content\/uploads\/2018\/05\/ure.jpeg?resize=800%2C286 800w\" sizes=\"auto, (max-width: 600px) 100vw, 600px\" \/><\/p>\n<p>&nbsp;<\/p>\n<p><strong>247<\/strong>\u00a0&#8211; O irm\u00e3o do estudante Matheus Passareli, de 21 anos,\u00a0desaparecido h\u00e1 uma semana, disse que o estudante de artes visuais da Uerj foi executado quando entrou em uma comunidade no bairro de Piedade, Zona Norte do Rio. Gabriel Passareli recebeu informa\u00e7\u00f5es da pol\u00edcia de que o corpo teria sido queimado. O motivo do crime ainda est\u00e1 sendo investigado.<!--more--><\/p>\n<p>&#8220;Matheus sumiu na madrugada de 29 de abril, ao sair do anivers\u00e1rio de uma amiga na Rua Cruz e Souza, no Encantado, na Zona Norte, por volta das 2h30m. De acordo com Gabriel, o estudante se despediu dos amigos dizendo que n\u00e3o se sentia bem.<\/p>\n<p>O irm\u00e3o diz que todo o processo de investiga\u00e7\u00e3o do desaparecimento foi acompanhado por ele, pela m\u00e3e e por amigos. Segundo Gabriel, as informa\u00e7\u00f5es mais recentes que ele e a fam\u00edlia receberam &#8220;demostram diferentes faces da crueldade&#8221;. Os parentes de Matheus est\u00e3o reunidos em Rio Bonito, no interior do estado do Rio de Janeiro.&#8221;<\/p>\n<p>Leia mais\u00a0<a href=\"https:\/\/oglobo.globo.com\/rio\/estudante-da-uerj-desaparecido-ha-uma-semana-foi-executado-diz-irmao-22658956\" target=\"_blank\">aqui<\/a>.<\/p>\n<div>\n<div id=\"br_video_player_63ff23b3e0fe3acbb77a458e0874428ce583a3eb\">\n<div class=\"media-player\">\n<div class=\"media-controls\">\n<div class=\"progress-bar\"><\/div>\n<\/div>\n<\/div>\n<\/div>\n<\/div>\n","protected":false},"excerpt":{"rendered":"<p>&nbsp; 247\u00a0&#8211; O irm\u00e3o do estudante Matheus Passareli, de 21 anos,\u00a0desaparecido h\u00e1 uma semana, disse que o estudante de artes visuais da Uerj foi executado quando entrou em uma comunidade no bairro de Piedade, Zona Norte do Rio. Gabriel Passareli recebeu informa\u00e7\u00f5es da pol\u00edcia de que o corpo teria sido queimado. O motivo do crime&#8230;<a class=\"more-link\" href=\"http:\/\/blogdalucianaoliveira.com.br\/blog\/2018\/05\/07\/mais-uma-execucao-no-rio-agora-e-um-estudante-da-uerj\/\">Continue a leitura <span class=\"meta-nav\">&raquo;<\/span><\/a><\/p>\n","protected":false},"author":1,"featured_media":0,"comment_status":"closed","ping_status":"open","sticky":false,"template":"","format":"standard","meta":{"_exactmetrics_skip_tracking":false,"_exactmetrics_sitenote_active":false,"_exactmetrics_sitenote_note":"","_exactmetrics_sitenote_category":0,"jetpack_post_was_ever_published":false,"_jetpack_newsletter_access":"","_jetpack_dont_email_post_to_subs":false,"_jetpack_newsletter_tier_id":0,"_jetpack_memberships_contains_paywalled_content":false,"_jetpack_memberships_contains_paid_content":false,"footnotes":"","jetpack_publicize_message":"","jetpack_publicize_feature_enabled":true,"jetpack_social_post_already_shared":true,"jetpack_social_options":{"image_generator_settings":{"template":"highway","enabled":false},"version":2}},"categories":[1],"tags":[],"class_list":["post-17899","post","type-post","status-publish","format-standard","hentry","category-notas"],"jetpack_publicize_connections":[],"jetpack_sharing_enabled":true,"jetpack_featured_media_url":"","jetpack_shortlink":"https:\/\/wp.me\/p7wKYW-4EH","jetpack-related-posts":[],"_links":{"self":[{"href":"http:\/\/blogdalucianaoliveira.com.br\/blog\/wp-json\/wp\/v2\/posts\/17899","targetHints":{"allow":["GET"]}}],"collection":[{"href":"http:\/\/blogdalucianaoliveira.com.br\/blog\/wp-json\/wp\/v2\/posts"}],"about":[{"href":"http:\/\/blogdalucianaoliveira.com.br\/blog\/wp-json\/wp\/v2\/types\/post"}],"author":[{"embeddable":true,"href":"http:\/\/blogdalucianaoliveira.com.br\/blog\/wp-json\/wp\/v2\/users\/1"}],"replies":[{"embeddable":true,"href":"http:\/\/blogdalucianaoliveira.com.br\/blog\/wp-json\/wp\/v2\/comments?post=17899"}],"version-history":[{"count":1,"href":"http:\/\/blogdalucianaoliveira.com.br\/blog\/wp-json\/wp\/v2\/posts\/17899\/revisions"}],"predecessor-version":[{"id":17901,"href":"http:\/\/blogdalucianaoliveira.com.br\/blog\/wp-json\/wp\/v2\/posts\/17899\/revisions\/17901"}],"wp:attachment":[{"href":"http:\/\/blogdalucianaoliveira.com.br\/blog\/wp-json\/wp\/v2\/media?parent=17899"}],"wp:term":[{"taxonomy":"category","embeddable":true,"href":"http:\/\/blogdalucianaoliveira.com.br\/blog\/wp-json\/wp\/v2\/categories?post=17899"},{"taxonomy":"post_tag","embeddable":true,"href":"http:\/\/blogdalucianaoliveira.com.br\/blog\/wp-json\/wp\/v2\/tags?post=17899"}],"curies":[{"name":"wp","href":"https:\/\/api.w.org\/{rel}","templated":true}]}}