{"id":17902,"date":"2018-05-07T12:14:26","date_gmt":"2018-05-07T16:14:26","guid":{"rendered":"http:\/\/blogdalucianaoliveira.com.br\/blog\/?p=17902"},"modified":"2018-05-07T12:14:26","modified_gmt":"2018-05-07T16:14:26","slug":"metade-dos-brasileiros-considera-que-dilma-sofreu-golpe-em-2016","status":"publish","type":"post","link":"http:\/\/blogdalucianaoliveira.com.br\/blog\/2018\/05\/07\/metade-dos-brasileiros-considera-que-dilma-sofreu-golpe-em-2016\/","title":{"rendered":"METADE DOS BRASILEIROS CONSIDERA QUE DILMA SOFREU GOLPE EM 2016"},"content":{"rendered":"<p><img data-recalc-dims=\"1\" loading=\"lazy\" decoding=\"async\" data-attachment-id=\"17903\" data-permalink=\"http:\/\/blogdalucianaoliveira.com.br\/blog\/2018\/05\/07\/metade-dos-brasileiros-considera-que-dilma-sofreu-golpe-em-2016\/dii\/\" data-orig-file=\"https:\/\/i0.wp.com\/blogdalucianaoliveira.com.br\/blog\/wp-content\/uploads\/2018\/05\/dii.jpg?fit=1000%2C357\" data-orig-size=\"1000,357\" data-comments-opened=\"0\" data-image-meta=\"{&quot;aperture&quot;:&quot;0&quot;,&quot;credit&quot;:&quot;&quot;,&quot;camera&quot;:&quot;&quot;,&quot;caption&quot;:&quot;&quot;,&quot;created_timestamp&quot;:&quot;0&quot;,&quot;copyright&quot;:&quot;&quot;,&quot;focal_length&quot;:&quot;0&quot;,&quot;iso&quot;:&quot;0&quot;,&quot;shutter_speed&quot;:&quot;0&quot;,&quot;title&quot;:&quot;&quot;,&quot;orientation&quot;:&quot;0&quot;}\" data-image-title=\"dii\" data-image-description=\"\" data-image-caption=\"\" data-medium-file=\"https:\/\/i0.wp.com\/blogdalucianaoliveira.com.br\/blog\/wp-content\/uploads\/2018\/05\/dii.jpg?fit=300%2C107\" data-large-file=\"https:\/\/i0.wp.com\/blogdalucianaoliveira.com.br\/blog\/wp-content\/uploads\/2018\/05\/dii.jpg?fit=600%2C214\" class=\"alignnone size-full wp-image-17903\" src=\"https:\/\/i0.wp.com\/blogdalucianaoliveira.com.br\/blog\/wp-content\/uploads\/2018\/05\/dii.jpg?resize=600%2C214\" alt=\"dii\" width=\"600\" height=\"214\" srcset=\"https:\/\/i0.wp.com\/blogdalucianaoliveira.com.br\/blog\/wp-content\/uploads\/2018\/05\/dii.jpg?w=1000 1000w, https:\/\/i0.wp.com\/blogdalucianaoliveira.com.br\/blog\/wp-content\/uploads\/2018\/05\/dii.jpg?resize=300%2C107 300w, https:\/\/i0.wp.com\/blogdalucianaoliveira.com.br\/blog\/wp-content\/uploads\/2018\/05\/dii.jpg?resize=768%2C274 768w, https:\/\/i0.wp.com\/blogdalucianaoliveira.com.br\/blog\/wp-content\/uploads\/2018\/05\/dii.jpg?resize=800%2C286 800w\" sizes=\"auto, (max-width: 600px) 100vw, 600px\" \/><\/p>\n<p><strong>247 &#8211;\u00a0<\/strong>Assentada a poeira da maior guerra de informa\u00e7\u00e3o j\u00e1 vista no pa\u00eds, para derrubar Dilma Roussef, a opini\u00e3o p\u00fablica come\u00e7a a apresentar um veredito muito diferente do pretendido pelas m\u00eddias conservadoras e as elites nacionais. Quase metade da popula\u00e7\u00e3o (47,9%) j\u00e1 considera que o que aconteceu entre 2015 e 2016 foi um golpe de Estado e n\u00e3o um evento normal, democr\u00e1tico. \u00c9 o que informa pesquisa\u00a0em mar\u00e7o pelo Instituto da Democracia e da Democratiza\u00e7\u00e3o da Comunica\u00e7\u00e3o, bra\u00e7o do Instituto Nacional de Ci\u00eancia e Tecnologia (INTC).<!--more--><\/p>\n<p>O n\u00famero dos que consideram que houve um impeachment dentro das regras do jogo democr\u00e1tico, \u00e9 minorit\u00e1rio (43,5%), ao contr\u00e1rio do que aconteceu durante o auge da campanha de m\u00eddias contra Dilma, com manchetes di\u00e1rias no Jornal Nacional da TV de Globo e de todos os jornais, TVs, revistas, e r\u00e1dios de largo alcance, todos controlados por empres\u00e1rios conservadores, al\u00e9m da milion\u00e1ria campanha nas redes sociais.<\/p>\n<p>O levantamento foi realizado entre os dias 15 e 23 de mar\u00e7o com 2.500 entrevistas domiciliares em 179 munic\u00edpio. A margem de erro \u00e9 de dois pontos. Para o cientista pol\u00edtico Leonardo Avritzer (UFGM), que coordenou o trabalho, h\u00e1 uma s\u00e9rie de eventos que deixaram \u00e0 luz do dia o car\u00e1ter do golpe. Ele mencionou, entre outros: a grava\u00e7\u00e3o que derrubou o senador Romero Juc\u00e1 (MDB-RR) do minist\u00e9rio do governo Michel Temer logo no in\u00edcio da gest\u00e3o, a descoberta de R$ 51 milh\u00f5es ilegais atribu\u00eddos ao tamb\u00e9m ex-ministro Geddel Vieira Lima (MDB), a derrocada do senador A\u00e9cio Neves (PSDB-MG) ap\u00f3s a divulga\u00e7\u00e3o de suas conversas com o empres\u00e1rio Joesley Batista e as den\u00fancias contra o pr\u00f3prio Temer apresentadas pela Procuradoria-Geral da Rep\u00fablica.<\/p>\n<p>Realizado antes da pris\u00e3o do ex-presidente Luiz In\u00e1cio Lula da Silva, o levantamento mostrou que tamb\u00e9m havia divis\u00e3o em rela\u00e7\u00e3o \u00e0 condena\u00e7\u00e3o ao petista imposta pelo juiz Sergio Moro e confirmada pelo Tribunal Regional da 4\u00aa Regi\u00e3o. O impressionante na pesquisa \u00e9 que mesmo diante do intenso &#8220;fogo de barragem&#8221; das m\u00eddias contra Lula, h\u00e1 uma parcela expressiva do pa\u00eds que considera sua condena\u00e7\u00e3o injusta: 39,1% (27,6% discordaram muito da condena\u00e7\u00e3o e 11,5% discordaram pouco). 45,5% dos consultados afirmaram concordar com a condena\u00e7\u00e3o do TRF-4 (30,3% concordaram muito com a condena\u00e7\u00e3o e 15,2% concordaram pouco). Com o tempo e a possibilidade de um ju\u00edzo popular sem a press\u00e3o brutal das m\u00eddias de massa, \u00e9 de se esperar um crescimento do sentimento de injusti\u00e7a em rela\u00e7\u00e3o \u00e1 condena\u00e7\u00e3o j\u00e1 nos pr\u00f3ximos meses.<\/p>\n<p>Leia mais\u00a0<a href=\"http:\/\/www.valor.com.br\/politica\/5506245\/para-48-dos-brasileiros-dilma-sofreu-golpe-em-2016\" target=\"_blank\">aqui<\/a>.<\/p>\n","protected":false},"excerpt":{"rendered":"<p>247 &#8211;\u00a0Assentada a poeira da maior guerra de informa\u00e7\u00e3o j\u00e1 vista no pa\u00eds, para derrubar Dilma Roussef, a opini\u00e3o p\u00fablica come\u00e7a a apresentar um veredito muito diferente do pretendido pelas m\u00eddias conservadoras e as elites nacionais. Quase metade da popula\u00e7\u00e3o (47,9%) j\u00e1 considera que o que aconteceu entre 2015 e 2016 foi um golpe de&#8230;<a class=\"more-link\" href=\"http:\/\/blogdalucianaoliveira.com.br\/blog\/2018\/05\/07\/metade-dos-brasileiros-considera-que-dilma-sofreu-golpe-em-2016\/\">Continue a leitura <span class=\"meta-nav\">&raquo;<\/span><\/a><\/p>\n","protected":false},"author":1,"featured_media":0,"comment_status":"closed","ping_status":"open","sticky":false,"template":"","format":"standard","meta":{"_exactmetrics_skip_tracking":false,"_exactmetrics_sitenote_active":false,"_exactmetrics_sitenote_note":"","_exactmetrics_sitenote_category":0,"jetpack_post_was_ever_published":false,"_jetpack_newsletter_access":"","_jetpack_dont_email_post_to_subs":false,"_jetpack_newsletter_tier_id":0,"_jetpack_memberships_contains_paywalled_content":false,"_jetpack_memberships_contains_paid_content":false,"footnotes":"","jetpack_publicize_message":"","jetpack_publicize_feature_enabled":true,"jetpack_social_post_already_shared":true,"jetpack_social_options":{"image_generator_settings":{"template":"highway","enabled":false},"version":2}},"categories":[1],"tags":[],"class_list":["post-17902","post","type-post","status-publish","format-standard","hentry","category-notas"],"jetpack_publicize_connections":[],"jetpack_sharing_enabled":true,"jetpack_featured_media_url":"","jetpack_shortlink":"https:\/\/wp.me\/p7wKYW-4EK","jetpack-related-posts":[],"_links":{"self":[{"href":"http:\/\/blogdalucianaoliveira.com.br\/blog\/wp-json\/wp\/v2\/posts\/17902","targetHints":{"allow":["GET"]}}],"collection":[{"href":"http:\/\/blogdalucianaoliveira.com.br\/blog\/wp-json\/wp\/v2\/posts"}],"about":[{"href":"http:\/\/blogdalucianaoliveira.com.br\/blog\/wp-json\/wp\/v2\/types\/post"}],"author":[{"embeddable":true,"href":"http:\/\/blogdalucianaoliveira.com.br\/blog\/wp-json\/wp\/v2\/users\/1"}],"replies":[{"embeddable":true,"href":"http:\/\/blogdalucianaoliveira.com.br\/blog\/wp-json\/wp\/v2\/comments?post=17902"}],"version-history":[{"count":1,"href":"http:\/\/blogdalucianaoliveira.com.br\/blog\/wp-json\/wp\/v2\/posts\/17902\/revisions"}],"predecessor-version":[{"id":17904,"href":"http:\/\/blogdalucianaoliveira.com.br\/blog\/wp-json\/wp\/v2\/posts\/17902\/revisions\/17904"}],"wp:attachment":[{"href":"http:\/\/blogdalucianaoliveira.com.br\/blog\/wp-json\/wp\/v2\/media?parent=17902"}],"wp:term":[{"taxonomy":"category","embeddable":true,"href":"http:\/\/blogdalucianaoliveira.com.br\/blog\/wp-json\/wp\/v2\/categories?post=17902"},{"taxonomy":"post_tag","embeddable":true,"href":"http:\/\/blogdalucianaoliveira.com.br\/blog\/wp-json\/wp\/v2\/tags?post=17902"}],"curies":[{"name":"wp","href":"https:\/\/api.w.org\/{rel}","templated":true}]}}