{"id":17907,"date":"2018-05-07T15:44:58","date_gmt":"2018-05-07T19:44:58","guid":{"rendered":"http:\/\/blogdalucianaoliveira.com.br\/blog\/?p=17907"},"modified":"2018-05-07T15:44:58","modified_gmt":"2018-05-07T19:44:58","slug":"o-gesto-religioso-mais-relevante-em-meio-a-polemica-do-conselho-lgbttt-deve-encaminhar-decisao-de-daniel-pereira","status":"publish","type":"post","link":"http:\/\/blogdalucianaoliveira.com.br\/blog\/2018\/05\/07\/o-gesto-religioso-mais-relevante-em-meio-a-polemica-do-conselho-lgbttt-deve-encaminhar-decisao-de-daniel-pereira\/","title":{"rendered":"O gesto religioso mais relevante em meio \u00e0 pol\u00eamica do Conselho LGBTTT deve encaminhar decis\u00e3o de Daniel Pereira"},"content":{"rendered":"<p><em>E ainda: Marcos Rog\u00e9rio precisa explicar s\u00f3 mais uma coisinha em rela\u00e7\u00e3o ao seu avi\u00e3o; \u2018El Pa\u00eds\u2019 destaca atentado contra jornalista de Rond\u00f4nia e viol\u00eancia crescente contra a imprensa no Brasil<\/em><\/p>\n<p><iframe loading=\"lazy\" class=\"entry-thumb\" src=\"https:\/\/www.youtube.com\/embed\/1ol2mZFYKl8\" width=\"700\" height=\"467\" frameborder=\"0\" scrolling=\"no\"><\/iframe><\/p>\n<p><span style=\"font-size: 18px;\"><span style=\"font-family: Georgia,serif;\"><strong>Coral para Herbert Vianna e os Paralamas do Sucesso <\/strong><\/span><\/span><\/p>\n<p><span style=\"font-size: 18px;\"><span style=\"font-family: Georgia,serif;\">Uma das coisas mais lindas e emocionantes que j\u00e1 vi por aqui em termos de homenagem. N\u00e3o conhe\u00e7o detalhes sobre quem participou, mas todos os representantes que receberam os integrantes do grupo Paralamas do Sucesso no aeroporto antes do show aqui em Rond\u00f4nia est\u00e3o de parab\u00e9ns. D\u00e1 uma olhada a\u00ed e tente n\u00e3o chorar.<\/span><\/span><\/p>\n<p><span style=\"font-size: 18px;\"><span style=\"font-family: Georgia,serif;\"><strong>Cultura do \u00f3dio x Cultura da paz<\/strong><\/span><\/span><\/p>\n<p><span style=\"font-size: 18px;\"><span style=\"font-family: Georgia,serif;\">A arquidiocese de Porto Velho, atrav\u00e9s de uma carta de apoio referendada tanto pelo arcebispo Dom Roque Paloschi quanto pelo vig\u00e1rio-geral, o padre Filip Jacques Cromheecke, demonstrou pelo menos uma coisa em rela\u00e7\u00e3o \u00e0 celeuma instalada ap\u00f3s a aprova\u00e7\u00e3o do Conselho LGBTTT patrocinada pela Assembleia Legislativa (ALE\/RO): o monop\u00f3lio da concep\u00e7\u00e3o crist\u00e3 sobre o tema n\u00e3o est\u00e1 nas m\u00e3os dos evang\u00e9licos fundamentalistas, longe disso.<\/span><\/span><\/p>\n<p><span style=\"font-size: 18px;\"><span style=\"font-family: Georgia,serif;\"><img data-recalc-dims=\"1\" decoding=\"async\" class=\"entry-thumb\" style=\"border-style: solid; border-width: 4px;\" src=\"https:\/\/i0.wp.com\/www.rondoniadinamica.com\/uploads\/carta-arque.jpg?w=600\" alt=\"\" \/><\/span><\/span><\/p>\n<p><span style=\"font-size: 18px;\"><span style=\"font-family: Georgia,serif;\"><strong>A carta muda tudo<\/strong><\/span><\/span><\/p>\n<p><span style=\"font-size: 18px;\"><span style=\"font-family: Georgia,serif;\">Duas igrejas demonstram oficialmente posicionamentos diferentes sobre a quest\u00e3o, mas o temor conservado por quem tem poder de sancionar ou n\u00e3o, o governador Daniel Pereira (PSB), para ficar claro, \u00e9 relacionado apenas ao receio de machucar sua imagem diante da pretensa casta onde se atribui, equivocadamente, diga-se de passagem, suposta maioria populacional com reflexos diretos nas urnas.<\/span><\/span><\/p>\n<p><span style=\"font-size: 18px;\"><span style=\"font-family: Georgia,serif;\"><strong>Antes disso<\/strong><\/span><\/span><\/p>\n<p><span style=\"font-size: 18px;\"><span style=\"font-family: Georgia,serif;\">Vale frisar que antes do posicionamento da arquidiocese de Porto Velho foi expedida uma nota p\u00fablica de coletivo de entidades, veiculada no <strong>Rond\u00f4nia Din\u00e2mica<\/strong>, inclusive, apresentando tamb\u00e9m o manifesto religioso extremamente significativo apontado pela participa\u00e7\u00e3o da Associa\u00e7\u00e3o Religiosa Recreio de Iemanj\u00e1: Terreiro de Mina Santa B\u00e1rbara acerca da quest\u00e3o.<\/span><\/span><\/p>\n<p><a href=\"http:\/\/rondoniadinamica.com\/arquivo\/coletivo-de-entidades-emite-nota-publica-a-favor-do-conselho-lgbttqi-no-estado-de-rondonia,24332.shtml\" target=\"_blank\"><span style=\"color: #0000cd;\"><u><strong><span style=\"font-size: 18px;\"><span style=\"font-family: Georgia,serif;\">Coletivo de entidades emite nota p\u00fablica a favor do Conselho LGBTTQI no Estado de Rond\u00f4nia<\/span><\/span><\/strong><\/u><\/span><\/a><\/p>\n<p><span style=\"font-size: 18px;\"><span style=\"font-family: Georgia,serif;\"><strong>Diversidade \u00e9tnico-religiosa e cultural<\/strong><\/span><\/span><\/p>\n<p><span style=\"font-size: 18px;\"><span style=\"font-family: Georgia,serif;\">O protagonismo pioneiro apresentado pela entidade de matriz africana representa respeito total \u00e0 diversidade \u00e9tnico-religiosa e cultural, eis a sua import\u00e2ncia no contexto \u2013 principalmente agora com outros posicionamentos semelhantes e t\u00e3o significativos quanto.<\/span><\/span><\/p>\n<p><span style=\"font-size: 18px;\"><span style=\"font-family: Georgia,serif;\"><strong>Maaaaassssssss&#8230;<\/strong><\/span><\/span><\/p>\n<p><span style=\"font-size: 18px;\"><span style=\"font-family: Georgia,serif;\">Com base em n\u00fameros defasados que s\u00e3o usados at\u00e9 hoje para respaldar determinado querer \u00e0 for\u00e7a, 50% do eleitorado \u00e9 evang\u00e9lico \u2013 digamos assim; outros 40%, portanto, seria formado por cat\u00f3licos e h\u00e1, paralelamente, os movimentos sociais que atingem de 25% a 30% dos votantes. Mas Vinicius, voc\u00ea \u00e9 retardado? Isso da\u00ed d\u00e1 120%! Sim, daria, se entre evang\u00e9licos e cat\u00f3licos n\u00e3o estivessem inseridos tamb\u00e9m representantes desses movimentos sociais. Logo, quem \u00e9 maioria, governador?<\/span><\/span><\/p>\n<p><span style=\"font-size: 18px;\"><span style=\"font-family: Georgia,serif;\"><strong>D\u00favida <\/strong><\/span><\/span><\/p>\n<p><span style=\"font-size: 18px;\"><span style=\"font-family: Georgia,serif;\">Daniel Pereira tem uma vida inteira na pol\u00edtica voltada a pautas progressistas. Ele n\u00e3o tem d\u00favidas sobre a import\u00e2ncia de se aprovar o Conselho; o receio dele, assim como de outros tantos pol\u00edticos, \u00e9 desagradar evang\u00e9licos conservadores. A nota da arquidiocese veio, ent\u00e3o, para acabar com esse sufoco chantagista e demonstrar que h\u00e1 muito mais que a metade do todo querendo fazer a coisa certa. Lembrando, ainda, que a Igreja Cat\u00f3lica flui muito mais como unidade s\u00f3lida do que o evangelismo neopentecostal fragmentado.<\/span><\/span><\/p>\n<p><span style=\"font-size: 18px;\"><span style=\"font-family: Georgia,serif;\"><strong>Prova disso<\/strong><\/span><\/span><\/p>\n<p><span style=\"font-size: 18px;\"><span style=\"font-family: Georgia,serif;\">A briga entre o deputado federal Marcos Rog\u00e9rio (DEM) e todos os parlamentares estaduais de Rond\u00f4nia \u2013 tanto os que concordam com ele sobre a quest\u00e3o LGBTTT quanto os contr\u00e1rios ao seu posicionamento \u2013 \u00e9 a demonstra\u00e7\u00e3o cabal de que pequenas fagulhas de apropria\u00e7\u00e3o pol\u00edtica em temas controversos j\u00e1 s\u00e3o o suficiente para causar uma implos\u00e3o neopentecostal entre seus pr\u00f3prios part\u00edcipes. N\u00e3o h\u00e1 adivinha\u00e7\u00e3o aqui, apenas bom senso e racioc\u00ednio l\u00f3gico \u2013 e por isso quero crer agora que Daniel Pereira deve mesmo sancionar o projeto e criar o Conselho, sim.<\/span><\/span><\/p>\n<p><span style=\"font-size: 18px;\"><span style=\"font-family: Georgia,serif;\"><img data-recalc-dims=\"1\" decoding=\"async\" class=\"entry-thumb\" src=\"https:\/\/i0.wp.com\/www.rondoniadinamica.com\/uploads\/bvqq_1.jpg?w=600\" alt=\"\" \/><\/span><\/span><br \/>\n<span style=\"font-size: 16px;\"><span style=\"font-family: Georgia,serif;\"><em>Vou com os deputados\u00a0Herm\u00ednio, Leo Moraes e Jesu\u00edno para o bloco das &#8216;Vi\u00favas do Manel\u00e3o&#8217; ano que vem<br \/>\nIvanete Damasceno \/ G1<\/em><\/span><\/span><\/p>\n<p><span style=\"font-size: 18px;\"><span style=\"font-family: Georgia,serif;\"><strong>Eu quero meu meme!<\/strong><\/span><\/span><\/p>\n<p><span style=\"font-size: 18px;\"><span style=\"font-family: Georgia,serif;\">Car\u00edssimos covard\u00f5es an\u00f4nimos fabricantes de memes: pe\u00e7o encarecidamente, por conta da minha vaidade exagerada e narcisismo barato, que, por favor, fa\u00e7am um meme meu me maquiando de <em>drag queen<\/em> assim como o fizeram para os deputados Herm\u00ednio Coelho (PCdoB), Leo Moraes (Pros) e Jesu\u00edno Boabaid (PMN). Desta forma com certeza iremos todos andar de m\u00e3os dadas na pr\u00f3xima Banda do Vai Quem Quer onde mach\u00f5es como voc\u00eas soltam a franga na avenida sob pretexto de farrear, brincar e tirar sarro.<\/span><\/span><\/p>\n<p><img data-recalc-dims=\"1\" decoding=\"async\" class=\"entry-thumb\" src=\"https:\/\/i0.wp.com\/rondoniadinamica.com\/uploads\/x1rso4isp7o556v.jpg?w=600\" alt=\"Nota de Esclarecimento \u00e2\u0080\u0093 Marcos Rog\u00c3\u00a9rio fala sobre avi\u00c3\u00a3o e propriedade rural\" \/><br \/>\n<span style=\"font-size: 16px;\"><span style=\"font-family: Georgia,serif;\"><em>Combust\u00edvel pago por cota palamentar tamb\u00e9m serve para os outros dois s\u00f3cios da aeronave?<\/em><\/span><\/span><\/p>\n<p><span style=\"font-size: 18px;\"><span style=\"font-family: Georgia,serif;\"><strong>O avi\u00e3o de Marcos Rog\u00e9rio<\/strong><\/span><\/span><\/p>\n<p><span style=\"font-size: 18px;\"><span style=\"font-family: Georgia,serif;\">Em nota, o deputado Marcos Rog\u00e9rio deixou claro que vai processar seus detratores. Como ficamos receosos aqui no <strong>Rond\u00f4nia Din\u00e2mica<\/strong> gostar\u00edamos de nos antecipar \u00e0 defesa pr\u00e9via. Eu disse que o parlamentar tem um avi\u00e3o. Errei? N\u00e3o, ele admitiu. Disse, tamb\u00e9m, que ele abastece com dinheiro da cota. Eu errei? N\u00e3o \u2013 h\u00e1 notas fiscais no Portal Transpar\u00eancia, embora ele n\u00e3o tenha falado sobre isso. Pontuei, por fim, que o uso do avi\u00e3o n\u00e3o est\u00e1 vinculado \u00e0 economia em passagens a\u00e9reas e comprovei a alega\u00e7\u00e3o comparando seus gastos com a avia\u00e7\u00e3o comercial a outro parlamentar que n\u00e3o tem um p\u00e1ssaro de a\u00e7o particular.<\/span><\/span><\/p>\n<p><a href=\"http:\/\/www.rondoniadinamica.com\/arquivo\/nota-de-esclarecimento-marcos-rogerio-fala-sobre-aviao-e-propriedade-rural,24402.shtml\" target=\"_blank\"><span style=\"color: #0000cd;\"><u><strong><span style=\"font-family: Georgia,serif; font-size: 18px;\">Nota de Esclarecimento \u2013 Marcos Rog\u00e9rio fala sobre avi\u00e3o e propriedade rural<\/span><\/strong><\/u><\/span><\/a><\/p>\n<p><span style=\"font-size: 18px;\"><span style=\"font-family: Georgia,serif;\"><strong>Questionamento: pagamos o combust\u00edvel tamb\u00e9m para os s\u00f3cios da aeronave?<\/strong><\/span><\/span><\/p>\n<p><span style=\"font-size: 18px;\"><span style=\"font-family: Georgia,serif;\">H\u00e1 algo interessante que Marcos Rog\u00e9rio n\u00e3o abordou em sua nota oficial. Se ele tem um avi\u00e3o distribu\u00eddo em cota com outros dois s\u00f3cios, como fica a quest\u00e3o do abastecimento da aeronave? Os s\u00f3cios estariam usufruindo da cota parlamentar para voar por aqui tamb\u00e9m? Perguntar n\u00e3o ofende. A coluna, claro, est\u00e1 \u00e0 disposi\u00e7\u00e3o para ouvi-lo sobre esta e outras quest\u00f5es.<\/span><\/span><\/p>\n<p><span style=\"font-size: 18px;\"><span style=\"font-family: Georgia,serif;\"><img data-recalc-dims=\"1\" decoding=\"async\" class=\"entry-thumb\" style=\"border-style: solid; border-width: 4px;\" src=\"https:\/\/i0.wp.com\/www.rondoniadinamica.com\/uploads\/atacks.jpg?w=600\" alt=\"\" \/><\/span><\/span><\/p>\n<p><strong><span style=\"font-size: 18px;\"><span style=\"font-family: Georgia,serif;\">Ataque a jornalista em Rond\u00f4nia exp\u00f5e viol\u00eancia crescente \u00e0 imprensa<\/span><\/span><\/strong><\/p>\n<p><span style=\"font-size: 18px;\"><span style=\"font-family: Georgia,serif;\">Este \u00e9 o t\u00edtulo de uma reportagem publicada pelo jornal \u201cEl Pa\u00eds\u201d no \u00faltimo s\u00e1bado (05) relatando detalhes sobre o atentado a tiros sofrido pelo profissional Hamilton Alves aqui no Estado. O fato ocorreu tr\u00eas meses ap\u00f3s a execu\u00e7\u00e3o de Uelinton Brizon, jornalista assassinado em Rond\u00f4nia. Vale a pena ler e entender como a viol\u00eancia contra comunicadores tem crescido Brasil afora e de que maneira a ascens\u00e3o\u00a0atinge as liberdades de express\u00e3o e imprensa.<\/span><\/span><\/p>\n<p><u><strong><span style=\"font-size: 18px;\"><span style=\"font-family: Georgia,serif;\">Leia em:\u00a0<\/span><\/span><\/strong><\/u><\/p>\n<p><a href=\"https:\/\/brasil.elpais.com\/brasil\/2018\/05\/05\/politica\/1525532778_257241.html\" target=\"_blank\"><span style=\"color: #0000cd;\"><u><strong><span style=\"font-size: 18px;\"><span style=\"font-family: Georgia,serif;\">Ataque a jornalista em Rond\u00f4nia exp\u00f5e viol\u00eancia crescente \u00e0 imprensa<\/span><\/span><\/strong><\/u><\/span><\/a><\/p>\n<p><strong>Contato<\/strong><\/p>\n<p><span style=\"font-size: 18px;\"><span style=\"font-family: Georgia,serif;\">Estamos \u00e0 disposi\u00e7\u00e3o atrav\u00e9s do e-mail\u00a0<strong>viniciuscanova89@gmail.com<\/strong>. Lembre-se:\u00a0<strong>\u201cO Espectador\u201d\u00a0<\/strong>\u00e9 veiculada originalmente no\u00a0<strong>Rond\u00f4nia Din\u00e2mica<\/strong>, mas a reprodu\u00e7\u00e3o est\u00e1 autorizada desde que citada a fonte.<\/span><\/span><\/p>\n","protected":false},"excerpt":{"rendered":"<p>E ainda: Marcos Rog\u00e9rio precisa explicar s\u00f3 mais uma coisinha em rela\u00e7\u00e3o ao seu avi\u00e3o; \u2018El Pa\u00eds\u2019 destaca atentado contra jornalista de Rond\u00f4nia e viol\u00eancia crescente contra a imprensa no Brasil Coral para Herbert Vianna e os Paralamas do Sucesso Uma das coisas mais lindas e emocionantes que j\u00e1 vi por aqui em termos de&#8230;<a class=\"more-link\" href=\"http:\/\/blogdalucianaoliveira.com.br\/blog\/2018\/05\/07\/o-gesto-religioso-mais-relevante-em-meio-a-polemica-do-conselho-lgbttt-deve-encaminhar-decisao-de-daniel-pereira\/\">Continue a leitura <span class=\"meta-nav\">&raquo;<\/span><\/a><\/p>\n","protected":false},"author":1,"featured_media":0,"comment_status":"closed","ping_status":"open","sticky":false,"template":"","format":"standard","meta":{"_exactmetrics_skip_tracking":false,"_exactmetrics_sitenote_active":false,"_exactmetrics_sitenote_note":"","_exactmetrics_sitenote_category":0,"jetpack_post_was_ever_published":false,"_jetpack_newsletter_access":"","_jetpack_dont_email_post_to_subs":false,"_jetpack_newsletter_tier_id":0,"_jetpack_memberships_contains_paywalled_content":false,"_jetpack_memberships_contains_paid_content":false,"footnotes":"","jetpack_publicize_message":"","jetpack_publicize_feature_enabled":true,"jetpack_social_post_already_shared":true,"jetpack_social_options":{"image_generator_settings":{"template":"highway","enabled":false},"version":2}},"categories":[1],"tags":[],"class_list":["post-17907","post","type-post","status-publish","format-standard","hentry","category-notas"],"jetpack_publicize_connections":[],"jetpack_sharing_enabled":true,"jetpack_featured_media_url":"","jetpack_shortlink":"https:\/\/wp.me\/p7wKYW-4EP","jetpack-related-posts":[],"_links":{"self":[{"href":"http:\/\/blogdalucianaoliveira.com.br\/blog\/wp-json\/wp\/v2\/posts\/17907","targetHints":{"allow":["GET"]}}],"collection":[{"href":"http:\/\/blogdalucianaoliveira.com.br\/blog\/wp-json\/wp\/v2\/posts"}],"about":[{"href":"http:\/\/blogdalucianaoliveira.com.br\/blog\/wp-json\/wp\/v2\/types\/post"}],"author":[{"embeddable":true,"href":"http:\/\/blogdalucianaoliveira.com.br\/blog\/wp-json\/wp\/v2\/users\/1"}],"replies":[{"embeddable":true,"href":"http:\/\/blogdalucianaoliveira.com.br\/blog\/wp-json\/wp\/v2\/comments?post=17907"}],"version-history":[{"count":1,"href":"http:\/\/blogdalucianaoliveira.com.br\/blog\/wp-json\/wp\/v2\/posts\/17907\/revisions"}],"predecessor-version":[{"id":17909,"href":"http:\/\/blogdalucianaoliveira.com.br\/blog\/wp-json\/wp\/v2\/posts\/17907\/revisions\/17909"}],"wp:attachment":[{"href":"http:\/\/blogdalucianaoliveira.com.br\/blog\/wp-json\/wp\/v2\/media?parent=17907"}],"wp:term":[{"taxonomy":"category","embeddable":true,"href":"http:\/\/blogdalucianaoliveira.com.br\/blog\/wp-json\/wp\/v2\/categories?post=17907"},{"taxonomy":"post_tag","embeddable":true,"href":"http:\/\/blogdalucianaoliveira.com.br\/blog\/wp-json\/wp\/v2\/tags?post=17907"}],"curies":[{"name":"wp","href":"https:\/\/api.w.org\/{rel}","templated":true}]}}