{"id":17910,"date":"2018-05-08T10:59:19","date_gmt":"2018-05-08T14:59:19","guid":{"rendered":"http:\/\/blogdalucianaoliveira.com.br\/blog\/?p=17910"},"modified":"2018-05-08T10:59:19","modified_gmt":"2018-05-08T14:59:19","slug":"doze-vereadores-votam-a-favor-da-privatizacao-da-saude-e-outros-setores-em-porto-velho-seis-foram-contra-e-tres-se-ausentaram","status":"publish","type":"post","link":"http:\/\/blogdalucianaoliveira.com.br\/blog\/2018\/05\/08\/doze-vereadores-votam-a-favor-da-privatizacao-da-saude-e-outros-setores-em-porto-velho-seis-foram-contra-e-tres-se-ausentaram\/","title":{"rendered":"Doze vereadores votam a favor da privatiza\u00e7\u00e3o da sa\u00fade e outros setores em Porto Velho; seis foram contra \u2013 e tr\u00eas se ausentaram"},"content":{"rendered":"<p><img data-recalc-dims=\"1\" loading=\"lazy\" decoding=\"async\" data-attachment-id=\"17911\" data-permalink=\"http:\/\/blogdalucianaoliveira.com.br\/blog\/2018\/05\/08\/doze-vereadores-votam-a-favor-da-privatizacao-da-saude-e-outros-setores-em-porto-velho-seis-foram-contra-e-tres-se-ausentaram\/uni-3\/\" data-orig-file=\"https:\/\/i0.wp.com\/blogdalucianaoliveira.com.br\/blog\/wp-content\/uploads\/2018\/05\/uni.jpg?fit=700%2C700\" data-orig-size=\"700,700\" data-comments-opened=\"0\" data-image-meta=\"{&quot;aperture&quot;:&quot;0&quot;,&quot;credit&quot;:&quot;&quot;,&quot;camera&quot;:&quot;&quot;,&quot;caption&quot;:&quot;&quot;,&quot;created_timestamp&quot;:&quot;0&quot;,&quot;copyright&quot;:&quot;&quot;,&quot;focal_length&quot;:&quot;0&quot;,&quot;iso&quot;:&quot;0&quot;,&quot;shutter_speed&quot;:&quot;0&quot;,&quot;title&quot;:&quot;&quot;,&quot;orientation&quot;:&quot;1&quot;}\" data-image-title=\"uni\" data-image-description=\"\" data-image-caption=\"\" data-medium-file=\"https:\/\/i0.wp.com\/blogdalucianaoliveira.com.br\/blog\/wp-content\/uploads\/2018\/05\/uni.jpg?fit=300%2C300\" data-large-file=\"https:\/\/i0.wp.com\/blogdalucianaoliveira.com.br\/blog\/wp-content\/uploads\/2018\/05\/uni.jpg?fit=600%2C600\" class=\"alignnone size-full wp-image-17911\" src=\"https:\/\/i0.wp.com\/blogdalucianaoliveira.com.br\/blog\/wp-content\/uploads\/2018\/05\/uni.jpg?resize=600%2C600\" alt=\"uni\" width=\"600\" height=\"600\" srcset=\"https:\/\/i0.wp.com\/blogdalucianaoliveira.com.br\/blog\/wp-content\/uploads\/2018\/05\/uni.jpg?w=700 700w, https:\/\/i0.wp.com\/blogdalucianaoliveira.com.br\/blog\/wp-content\/uploads\/2018\/05\/uni.jpg?resize=150%2C150 150w, https:\/\/i0.wp.com\/blogdalucianaoliveira.com.br\/blog\/wp-content\/uploads\/2018\/05\/uni.jpg?resize=300%2C300 300w\" sizes=\"auto, (max-width: 600px) 100vw, 600px\" \/><\/p>\n<p><strong>No Rond\u00f4nia Din\u00e2mica \u2013<\/strong>\u00a0Em meio a protestos e vaias da popula\u00e7\u00e3o, a C\u00e2mara Municipal de Porto Velho aprovou por maioria o Projeto de Lei Complementar n\u00ba 988\/2018 \u2013 autorizando o Executivo a implementar as Organiza\u00e7\u00f5es Sociais (OS) na Administra\u00e7\u00e3o P\u00fablica em diversos setores, n\u00e3o apenas na sa\u00fade.<!--more--><\/p>\n<p>A prefeitura de Porto Velho, comandada por Hildon Chaves, do PSDB, agora ter\u00e1 o setor privado \u00e0 disposi\u00e7\u00e3o para gerenciar, al\u00e9m da Sa\u00fade, os segmentos municipais da educa\u00e7\u00e3o e ensino, pesquisa cient\u00edfica, desenvolvimento tecnol\u00f3gico, planejamento urbano, prote\u00e7\u00e3o e preserva\u00e7\u00e3o do meio ambiente, cultura e esporte.<\/p>\n<p>A aprova\u00e7\u00e3o do projeto ocorreu em duas vota\u00e7\u00f5es conturbadas com manifesta\u00e7\u00f5es contundentes apresentadas pelos edis que se manifestaram de forma contr\u00e1ria ao intento do Executivo.<\/p>\n<p>Cristiane Lopes (PP), Ada Dantas (PMB), Ellis Regina (PCdoB), Luan da TV (PP), Da Silva do Sinttrar (PSB) e Aleks Palitot (PTB) votaram contra o projeto da privatiza\u00e7\u00e3o.<\/p>\n<p>J\u00e1 Maur\u00edcio Carvalho (PSDB), Jos\u00e9 Rabelo da Silva, o Jacar\u00e9 (PSDC), Jurandir Bengala (PR), Alan Queiroz (PSDB), Marcelo Reis (PSD), M\u00e1rcio Pacele (PSB), Ed\u00e9sio Fernandes (PRB), Joelna Holder (MDB), Jair Montes (PTC), Marcelo Cruz (PTB), M\u00e1rcio Miranda (PSDC) e J\u00fanior Cavalcante (PHS) foram favor\u00e1veis.<\/p>\n<p>Zequinha Ara\u00fajo (MDB), Edwilson Negreiros (PSB) e M\u00e1rcio Oliveira (MDB) foram considerados ausentes \u2013 embora o \u00faltimo tenha se posicionado contra na primeira vota\u00e7\u00e3o.<\/p>\n<p><u><strong>Confira abaixo a \u00edntegra do projeto que fora aprovado<\/strong><\/u><\/p>\n<p><iframe loading=\"lazy\" class=\"entry-thumb\" src=\"http:\/\/www.slideshare.net\/slideshow\/embed_code\/key\/T1eqL68hwdRjp\" width=\"700\" height=\"1000\" frameborder=\"0\" scrolling=\"no\" data-mce-fragment=\"1\"><\/iframe><\/p>\n<div><strong><a title=\"PLC-Privatiza\u00e7\u00e3o da Administra\u00e7\u00e3o P\u00fablica em PVH\" href=\"http:\/\/www.slideshare.net\/RondoniadinamicaJornalEletrnico\/plcprivatizao-da-administrao-pblica-em-pvh\" target=\"_blank\">PLC-Privatiza\u00e7\u00e3o da Administra\u00e7\u00e3o P\u00fablica em PVH<\/a>\u00a0<\/strong>from\u00a0<strong><a href=\"http:\/\/www.slideshare.net\/RondoniadinamicaJornalEletrnico\" target=\"_blank\">Rondoniadinamica Jornal Eletr\u00f4nico<\/a><\/strong><\/div>\n<p><strong>Autor \/ Fonte: Rondoniadinamica<\/strong><\/p>\n","protected":false},"excerpt":{"rendered":"<p>No Rond\u00f4nia Din\u00e2mica \u2013\u00a0Em meio a protestos e vaias da popula\u00e7\u00e3o, a C\u00e2mara Municipal de Porto Velho aprovou por maioria o Projeto de Lei Complementar n\u00ba 988\/2018 \u2013 autorizando o Executivo a implementar as Organiza\u00e7\u00f5es Sociais (OS) na Administra\u00e7\u00e3o P\u00fablica em diversos setores, n\u00e3o apenas na sa\u00fade.<\/p>\n","protected":false},"author":1,"featured_media":0,"comment_status":"closed","ping_status":"open","sticky":false,"template":"","format":"standard","meta":{"_exactmetrics_skip_tracking":false,"_exactmetrics_sitenote_active":false,"_exactmetrics_sitenote_note":"","_exactmetrics_sitenote_category":0,"jetpack_post_was_ever_published":false,"_jetpack_newsletter_access":"","_jetpack_dont_email_post_to_subs":false,"_jetpack_newsletter_tier_id":0,"_jetpack_memberships_contains_paywalled_content":false,"_jetpack_memberships_contains_paid_content":false,"footnotes":"","jetpack_publicize_message":"","jetpack_publicize_feature_enabled":true,"jetpack_social_post_already_shared":true,"jetpack_social_options":{"image_generator_settings":{"template":"highway","enabled":false},"version":2}},"categories":[1],"tags":[],"class_list":["post-17910","post","type-post","status-publish","format-standard","hentry","category-notas"],"jetpack_publicize_connections":[],"jetpack_sharing_enabled":true,"jetpack_featured_media_url":"","jetpack_shortlink":"https:\/\/wp.me\/p7wKYW-4ES","jetpack-related-posts":[],"_links":{"self":[{"href":"http:\/\/blogdalucianaoliveira.com.br\/blog\/wp-json\/wp\/v2\/posts\/17910","targetHints":{"allow":["GET"]}}],"collection":[{"href":"http:\/\/blogdalucianaoliveira.com.br\/blog\/wp-json\/wp\/v2\/posts"}],"about":[{"href":"http:\/\/blogdalucianaoliveira.com.br\/blog\/wp-json\/wp\/v2\/types\/post"}],"author":[{"embeddable":true,"href":"http:\/\/blogdalucianaoliveira.com.br\/blog\/wp-json\/wp\/v2\/users\/1"}],"replies":[{"embeddable":true,"href":"http:\/\/blogdalucianaoliveira.com.br\/blog\/wp-json\/wp\/v2\/comments?post=17910"}],"version-history":[{"count":1,"href":"http:\/\/blogdalucianaoliveira.com.br\/blog\/wp-json\/wp\/v2\/posts\/17910\/revisions"}],"predecessor-version":[{"id":17912,"href":"http:\/\/blogdalucianaoliveira.com.br\/blog\/wp-json\/wp\/v2\/posts\/17910\/revisions\/17912"}],"wp:attachment":[{"href":"http:\/\/blogdalucianaoliveira.com.br\/blog\/wp-json\/wp\/v2\/media?parent=17910"}],"wp:term":[{"taxonomy":"category","embeddable":true,"href":"http:\/\/blogdalucianaoliveira.com.br\/blog\/wp-json\/wp\/v2\/categories?post=17910"},{"taxonomy":"post_tag","embeddable":true,"href":"http:\/\/blogdalucianaoliveira.com.br\/blog\/wp-json\/wp\/v2\/tags?post=17910"}],"curies":[{"name":"wp","href":"https:\/\/api.w.org\/{rel}","templated":true}]}}