{"id":17913,"date":"2018-05-08T11:57:54","date_gmt":"2018-05-08T15:57:54","guid":{"rendered":"http:\/\/blogdalucianaoliveira.com.br\/blog\/?p=17913"},"modified":"2018-05-08T11:57:54","modified_gmt":"2018-05-08T15:57:54","slug":"desistencia-de-barbosa-mostra-que-e-a-direita-e-nao-a-esquerda-que-tera-problema-nesta-eleicao","status":"publish","type":"post","link":"http:\/\/blogdalucianaoliveira.com.br\/blog\/2018\/05\/08\/desistencia-de-barbosa-mostra-que-e-a-direita-e-nao-a-esquerda-que-tera-problema-nesta-eleicao\/","title":{"rendered":"Desist\u00eancia de Barbosa mostra que \u00e9 a direita, e n\u00e3o a esquerda, que ter\u00e1 problema nesta elei\u00e7\u00e3o"},"content":{"rendered":"<p class=\"p2\"><img data-recalc-dims=\"1\" loading=\"lazy\" decoding=\"async\" data-attachment-id=\"17915\" data-permalink=\"http:\/\/blogdalucianaoliveira.com.br\/blog\/2018\/05\/08\/desistencia-de-barbosa-mostra-que-e-a-direita-e-nao-a-esquerda-que-tera-problema-nesta-eleicao\/baba-5\/\" data-orig-file=\"https:\/\/i0.wp.com\/blogdalucianaoliveira.com.br\/blog\/wp-content\/uploads\/2018\/05\/baba.jpg?fit=696%2C392\" data-orig-size=\"696,392\" data-comments-opened=\"0\" data-image-meta=\"{&quot;aperture&quot;:&quot;0&quot;,&quot;credit&quot;:&quot;&quot;,&quot;camera&quot;:&quot;&quot;,&quot;caption&quot;:&quot;&quot;,&quot;created_timestamp&quot;:&quot;0&quot;,&quot;copyright&quot;:&quot;&quot;,&quot;focal_length&quot;:&quot;0&quot;,&quot;iso&quot;:&quot;0&quot;,&quot;shutter_speed&quot;:&quot;0&quot;,&quot;title&quot;:&quot;&quot;,&quot;orientation&quot;:&quot;0&quot;}\" data-image-title=\"baba\" data-image-description=\"\" data-image-caption=\"\" data-medium-file=\"https:\/\/i0.wp.com\/blogdalucianaoliveira.com.br\/blog\/wp-content\/uploads\/2018\/05\/baba.jpg?fit=300%2C169\" data-large-file=\"https:\/\/i0.wp.com\/blogdalucianaoliveira.com.br\/blog\/wp-content\/uploads\/2018\/05\/baba.jpg?fit=600%2C338\" class=\"alignnone size-full wp-image-17915\" src=\"https:\/\/i0.wp.com\/blogdalucianaoliveira.com.br\/blog\/wp-content\/uploads\/2018\/05\/baba.jpg?resize=600%2C338\" alt=\"baba\" width=\"600\" height=\"338\" srcset=\"https:\/\/i0.wp.com\/blogdalucianaoliveira.com.br\/blog\/wp-content\/uploads\/2018\/05\/baba.jpg?w=696 696w, https:\/\/i0.wp.com\/blogdalucianaoliveira.com.br\/blog\/wp-content\/uploads\/2018\/05\/baba.jpg?resize=300%2C169 300w, https:\/\/i0.wp.com\/blogdalucianaoliveira.com.br\/blog\/wp-content\/uploads\/2018\/05\/baba.jpg?resize=533%2C300 533w\" sizes=\"auto, (max-width: 600px) 100vw, 600px\" \/><\/p>\n<p class=\"p2\"><span class=\"s1\">No DCM, por Joaquim de Carvalho &#8211; O an\u00fancio de que Joaquim Barbosa desistiu de se candidatar a presidente mostra que que aqueles que procuram uma novidade para esta elei\u00e7\u00e3o perderam novamente.<\/span><!--more--><\/p>\n<p class=\"p2\"><span class=\"s1\">Primeiro foi Doria, depois Luciano Huck e agora Barbosa. E talvez venha outro. Ou, sem nomes, uma f\u00f3rmula m\u00e1gica que afaste Lula (ou quem ele indique) da vit\u00f3ria em outubro.<\/span><\/p>\n<p class=\"p2\"><span class=\"s1\">Pois \u00e9 disso que se trata esta elei\u00e7\u00e3o: de um lado, Lula. De outro, o anti-Lula. Mas algu\u00e9m poder\u00e1 dizer: Lula est\u00e1 morto politicamente, preso e sem condi\u00e7\u00e3o legal de se candidatar.<\/span><\/p>\n<div class=\"td-a-rec td-a-rec-id-content_inlineright  \"><\/div>\n<p class=\"p2\"><span class=\"s1\">\u00c9 controverso \u2014 embora seja, de fato, remot\u00edssima a possibilidade de sua candidatura ser aceita pela justi\u00e7a eleitoral.<\/span><\/p>\n<p class=\"p2\"><span class=\"s1\">Isso n\u00e3o significa que se deva abrir da candidatura dele agora, como fez o governador Fl\u00e1vio Dino, na entrevista \u00e0 Folha de S. Paulo.<\/span><\/p>\n<p class=\"p2\"><span class=\"s1\">Segundo o jornal, ele acha que a esquerda deveria se unir em torno da candidatura de Ciro Gomes, que \u00e9 no campo progressista o mais bem colocado na pesquisa de inten\u00e7\u00e3o de voto.<\/span><\/p>\n<p class=\"p2\"><span class=\"s1\">Fl\u00e1vio Dino, um dos mais competentes quadros da esquerda brasileira, tem legitimidade para defender a candidatura de quem quer que seja, ainda que isso signifique enfraquecer a candidatura de Manuela D\u2019\u00c1villa, do seu partido.<\/span><\/p>\n<p class=\"p2\"><span class=\"s1\">Mas o governador erra ao dizer que Ciro \u00e9 o mais bem colocado na pesquisa de inten\u00e7\u00e3o de voto.<\/span><\/p>\n<p class=\"p2\"><span class=\"s1\">N\u00e3o \u00e9.<\/span><\/p>\n<p class=\"p2\"><span class=\"s1\">O mais bem colocado \u00e9 o nome que Lula indicar. \u00c9 o que revela todas as pesquisas.<\/span><\/p>\n<p class=\"p2\"><span class=\"s1\">O indicado de Lula (seja ele quem for) est\u00e1 \u00e0 frente de Bolsonaro, o nome mais bem colocado da direita.<\/span><\/p>\n<p class=\"p2\"><span class=\"s1\">Ent\u00e3o, por que o an\u00fancio de que haver\u00e1 apocalipse na esquerda se n\u00e3o se definir agora por um nome alternativo?<\/span><\/p>\n<p class=\"p2\"><span class=\"s1\">S\u00f3 as articula\u00e7\u00f5es com interesses regionais podem explicar declara\u00e7\u00f5es desse tipo.<\/span><\/p>\n<p class=\"p2\"><span class=\"s1\">Dino e os demais que se apressam no an\u00fancio da unidade em torno da candidatura de Ciro puxam para si o \u00f4nus que deve ser o da direita entreguista: barrar Lula, mat\u00e1-lo politicamente.<\/span><\/p>\n<p class=\"p2\"><span class=\"s1\">\u00c9 preciso compreender que esta elei\u00e7\u00e3o se dar\u00e1 em torno de uma ideia \u2014 Lula perseguido tornou essa ideia mais clara do que nunca e hoje se confunde com ela.<\/span><\/p>\n<p class=\"p2\"><span class=\"s1\">A ideia do Brasil soberano e inclusivo x a ideia de um pa\u00eds que se move pelos interesses do mercado financeiro, do grande capital.<\/span><\/p>\n<p class=\"p2\"><span class=\"s1\">Guilherme Boulos, do PSOL, em sua entrevista ao Roda Viva, mostrou que compreende muito bem esse processo.<\/span><\/p>\n<p class=\"p2\"><span class=\"s1\">Talvez seja por isso que Lula, com 72 anos de idade, v\u00ea em Boulos um pol\u00edtico com uma avenida aberta pela frente.<\/span><\/p>\n<p class=\"p2\"><span class=\"s1\">Em seu discurso no Sindicato dos Metal\u00fargicos, no dia 7 de abril, Lula fez quest\u00e3o de destacar o valor do l\u00edder do Movimento dos Trabalhadores Sem Teto (MTST):<\/span><\/p>\n<p class=\"p2\"><span class=\"s1\">\u201cBoulos \u00e9 nosso companheiro que est\u00e1 iniciando uma jornada, sendo candidato a presidente da rep\u00fablica pelo PSOL. \u00c9 um companheiro da mais alta qualidade. Voc\u00eas t\u00eam levar em conta a seriedade desse menino. Eu digo menino porque ele tem s\u00f3 35 anos de idade e eu, quando fiz a greve de 78, tinha 33 anos de idade e consegui, atrav\u00e9s da greve, chegar a criar um partido e virar presidente. Voc\u00ea tem futuro, meu irm\u00e3o. \u00c9 s\u00f3 n\u00e3o desistir nunca.\u201d<\/span><\/p>\n<p class=\"p2\"><span class=\"s1\">Boulos reagiu com um beijo no rosto do ex-presidente.<\/span><\/p>\n<p class=\"p2\"><span class=\"s1\">Lula tamb\u00e9m se dirigiu a Manuela D\u2019\u00c1villa e saudou sua estr\u00e9ia como candidata a presidente. Disse que \u00e9 motivo de orgulho, numa perspectiva de esperan\u00e7a para o Brasil, \u201cter gente nova se dispondo a enfrentar a nega\u00e7\u00e3o da pol\u00edtica, assumindo a pol\u00edtica e dizendo: \u2018n\u00f3s queremos ser presidente da rep\u00fablica para mudar a hist\u00f3ria do pa\u00eds\u2019\u201d.<\/span><\/p>\n<p class=\"p2\"><span class=\"s1\">O ex-presidente poderia tamb\u00e9m citar Ciro, outro candidato do campo progressista, mas Ciro n\u00e3o estava ali, no momento crucial da hist\u00f3ria n\u00e3o apenas de Lula, mas da esquerda brasileira e do Brasil.<\/span><\/p>\n<p class=\"p2\"><span class=\"s1\">Pol\u00edtica \u00e9 feita de gesto, de s\u00edmbolos, e a aus\u00eancia tem significado. Isso n\u00e3o quer dizer que Ciro n\u00e3o seja a op\u00e7\u00e3o de petistas e lulistas caso v\u00e1 para o segundo turno.<\/span><\/p>\n<p class=\"p2\"><span class=\"s1\">Ciro tem posi\u00e7\u00f5es que qualquer progressista defenderia com vigor.<\/span><\/p>\n<p class=\"p2\"><span class=\"s1\">Foi firme no combate ao programa neoliberal (entreguista) de Fernando Henrique Cardoso, rompendo com seu passado tucano, e n\u00e3o vacilou um \u00fanico momento no enfrentamento ao processo que resultou no golpe em Dilma Rousseff.<\/span><\/p>\n<p class=\"p2\"><span class=\"s1\">Mas Ciro n\u00e3o \u00e9 capaz de liderar no primeiro turno um projeto de esquerda aut\u00eantico ou, como se queira, o legado de Lula.<\/span><\/p>\n<p class=\"p2\"><span class=\"s1\">Por raz\u00f5es eleitorais, ele quer \u00e9 agradar o mercado.<\/span><\/p>\n<p class=\"p2\"><span class=\"s1\">Tudo bem, Lula j\u00e1 fez isso.<\/span><\/p>\n<p class=\"p2\"><span class=\"s1\">Mas a diferen\u00e7a entre os dois \u00e9 que Lula tinha (e tem) uma conex\u00e3o autentica com os movimentos sociais, o que alguns chamam de o Brasil profundo.<\/span><\/p>\n<p class=\"p2\"><span class=\"s1\">Quando agrada o mercado, o faz n\u00e3o em nome pr\u00f3prio, mas em nome desse Brasil profundo, do qual ele emergiu.<\/span><\/p>\n<p class=\"p2\"><span class=\"s1\">Boulos tamb\u00e9m emergiu da luta desse Brasil profundo, embora n\u00e3o tenha a mesma densidade eleitoral de Ciro \u2014 entre outras raz\u00f5es, porque nunca disputou uma elei\u00e7\u00e3o.<\/span><\/p>\n<p class=\"p2\"><span class=\"s1\">Mas bastam alguns minutos de exposi\u00e7\u00e3o para que se preste muita aten\u00e7\u00e3o no que diz, como se viu ontem no Roda Viva.<\/span><\/p>\n<p class=\"p2\"><span class=\"s1\">Com a pris\u00e3o de Lula, o Brasil vive a mesma experi\u00eancia de tempos atr\u00e1s, quando a direita brasileira queria interditar de qualquer maneira o trabalhismo de Get\u00falio Vargas representado por Leonel Brizola.<\/span><\/p>\n<p class=\"p2\"><span class=\"s1\">Ou enfraquecer os movimentos sociais.<\/span><\/p>\n<p class=\"p2\"><span class=\"s1\">Na \u00e9poca, se dizia que Lula deveria abandonar a ideia de criar um partido e apoiar o PMDB, com o mesmo argumento agora usado por Fl\u00e1vio Dino: o PMDB tinha chance de vencer, o PT, n\u00e3o.<\/span><\/p>\n<p class=\"p2\"><span class=\"s1\">Com a mesma for\u00e7a que agora se move e enfrenta a solid\u00e3o da cadeia, Lula n\u00e3o deu ouvidos e, 22 anos depois, se tornou presidente da rep\u00fablica.<\/span><\/p>\n<p class=\"p2\"><span class=\"s1\">O PT tem um caminh\u00e3o de defeitos, mas uma virtude que supera todos esses defeitos: a voca\u00e7\u00e3o pelo poder que transforma.<\/span><\/p>\n<p class=\"p2\"><span class=\"s1\">Poder pelo poder n\u00e3o significa nada.<\/span><\/p>\n<p class=\"p2\"><span class=\"s1\">Mas o poder que se traduz no meio para transformar para melhor a vida das pessoas \u00e9 a arma que defende os mais pobres.<\/span><\/p>\n<p class=\"p2\"><span class=\"s1\">Algu\u00e9m pode, outra vez, argumentar: Ciro \u00e9 o meio para chegar ao poder.<\/span><\/p>\n<p class=\"p2\"><span class=\"s1\">Quem pensa assim ignora que n\u00e3o \u00e9 Ciro nem Lula que transforma a vida das pessoas.<\/span><\/p>\n<p class=\"p2\"><span class=\"s1\">\u00c9 o Brasil profundo que emergiu da luta contra a ditadura, dos movimentos sociais, que n\u00e3o pegaram em armas, mas se mantiveram firmes na busca por dias melhores.<\/span><\/p>\n<p class=\"p2\"><span class=\"s1\">\u00c9 o Brasil que viu na pol\u00edtica (principalmente eleitoral) o caminho para o poder que transforma. Esta elei\u00e7\u00e3o n\u00e3o se dar\u00e1 em torno de Ciro ou qualquer outro.<\/span><\/p>\n<p class=\"p2\"><span class=\"s1\">Ser\u00e1 plebiscit\u00e1ria: o sim para Lula (ou o que ele representa) contra o n\u00e3o, que at\u00e9 agora s\u00f3 encontrou respaldo na figura sombria de Jair Bolsonaro.<\/span><\/p>\n<p class=\"p2\"><span class=\"s1\">A esquerda tem tudo para triunfar, inclusive com Ciro, mas a pressa para interditar Lula deve ser uma preocupa\u00e7\u00e3o da direita \u2014 esta, sim, perdida pela falta de um candidato vi\u00e1vel \u2014, n\u00e3o de seus aliados.<\/span><\/p>\n<div id=\"execphp-67\" class=\"td_block_template_1 widget widget_execphp\"><\/div>\n","protected":false},"excerpt":{"rendered":"<p>No DCM, por Joaquim de Carvalho &#8211; O an\u00fancio de que Joaquim Barbosa desistiu de se candidatar a presidente mostra que que aqueles que procuram uma novidade para esta elei\u00e7\u00e3o perderam novamente.<\/p>\n","protected":false},"author":1,"featured_media":0,"comment_status":"closed","ping_status":"open","sticky":false,"template":"","format":"standard","meta":{"_exactmetrics_skip_tracking":false,"_exactmetrics_sitenote_active":false,"_exactmetrics_sitenote_note":"","_exactmetrics_sitenote_category":0,"jetpack_post_was_ever_published":false,"_jetpack_newsletter_access":"","_jetpack_dont_email_post_to_subs":false,"_jetpack_newsletter_tier_id":0,"_jetpack_memberships_contains_paywalled_content":false,"_jetpack_memberships_contains_paid_content":false,"footnotes":"","jetpack_publicize_message":"","jetpack_publicize_feature_enabled":true,"jetpack_social_post_already_shared":true,"jetpack_social_options":{"image_generator_settings":{"template":"highway","enabled":false},"version":2}},"categories":[1],"tags":[],"class_list":["post-17913","post","type-post","status-publish","format-standard","hentry","category-notas"],"jetpack_publicize_connections":[],"jetpack_sharing_enabled":true,"jetpack_featured_media_url":"","jetpack_shortlink":"https:\/\/wp.me\/p7wKYW-4EV","jetpack-related-posts":[],"_links":{"self":[{"href":"http:\/\/blogdalucianaoliveira.com.br\/blog\/wp-json\/wp\/v2\/posts\/17913","targetHints":{"allow":["GET"]}}],"collection":[{"href":"http:\/\/blogdalucianaoliveira.com.br\/blog\/wp-json\/wp\/v2\/posts"}],"about":[{"href":"http:\/\/blogdalucianaoliveira.com.br\/blog\/wp-json\/wp\/v2\/types\/post"}],"author":[{"embeddable":true,"href":"http:\/\/blogdalucianaoliveira.com.br\/blog\/wp-json\/wp\/v2\/users\/1"}],"replies":[{"embeddable":true,"href":"http:\/\/blogdalucianaoliveira.com.br\/blog\/wp-json\/wp\/v2\/comments?post=17913"}],"version-history":[{"count":1,"href":"http:\/\/blogdalucianaoliveira.com.br\/blog\/wp-json\/wp\/v2\/posts\/17913\/revisions"}],"predecessor-version":[{"id":17916,"href":"http:\/\/blogdalucianaoliveira.com.br\/blog\/wp-json\/wp\/v2\/posts\/17913\/revisions\/17916"}],"wp:attachment":[{"href":"http:\/\/blogdalucianaoliveira.com.br\/blog\/wp-json\/wp\/v2\/media?parent=17913"}],"wp:term":[{"taxonomy":"category","embeddable":true,"href":"http:\/\/blogdalucianaoliveira.com.br\/blog\/wp-json\/wp\/v2\/categories?post=17913"},{"taxonomy":"post_tag","embeddable":true,"href":"http:\/\/blogdalucianaoliveira.com.br\/blog\/wp-json\/wp\/v2\/tags?post=17913"}],"curies":[{"name":"wp","href":"https:\/\/api.w.org\/{rel}","templated":true}]}}