{"id":17923,"date":"2018-05-08T17:28:10","date_gmt":"2018-05-08T21:28:10","guid":{"rendered":"http:\/\/blogdalucianaoliveira.com.br\/blog\/?p=17923"},"modified":"2018-05-08T17:29:09","modified_gmt":"2018-05-08T21:29:09","slug":"17923","status":"publish","type":"post","link":"http:\/\/blogdalucianaoliveira.com.br\/blog\/2018\/05\/08\/17923\/","title":{"rendered":"Em protesto, trabalhadores fazem &#8216;enterro&#8217; da Diretoria da CAERD"},"content":{"rendered":"<p><img data-recalc-dims=\"1\" loading=\"lazy\" decoding=\"async\" data-attachment-id=\"17924\" data-permalink=\"http:\/\/blogdalucianaoliveira.com.br\/blog\/2018\/05\/08\/17923\/e74013a3-823e-4b10-81c9-7d5100a509f1\/\" data-orig-file=\"https:\/\/i0.wp.com\/blogdalucianaoliveira.com.br\/blog\/wp-content\/uploads\/2018\/05\/E74013A3-823E-4B10-81C9-7D5100A509F1.jpeg?fit=845%2C500\" data-orig-size=\"845,500\" data-comments-opened=\"0\" data-image-meta=\"{&quot;aperture&quot;:&quot;0&quot;,&quot;credit&quot;:&quot;&quot;,&quot;camera&quot;:&quot;&quot;,&quot;caption&quot;:&quot;&quot;,&quot;created_timestamp&quot;:&quot;0&quot;,&quot;copyright&quot;:&quot;&quot;,&quot;focal_length&quot;:&quot;0&quot;,&quot;iso&quot;:&quot;0&quot;,&quot;shutter_speed&quot;:&quot;0&quot;,&quot;title&quot;:&quot;&quot;,&quot;orientation&quot;:&quot;1&quot;}\" data-image-title=\"E74013A3-823E-4B10-81C9-7D5100A509F1\" data-image-description=\"\" data-image-caption=\"\" data-medium-file=\"https:\/\/i0.wp.com\/blogdalucianaoliveira.com.br\/blog\/wp-content\/uploads\/2018\/05\/E74013A3-823E-4B10-81C9-7D5100A509F1.jpeg?fit=300%2C178\" data-large-file=\"https:\/\/i0.wp.com\/blogdalucianaoliveira.com.br\/blog\/wp-content\/uploads\/2018\/05\/E74013A3-823E-4B10-81C9-7D5100A509F1.jpeg?fit=600%2C355\" class=\"alignnone size-full wp-image-17924\" src=\"https:\/\/i0.wp.com\/blogdalucianaoliveira.com.br\/blog\/wp-content\/uploads\/2018\/05\/E74013A3-823E-4B10-81C9-7D5100A509F1.jpeg?resize=600%2C355\" alt=\"E74013A3-823E-4B10-81C9-7D5100A509F1\" width=\"600\" height=\"355\" srcset=\"https:\/\/i0.wp.com\/blogdalucianaoliveira.com.br\/blog\/wp-content\/uploads\/2018\/05\/E74013A3-823E-4B10-81C9-7D5100A509F1.jpeg?w=845 845w, https:\/\/i0.wp.com\/blogdalucianaoliveira.com.br\/blog\/wp-content\/uploads\/2018\/05\/E74013A3-823E-4B10-81C9-7D5100A509F1.jpeg?resize=300%2C178 300w, https:\/\/i0.wp.com\/blogdalucianaoliveira.com.br\/blog\/wp-content\/uploads\/2018\/05\/E74013A3-823E-4B10-81C9-7D5100A509F1.jpeg?resize=768%2C454 768w, https:\/\/i0.wp.com\/blogdalucianaoliveira.com.br\/blog\/wp-content\/uploads\/2018\/05\/E74013A3-823E-4B10-81C9-7D5100A509F1.jpeg?resize=507%2C300 507w\" sizes=\"auto, (max-width: 600px) 100vw, 600px\" \/><\/p>\n<p>Do Sindur &#8211; Insatisfeitos com a falta de compromisso e respeito n\u00e3o s\u00f3 com os trabalhadores, mas tamb\u00e9m com a popula\u00e7\u00e3o de Rond\u00f4nia, trabalhadores realizam \u201cvel\u00f3rio simb\u00f3lico\u201d da Diretoria da CAERD. O Ato foi realizado na manh\u00e3 desta ter\u00e7a-feira, em Porto Velho.<!--more--><\/p>\n<p>S\u00e3o 04 meses de sal\u00e1rios atrasados, s\u00e3o mais de 600 fam\u00edlias passando necessidades, existem trabalhadores doentes, depressivos com esta situa\u00e7\u00e3o insustent\u00e1vel.<\/p>\n<p>Hoje, j\u00e1 \u00e9 o segundo dia de greve e nada desta diretoria procurar ter um di\u00e1logo com seus trabalhadores, nem apareceram na CAERD.<\/p>\n<p>O sindicato continua dialogando com o governador, confiante que tomar\u00e1 todas as provid\u00eancias cab\u00edveis para restabelecer a estabilidade na CAERD e devolver a dignidade a todos os trabalhadores e a popula\u00e7\u00e3o de Rond\u00f4nia.<\/p>\n<p>Comunicamos ainda a popula\u00e7\u00e3o, que os servi\u00e7os essenciais de abastecimento de \u00e1gua, est\u00e3o sendo mantidos, conforme determina a lei.<img data-recalc-dims=\"1\" decoding=\"async\" src=\"https:\/\/i0.wp.com\/www.tudorondonia.com\/uploads\/salar%2520copy.jpg?w=600\" alt=\"\" \/><\/p>\n","protected":false},"excerpt":{"rendered":"<p>Do Sindur &#8211; Insatisfeitos com a falta de compromisso e respeito n\u00e3o s\u00f3 com os trabalhadores, mas tamb\u00e9m com a popula\u00e7\u00e3o de Rond\u00f4nia, trabalhadores realizam \u201cvel\u00f3rio simb\u00f3lico\u201d da Diretoria da CAERD. O Ato foi realizado na manh\u00e3 desta ter\u00e7a-feira, em Porto Velho.<\/p>\n","protected":false},"author":1,"featured_media":0,"comment_status":"closed","ping_status":"open","sticky":false,"template":"","format":"standard","meta":{"_exactmetrics_skip_tracking":false,"_exactmetrics_sitenote_active":false,"_exactmetrics_sitenote_note":"","_exactmetrics_sitenote_category":0,"jetpack_post_was_ever_published":false,"_jetpack_newsletter_access":"","_jetpack_dont_email_post_to_subs":false,"_jetpack_newsletter_tier_id":0,"_jetpack_memberships_contains_paywalled_content":false,"_jetpack_memberships_contains_paid_content":false,"footnotes":"","jetpack_publicize_message":"","jetpack_publicize_feature_enabled":true,"jetpack_social_post_already_shared":true,"jetpack_social_options":{"image_generator_settings":{"template":"highway","enabled":false},"version":2}},"categories":[1],"tags":[],"class_list":["post-17923","post","type-post","status-publish","format-standard","hentry","category-notas"],"jetpack_publicize_connections":[],"jetpack_sharing_enabled":true,"jetpack_featured_media_url":"","jetpack_shortlink":"https:\/\/wp.me\/s7wKYW-17923","jetpack-related-posts":[],"_links":{"self":[{"href":"http:\/\/blogdalucianaoliveira.com.br\/blog\/wp-json\/wp\/v2\/posts\/17923","targetHints":{"allow":["GET"]}}],"collection":[{"href":"http:\/\/blogdalucianaoliveira.com.br\/blog\/wp-json\/wp\/v2\/posts"}],"about":[{"href":"http:\/\/blogdalucianaoliveira.com.br\/blog\/wp-json\/wp\/v2\/types\/post"}],"author":[{"embeddable":true,"href":"http:\/\/blogdalucianaoliveira.com.br\/blog\/wp-json\/wp\/v2\/users\/1"}],"replies":[{"embeddable":true,"href":"http:\/\/blogdalucianaoliveira.com.br\/blog\/wp-json\/wp\/v2\/comments?post=17923"}],"version-history":[{"count":3,"href":"http:\/\/blogdalucianaoliveira.com.br\/blog\/wp-json\/wp\/v2\/posts\/17923\/revisions"}],"predecessor-version":[{"id":17927,"href":"http:\/\/blogdalucianaoliveira.com.br\/blog\/wp-json\/wp\/v2\/posts\/17923\/revisions\/17927"}],"wp:attachment":[{"href":"http:\/\/blogdalucianaoliveira.com.br\/blog\/wp-json\/wp\/v2\/media?parent=17923"}],"wp:term":[{"taxonomy":"category","embeddable":true,"href":"http:\/\/blogdalucianaoliveira.com.br\/blog\/wp-json\/wp\/v2\/categories?post=17923"},{"taxonomy":"post_tag","embeddable":true,"href":"http:\/\/blogdalucianaoliveira.com.br\/blog\/wp-json\/wp\/v2\/tags?post=17923"}],"curies":[{"name":"wp","href":"https:\/\/api.w.org\/{rel}","templated":true}]}}