{"id":17930,"date":"2018-05-09T11:58:05","date_gmt":"2018-05-09T15:58:05","guid":{"rendered":"http:\/\/blogdalucianaoliveira.com.br\/blog\/?p=17930"},"modified":"2018-05-09T11:58:05","modified_gmt":"2018-05-09T15:58:05","slug":"governador-daniel-pereira-lanca-desafio-de-certificar-100-dos-municipios-rondonienses-no-selo-unicef","status":"publish","type":"post","link":"http:\/\/blogdalucianaoliveira.com.br\/blog\/2018\/05\/09\/governador-daniel-pereira-lanca-desafio-de-certificar-100-dos-municipios-rondonienses-no-selo-unicef\/","title":{"rendered":"Governador Daniel Pereira lan\u00e7a desafio de certificar 100% dos munic\u00edpios rondonienses no Selo Unicef"},"content":{"rendered":"<p><img data-recalc-dims=\"1\" loading=\"lazy\" decoding=\"async\" data-attachment-id=\"17931\" data-permalink=\"http:\/\/blogdalucianaoliveira.com.br\/blog\/2018\/05\/09\/governador-daniel-pereira-lanca-desafio-de-certificar-100-dos-municipios-rondonienses-no-selo-unicef\/dan-3\/\" data-orig-file=\"https:\/\/i0.wp.com\/blogdalucianaoliveira.com.br\/blog\/wp-content\/uploads\/2018\/05\/dan.jpg?fit=700%2C467\" data-orig-size=\"700,467\" data-comments-opened=\"0\" data-image-meta=\"{&quot;aperture&quot;:&quot;0&quot;,&quot;credit&quot;:&quot;&quot;,&quot;camera&quot;:&quot;&quot;,&quot;caption&quot;:&quot;&quot;,&quot;created_timestamp&quot;:&quot;0&quot;,&quot;copyright&quot;:&quot;&quot;,&quot;focal_length&quot;:&quot;0&quot;,&quot;iso&quot;:&quot;0&quot;,&quot;shutter_speed&quot;:&quot;0&quot;,&quot;title&quot;:&quot;&quot;,&quot;orientation&quot;:&quot;1&quot;}\" data-image-title=\"dan\" data-image-description=\"\" data-image-caption=\"\" data-medium-file=\"https:\/\/i0.wp.com\/blogdalucianaoliveira.com.br\/blog\/wp-content\/uploads\/2018\/05\/dan.jpg?fit=300%2C200\" data-large-file=\"https:\/\/i0.wp.com\/blogdalucianaoliveira.com.br\/blog\/wp-content\/uploads\/2018\/05\/dan.jpg?fit=600%2C400\" class=\"alignnone size-full wp-image-17931\" src=\"https:\/\/i0.wp.com\/blogdalucianaoliveira.com.br\/blog\/wp-content\/uploads\/2018\/05\/dan.jpg?resize=600%2C400\" alt=\"dan\" width=\"600\" height=\"400\" srcset=\"https:\/\/i0.wp.com\/blogdalucianaoliveira.com.br\/blog\/wp-content\/uploads\/2018\/05\/dan.jpg?w=700 700w, https:\/\/i0.wp.com\/blogdalucianaoliveira.com.br\/blog\/wp-content\/uploads\/2018\/05\/dan.jpg?resize=300%2C200 300w, https:\/\/i0.wp.com\/blogdalucianaoliveira.com.br\/blog\/wp-content\/uploads\/2018\/05\/dan.jpg?resize=450%2C300 450w\" sizes=\"auto, (max-width: 600px) 100vw, 600px\" \/><\/p>\n<p>\u2018\u2018N\u00f3s somos o primeiro estado a ter 100% dos munic\u00edpios inscritos no Selo Unicef e agora temos mais dois desafios. O primeiro \u00e9 certificar 100% dos munic\u00edpios no Selo Unicef e isso significa cuidar das nossas crian\u00e7as e adolescentes e o segundo \u00e9 fechar o primeiro pres\u00eddio em 15 anos\u2019\u2019, disse o governador Daniel Pereira\u00a0na manh\u00e3 desta ter\u00e7a-feira (8) durante abertura da segunda etapa de capacita\u00e7\u00e3o do Selo Unicef.<!--more--><\/p>\n<p>O evento ocorre durante todo o dia no sal\u00e3o nobre Rosilda Shockness, no Pal\u00e1cio Rio Madeira, e \u00e9 direcionado a t\u00e9cnicos, gestores e conselheiros dos onze munic\u00edpios rondonienses que n\u00e3o estiveram presentes na primeira etapa da capacita\u00e7\u00e3o do Selo Unicef. Rond\u00f4nia tem um pacto de 2017-2020 com\u00a0o Unicef (Fundo das Na\u00e7\u00f5es Unidas para a Inf\u00e2ncia \u00e9 um \u00f3rg\u00e3o das Na\u00e7\u00f5es Unidas) para melhorar indicadores nas \u00e1reas da educa\u00e7\u00e3o, sa\u00fade e assist\u00eancia social direcionada a crian\u00e7as e Adolescentes.<\/p>\n<p>\u2018\u2018Al\u00e9m dos 11 indicadores propostos pelo Unicef temos mais quatro\u00a0made in\u00a0Rond\u00f4nia que s\u00e3o a educa\u00e7\u00e3o no tr\u00e2nsito inclusive hoje vamos formar 350 crian\u00e7as como guardas-mirins em Ariquemes, a educa\u00e7\u00e3o ambiental para que tenhamos cidad\u00e3os mais conscientes da import\u00e2ncia da preserva\u00e7\u00e3o do que n\u00f3s somos; garantir a qualidade de ensino inclusive com melhores resultados no Ideb e o quarto compromisso \u00e9 uma cruzada contra as drogas \u00a0com a meta de que 100% do p\u00fablico-alvo do Proerd [Programa Educacional de Resist\u00eancia \u00e0s Drogas] tenham acesso as palestras\u2019\u2019, disse o governador.<\/p>\n<p>Daniel ainda agradeceu a presen\u00e7a dos representantes dos 11 munic\u00edpios que faltavam participar da oficina: Alta Floresta do Oeste, Alto Para\u00edso; Alvorada do Oeste; Cacaul\u00e2ndia; Machadinho do Oeste; Mirante da Serra; Nova Brasil\u00e2ndia; Pimenta Bueno; Rolim de Moura; Seringueiras e Santa Luzia. \u2018\u2018A presen\u00e7a desses 11 munic\u00edpios mostra o compromisso em receber do Unicef a certifica\u00e7\u00e3o de que trabalharam pela causa das crian\u00e7as e adolescentes. Vamos formar um grupo de trabalho junto com Educa\u00e7\u00e3o, Sa\u00fade e Assist\u00eancia Social para trabalhar nesse sentido. Desejo que esse seja um dia de muito aprendizado\u2019\u2019, disse a primeira-dama do Estado Ester Lacerda Pereira que ser\u00e1 a coordenadora da equipe intersetorial que acompanhar\u00e1 a implanta\u00e7\u00e3o do Selo Unicef em Rond\u00f4nia.<\/p>\n<p>O governador tamb\u00e9m disse na ocasi\u00e3o que \u00e9 prioridade do Estado combater a evas\u00e3o escolar e ainda prop\u00f4s a cria\u00e7\u00e3o do Dia Estadual de Combate \u00e0 Evas\u00e3o Escolar onde a sociedade pactuar\u00e1 para que as crian\u00e7as n\u00e3o tenha atraso nos estudos devido a evas\u00e3o escolar. \u2018\u2018N\u00f3s vamos abra\u00e7ar a causa do Minist\u00e9rio P\u00fablico com o projeto Nenhum a Menos, isso ser\u00e1 ferramenta do Estado\u2019\u2019, assegura Daniel que disse que investir hoje na educa\u00e7\u00e3o das crian\u00e7as evitar\u00e1 que tenham o mesmo destino que muitos adolescentes: o pres\u00eddio.<\/p>\n<p>\u2018\u2018Uma crian\u00e7a que est\u00e1 com seis, sete anos iniciando os estudos hoje daqui a 15 anos poder\u00e1 ser um menor infrator se n\u00f3s n\u00e3o cuidarmos dele hoje. Tem coisas que n\u00e3o acontecem por acaso. Ou voc\u00ea cuida e faz com que n\u00e3o aconte\u00e7a ou voc\u00ea vai ficar lamentando. Se a gente quer fechar pres\u00eddio tem que cuidar dessa agenda. Daqui a 15 anos eu quero estar vivo para fechar o primeiro pres\u00eddio em Rond\u00f4nia e essa miss\u00e3o come\u00e7a hoje\u2019\u2019, afirma o governador.<\/p>\n<p><strong>Autor \/ Fonte: Vanessa Moura\/Secom<\/strong><\/p>\n","protected":false},"excerpt":{"rendered":"<p>\u2018\u2018N\u00f3s somos o primeiro estado a ter 100% dos munic\u00edpios inscritos no Selo Unicef e agora temos mais dois desafios. O primeiro \u00e9 certificar 100% dos munic\u00edpios no Selo Unicef e isso significa cuidar das nossas crian\u00e7as e adolescentes e o segundo \u00e9 fechar o primeiro pres\u00eddio em 15 anos\u2019\u2019, disse o governador Daniel Pereira\u00a0na&#8230;<a class=\"more-link\" href=\"http:\/\/blogdalucianaoliveira.com.br\/blog\/2018\/05\/09\/governador-daniel-pereira-lanca-desafio-de-certificar-100-dos-municipios-rondonienses-no-selo-unicef\/\">Continue a leitura <span class=\"meta-nav\">&raquo;<\/span><\/a><\/p>\n","protected":false},"author":1,"featured_media":0,"comment_status":"closed","ping_status":"open","sticky":false,"template":"","format":"standard","meta":{"_exactmetrics_skip_tracking":false,"_exactmetrics_sitenote_active":false,"_exactmetrics_sitenote_note":"","_exactmetrics_sitenote_category":0,"jetpack_post_was_ever_published":false,"_jetpack_newsletter_access":"","_jetpack_dont_email_post_to_subs":false,"_jetpack_newsletter_tier_id":0,"_jetpack_memberships_contains_paywalled_content":false,"_jetpack_memberships_contains_paid_content":false,"footnotes":"","jetpack_publicize_message":"","jetpack_publicize_feature_enabled":true,"jetpack_social_post_already_shared":true,"jetpack_social_options":{"image_generator_settings":{"template":"highway","enabled":false},"version":2}},"categories":[1],"tags":[],"class_list":["post-17930","post","type-post","status-publish","format-standard","hentry","category-notas"],"jetpack_publicize_connections":[],"jetpack_sharing_enabled":true,"jetpack_featured_media_url":"","jetpack_shortlink":"https:\/\/wp.me\/p7wKYW-4Fc","jetpack-related-posts":[],"_links":{"self":[{"href":"http:\/\/blogdalucianaoliveira.com.br\/blog\/wp-json\/wp\/v2\/posts\/17930","targetHints":{"allow":["GET"]}}],"collection":[{"href":"http:\/\/blogdalucianaoliveira.com.br\/blog\/wp-json\/wp\/v2\/posts"}],"about":[{"href":"http:\/\/blogdalucianaoliveira.com.br\/blog\/wp-json\/wp\/v2\/types\/post"}],"author":[{"embeddable":true,"href":"http:\/\/blogdalucianaoliveira.com.br\/blog\/wp-json\/wp\/v2\/users\/1"}],"replies":[{"embeddable":true,"href":"http:\/\/blogdalucianaoliveira.com.br\/blog\/wp-json\/wp\/v2\/comments?post=17930"}],"version-history":[{"count":1,"href":"http:\/\/blogdalucianaoliveira.com.br\/blog\/wp-json\/wp\/v2\/posts\/17930\/revisions"}],"predecessor-version":[{"id":17932,"href":"http:\/\/blogdalucianaoliveira.com.br\/blog\/wp-json\/wp\/v2\/posts\/17930\/revisions\/17932"}],"wp:attachment":[{"href":"http:\/\/blogdalucianaoliveira.com.br\/blog\/wp-json\/wp\/v2\/media?parent=17930"}],"wp:term":[{"taxonomy":"category","embeddable":true,"href":"http:\/\/blogdalucianaoliveira.com.br\/blog\/wp-json\/wp\/v2\/categories?post=17930"},{"taxonomy":"post_tag","embeddable":true,"href":"http:\/\/blogdalucianaoliveira.com.br\/blog\/wp-json\/wp\/v2\/tags?post=17930"}],"curies":[{"name":"wp","href":"https:\/\/api.w.org\/{rel}","templated":true}]}}