{"id":17933,"date":"2018-05-09T12:06:59","date_gmt":"2018-05-09T16:06:59","guid":{"rendered":"http:\/\/blogdalucianaoliveira.com.br\/blog\/?p=17933"},"modified":"2018-05-09T12:06:59","modified_gmt":"2018-05-09T16:06:59","slug":"dura-vida-de-blogueiro-em-meio-ao-tiroteio-nao-ha-dialogo-possivel","status":"publish","type":"post","link":"http:\/\/blogdalucianaoliveira.com.br\/blog\/2018\/05\/09\/dura-vida-de-blogueiro-em-meio-ao-tiroteio-nao-ha-dialogo-possivel\/","title":{"rendered":"Dura vida de blogueiro em meio ao tiroteio: n\u00e3o h\u00e1 di\u00e1logo poss\u00edvel"},"content":{"rendered":"<p><img data-recalc-dims=\"1\" loading=\"lazy\" decoding=\"async\" data-attachment-id=\"17934\" data-permalink=\"http:\/\/blogdalucianaoliveira.com.br\/blog\/2018\/05\/09\/dura-vida-de-blogueiro-em-meio-ao-tiroteio-nao-ha-dialogo-possivel\/bloge\/\" data-orig-file=\"https:\/\/i0.wp.com\/blogdalucianaoliveira.com.br\/blog\/wp-content\/uploads\/2018\/05\/bloge.jpg?fit=251%2C200\" data-orig-size=\"251,200\" data-comments-opened=\"0\" data-image-meta=\"{&quot;aperture&quot;:&quot;0&quot;,&quot;credit&quot;:&quot;&quot;,&quot;camera&quot;:&quot;&quot;,&quot;caption&quot;:&quot;&quot;,&quot;created_timestamp&quot;:&quot;0&quot;,&quot;copyright&quot;:&quot;&quot;,&quot;focal_length&quot;:&quot;0&quot;,&quot;iso&quot;:&quot;0&quot;,&quot;shutter_speed&quot;:&quot;0&quot;,&quot;title&quot;:&quot;&quot;,&quot;orientation&quot;:&quot;0&quot;}\" data-image-title=\"bloge\" data-image-description=\"\" data-image-caption=\"\" data-medium-file=\"https:\/\/i0.wp.com\/blogdalucianaoliveira.com.br\/blog\/wp-content\/uploads\/2018\/05\/bloge.jpg?fit=251%2C200\" data-large-file=\"https:\/\/i0.wp.com\/blogdalucianaoliveira.com.br\/blog\/wp-content\/uploads\/2018\/05\/bloge.jpg?fit=251%2C200\" src=\"https:\/\/i0.wp.com\/blogdalucianaoliveira.com.br\/blog\/wp-content\/uploads\/2018\/05\/bloge.jpg?resize=251%2C200\" alt=\"bloge\" width=\"251\" height=\"200\" class=\"alignnone size-full wp-image-17934\" \/><\/p>\n<p>A cada dia torna-se mais penoso moderar os coment\u00e1rios aqui no Balaio.<!--more--><\/p>\n<p>Por Ricardo Kotscho &#8211; Com raras exce\u00e7\u00f5es, a maioria nem l\u00ea o que foi publicado, talvez s\u00f3 o t\u00edtulo e as primeiras linhas, e j\u00e1 saca o rev\u00f3lver virtual para atirar nos outros internautas e no blogueiro, sem a menor disposi\u00e7\u00e3o para qualquer di\u00e1logo poss\u00edvel.<\/p>\n<p>Fico aqui no meio do tiroteio tentando organizar um debate minimamente civilizado, mas j\u00e1 estou chegando \u00e0 conclus\u00e3o de que se trata de uma miss\u00e3o imposs\u00edvel.<\/p>\n<p>As pessoas n\u00e3o querem mais prestar aten\u00e7\u00e3o no que os outros t\u00eam a dizer.<\/p>\n<p>Querem apenas reafirmar suas convic\u00e7\u00f5es e desqualificar quem pensa diferente.<\/p>\n<p>Trocaram argumentos por ofensas, chutam para todo lado, ignoram os fatos e partem para a agress\u00e3o pura e simples.<\/p>\n<p>Sei que \u00e9 um retrato do clima de intoler\u00e2ncia generalizado vivido no pa\u00eds, em que os dois lados em disputa n\u00e3o aceitam mais opini\u00f5es contr\u00e1rias.<\/p>\n<p>Tem um doente que escreve todos os dias s\u00f3 para me xingar e termina seus coment\u00e1rios cacarejando \u201ckkkk\u201ds.<\/p>\n<p>Talvez seja por isso que muitos colegas blogueiros simplesmente fecharam as \u00e1reas de coment\u00e1rios, cortando qualquer possibilidade de di\u00e1logo, que era a grande conquista da internet.<\/p>\n<p>Tamb\u00e9m j\u00e1 pensei em fazer isso, mas ainda resisto porque mantenho o blog para trocar ideias e n\u00e3o ficar apenas escrevendo o que penso.<\/p>\n<p>Seria como jogar um texto escrito pela janela, sem ficar sabendo o que os outros pensam a respeito daquele assunto.<\/p>\n<p>H\u00e1 quase dez anos, a serem completados dia 11 de setembro, este \u00e9 meu trabalho di\u00e1rio: escrever um post sobre os assuntos do dia e moderar os coment\u00e1rios.<\/p>\n<p>Leio todos, deleto uma boa parte, respondo a alguns, mas no fim do dia me sinto frustrado com o tempo perdido.<\/p>\n<p>No come\u00e7o, era um prazer acompanhar a rea\u00e7\u00e3o dos internautas logo ap\u00f3s a publica\u00e7\u00e3o de um novo texto, algo que n\u00e3o acontecia quando trabalhava em jornais e revistas, quando n\u00e3o havia esta intera\u00e7\u00e3o entre emissores e receptores de informa\u00e7\u00f5es e opini\u00f5es.<\/p>\n<p>Era muito raro algum leitor escrever uma carta ou telefonar para comentar o que leu.<\/p>\n<p>Naqueles idos de 2008 e por um bom tempo, at\u00e9 as elei\u00e7\u00f5es de 2014, chegavam centenas e por vezes milhares de coment\u00e1rios diariamente, era um trabalho insano moder\u00e1-los, mas ao mesmo tempo muito gratificante.<\/p>\n<p>Ficava sabendo o que os outros pensavam, descobria novas formas de ver as coisas, chegamos at\u00e9 a promover encontros entre os internautas para tornar real e ao vivo o debate virtual.<\/p>\n<p>Isso ficou imposs\u00edvel a partir do momento em que o pa\u00eds se dividiu literalmente ao meio ap\u00f3s a reelei\u00e7\u00e3o de Dilma e todo o processo que levou ao impeachment.<\/p>\n<p>Faz dois anos que esta guerra chegou a extremos nas redes sociais.<\/p>\n<p>Cada vez mais gente est\u00e1 deixando de participar dos debates, deixando o caminho livre para tirar do anonimato idiotas enrustidos em busca de seguidores para seus del\u00edrios e obsess\u00f5es.<\/p>\n<p>Querem apenas polemizar por polemizar para se sentir vivos na mediocridade das suas vidinhas in\u00fateis, provocando os outros para ver se reagem \u00e0s suas estultices.<\/p>\n<p>Outros se refugiam em lembran\u00e7as do passado, passam o dia publicando efem\u00e9rides familiares ou eventos que n\u00e3o interessam a ningu\u00e9m, a n\u00e3o ser a eles pr\u00f3prios.<\/p>\n<p>Resisti bravamente a entrar nestas redes por ach\u00e1-las apenas uma evas\u00e3o de privacidade, mas valeu a pena entrar s\u00f3 para conhecer melhor o n\u00edvel de indig\u00eancia a que estamos chegando.<\/p>\n<p>O que poderia ser um espa\u00e7o democr\u00e1tico com acesso aberto a todos, reduziu-se a um triste desfile de atores decadentes da grande trag\u00e9dia nacional, que gerou os bolsonaros e emebeeles da vida, os paneleiros e os patos amarelos, estas figuras pat\u00e9ticas que hoje disputam as migalhas do poder.<\/p>\n<p>Ningu\u00e9m ganhou esta guerra, perdemos todos, lamento constatar.<\/p>\n<p>Vida que segue.<\/p>\n","protected":false},"excerpt":{"rendered":"<p>A cada dia torna-se mais penoso moderar os coment\u00e1rios aqui no Balaio.<\/p>\n","protected":false},"author":1,"featured_media":0,"comment_status":"closed","ping_status":"open","sticky":false,"template":"","format":"standard","meta":{"_exactmetrics_skip_tracking":false,"_exactmetrics_sitenote_active":false,"_exactmetrics_sitenote_note":"","_exactmetrics_sitenote_category":0,"jetpack_post_was_ever_published":false,"_jetpack_newsletter_access":"","_jetpack_dont_email_post_to_subs":false,"_jetpack_newsletter_tier_id":0,"_jetpack_memberships_contains_paywalled_content":false,"_jetpack_memberships_contains_paid_content":false,"footnotes":"","jetpack_publicize_message":"","jetpack_publicize_feature_enabled":true,"jetpack_social_post_already_shared":true,"jetpack_social_options":{"image_generator_settings":{"template":"highway","enabled":false},"version":2}},"categories":[1],"tags":[],"class_list":["post-17933","post","type-post","status-publish","format-standard","hentry","category-notas"],"jetpack_publicize_connections":[],"jetpack_sharing_enabled":true,"jetpack_featured_media_url":"","jetpack_shortlink":"https:\/\/wp.me\/p7wKYW-4Ff","jetpack-related-posts":[],"_links":{"self":[{"href":"http:\/\/blogdalucianaoliveira.com.br\/blog\/wp-json\/wp\/v2\/posts\/17933","targetHints":{"allow":["GET"]}}],"collection":[{"href":"http:\/\/blogdalucianaoliveira.com.br\/blog\/wp-json\/wp\/v2\/posts"}],"about":[{"href":"http:\/\/blogdalucianaoliveira.com.br\/blog\/wp-json\/wp\/v2\/types\/post"}],"author":[{"embeddable":true,"href":"http:\/\/blogdalucianaoliveira.com.br\/blog\/wp-json\/wp\/v2\/users\/1"}],"replies":[{"embeddable":true,"href":"http:\/\/blogdalucianaoliveira.com.br\/blog\/wp-json\/wp\/v2\/comments?post=17933"}],"version-history":[{"count":1,"href":"http:\/\/blogdalucianaoliveira.com.br\/blog\/wp-json\/wp\/v2\/posts\/17933\/revisions"}],"predecessor-version":[{"id":17935,"href":"http:\/\/blogdalucianaoliveira.com.br\/blog\/wp-json\/wp\/v2\/posts\/17933\/revisions\/17935"}],"wp:attachment":[{"href":"http:\/\/blogdalucianaoliveira.com.br\/blog\/wp-json\/wp\/v2\/media?parent=17933"}],"wp:term":[{"taxonomy":"category","embeddable":true,"href":"http:\/\/blogdalucianaoliveira.com.br\/blog\/wp-json\/wp\/v2\/categories?post=17933"},{"taxonomy":"post_tag","embeddable":true,"href":"http:\/\/blogdalucianaoliveira.com.br\/blog\/wp-json\/wp\/v2\/tags?post=17933"}],"curies":[{"name":"wp","href":"https:\/\/api.w.org\/{rel}","templated":true}]}}