{"id":17939,"date":"2018-05-09T13:12:46","date_gmt":"2018-05-09T17:12:46","guid":{"rendered":"http:\/\/blogdalucianaoliveira.com.br\/blog\/?p=17939"},"modified":"2018-05-09T13:33:22","modified_gmt":"2018-05-09T17:33:22","slug":"publico-abandona-audiencia-publica-da-prefeitura-sobre-concessao-do-transporte-coletivo-de-porto-velho","status":"publish","type":"post","link":"http:\/\/blogdalucianaoliveira.com.br\/blog\/2018\/05\/09\/publico-abandona-audiencia-publica-da-prefeitura-sobre-concessao-do-transporte-coletivo-de-porto-velho\/","title":{"rendered":"P\u00daBLICO ABANDONA AUDI\u00caNCIA P\u00daBLICA DA PREFEITURA SOBRE CONCESS\u00c3O DO TRANSPORTE COLETIVO DE PORTO VELHO"},"content":{"rendered":"<p><img data-recalc-dims=\"1\" loading=\"lazy\" decoding=\"async\" data-attachment-id=\"17941\" data-permalink=\"http:\/\/blogdalucianaoliveira.com.br\/blog\/2018\/05\/09\/publico-abandona-audiencia-publica-da-prefeitura-sobre-concessao-do-transporte-coletivo-de-porto-velho\/tutu-2\/\" data-orig-file=\"https:\/\/i0.wp.com\/blogdalucianaoliveira.com.br\/blog\/wp-content\/uploads\/2018\/05\/tutu.jpg?fit=958%2C574\" data-orig-size=\"958,574\" data-comments-opened=\"0\" data-image-meta=\"{&quot;aperture&quot;:&quot;0&quot;,&quot;credit&quot;:&quot;&quot;,&quot;camera&quot;:&quot;&quot;,&quot;caption&quot;:&quot;&quot;,&quot;created_timestamp&quot;:&quot;0&quot;,&quot;copyright&quot;:&quot;&quot;,&quot;focal_length&quot;:&quot;0&quot;,&quot;iso&quot;:&quot;0&quot;,&quot;shutter_speed&quot;:&quot;0&quot;,&quot;title&quot;:&quot;&quot;,&quot;orientation&quot;:&quot;0&quot;}\" data-image-title=\"tutu\" data-image-description=\"\" data-image-caption=\"\" data-medium-file=\"https:\/\/i0.wp.com\/blogdalucianaoliveira.com.br\/blog\/wp-content\/uploads\/2018\/05\/tutu.jpg?fit=300%2C180\" data-large-file=\"https:\/\/i0.wp.com\/blogdalucianaoliveira.com.br\/blog\/wp-content\/uploads\/2018\/05\/tutu.jpg?fit=600%2C359\" class=\"alignnone size-full wp-image-17941\" src=\"https:\/\/i0.wp.com\/blogdalucianaoliveira.com.br\/blog\/wp-content\/uploads\/2018\/05\/tutu.jpg?resize=600%2C359\" alt=\"tutu\" width=\"600\" height=\"359\" srcset=\"https:\/\/i0.wp.com\/blogdalucianaoliveira.com.br\/blog\/wp-content\/uploads\/2018\/05\/tutu.jpg?w=958 958w, https:\/\/i0.wp.com\/blogdalucianaoliveira.com.br\/blog\/wp-content\/uploads\/2018\/05\/tutu.jpg?resize=300%2C180 300w, https:\/\/i0.wp.com\/blogdalucianaoliveira.com.br\/blog\/wp-content\/uploads\/2018\/05\/tutu.jpg?resize=768%2C460 768w, https:\/\/i0.wp.com\/blogdalucianaoliveira.com.br\/blog\/wp-content\/uploads\/2018\/05\/tutu.jpg?resize=501%2C300 501w\" sizes=\"auto, (max-width: 600px) 100vw, 600px\" \/><\/p>\n<p>&nbsp;<\/p>\n<p>O Teatro Banzeiro lotou, mas por convoca\u00e7\u00e3o de boca em boca \u00e0 Audi\u00eancia P\u00fablica para debater o Projeto B\u00e1sico e Diretrizes do Edital de Concess\u00e3o do Transporte Coletivo de Porto Velho.<\/p>\n<p>E quem foi, reclamou da pouca publicidade e da total falta de informa\u00e7\u00f5es sobre o que a prefeitura iria propor.<!--more--><\/p>\n<p>Nem os vereadores presentes tinham conhecimento do tal projeto.<\/p>\n<p>Em carta encaminhada ao prefeito Hildon Chaves (PSDB-RO) na v\u00e9spera da audi\u00eancia, a Comiss\u00e3o de Entidades e Organiza\u00e7\u00f5es de Luta Pelo Direito \u00e0 Cidade solicitou adiamento e refor\u00e7ou o pedido na abertura do evento.<\/p>\n<p><img data-recalc-dims=\"1\" loading=\"lazy\" decoding=\"async\" data-attachment-id=\"17949\" data-permalink=\"http:\/\/blogdalucianaoliveira.com.br\/blog\/2018\/05\/09\/publico-abandona-audiencia-publica-da-prefeitura-sobre-concessao-do-transporte-coletivo-de-porto-velho\/c136b7be-a511-47bd-bae2-47eb7da239fe\/\" data-orig-file=\"https:\/\/i0.wp.com\/blogdalucianaoliveira.com.br\/blog\/wp-content\/uploads\/2018\/05\/C136B7BE-A511-47BD-BAE2-47EB7DA239FE.jpeg?fit=3264%2C2448\" data-orig-size=\"3264,2448\" data-comments-opened=\"0\" data-image-meta=\"{&quot;aperture&quot;:&quot;2.2&quot;,&quot;credit&quot;:&quot;&quot;,&quot;camera&quot;:&quot;iPhone 6&quot;,&quot;caption&quot;:&quot;&quot;,&quot;created_timestamp&quot;:&quot;1525863696&quot;,&quot;copyright&quot;:&quot;&quot;,&quot;focal_length&quot;:&quot;4.15&quot;,&quot;iso&quot;:&quot;40&quot;,&quot;shutter_speed&quot;:&quot;0.00833333333333&quot;,&quot;title&quot;:&quot;&quot;,&quot;orientation&quot;:&quot;6&quot;}\" data-image-title=\"C136B7BE-A511-47BD-BAE2-47EB7DA239FE\" data-image-description=\"\" data-image-caption=\"\" data-medium-file=\"https:\/\/i0.wp.com\/blogdalucianaoliveira.com.br\/blog\/wp-content\/uploads\/2018\/05\/C136B7BE-A511-47BD-BAE2-47EB7DA239FE.jpeg?fit=300%2C225\" data-large-file=\"https:\/\/i0.wp.com\/blogdalucianaoliveira.com.br\/blog\/wp-content\/uploads\/2018\/05\/C136B7BE-A511-47BD-BAE2-47EB7DA239FE.jpeg?fit=600%2C450\" src=\"https:\/\/i0.wp.com\/blogdalucianaoliveira.com.br\/blog\/wp-content\/uploads\/2018\/05\/C136B7BE-A511-47BD-BAE2-47EB7DA239FE.jpeg?resize=600%2C450\" alt=\"C136B7BE-A511-47BD-BAE2-47EB7DA239FE\" width=\"600\" height=\"450\" class=\"alignnone size-full wp-image-17949\" srcset=\"https:\/\/i0.wp.com\/blogdalucianaoliveira.com.br\/blog\/wp-content\/uploads\/2018\/05\/C136B7BE-A511-47BD-BAE2-47EB7DA239FE.jpeg?w=3264 3264w, https:\/\/i0.wp.com\/blogdalucianaoliveira.com.br\/blog\/wp-content\/uploads\/2018\/05\/C136B7BE-A511-47BD-BAE2-47EB7DA239FE.jpeg?resize=300%2C225 300w, https:\/\/i0.wp.com\/blogdalucianaoliveira.com.br\/blog\/wp-content\/uploads\/2018\/05\/C136B7BE-A511-47BD-BAE2-47EB7DA239FE.jpeg?resize=768%2C576 768w, https:\/\/i0.wp.com\/blogdalucianaoliveira.com.br\/blog\/wp-content\/uploads\/2018\/05\/C136B7BE-A511-47BD-BAE2-47EB7DA239FE.jpeg?resize=1024%2C768 1024w, https:\/\/i0.wp.com\/blogdalucianaoliveira.com.br\/blog\/wp-content\/uploads\/2018\/05\/C136B7BE-A511-47BD-BAE2-47EB7DA239FE.jpeg?resize=400%2C300 400w, https:\/\/i0.wp.com\/blogdalucianaoliveira.com.br\/blog\/wp-content\/uploads\/2018\/05\/C136B7BE-A511-47BD-BAE2-47EB7DA239FE.jpeg?w=1200 1200w, https:\/\/i0.wp.com\/blogdalucianaoliveira.com.br\/blog\/wp-content\/uploads\/2018\/05\/C136B7BE-A511-47BD-BAE2-47EB7DA239FE.jpeg?w=1800 1800w\" sizes=\"auto, (max-width: 600px) 100vw, 600px\" \/><\/p>\n<p><img data-recalc-dims=\"1\" loading=\"lazy\" decoding=\"async\" data-attachment-id=\"17947\" data-permalink=\"http:\/\/blogdalucianaoliveira.com.br\/blog\/2018\/05\/09\/publico-abandona-audiencia-publica-da-prefeitura-sobre-concessao-do-transporte-coletivo-de-porto-velho\/6826996f-58af-4c5a-acff-1a42fab2cd0e\/\" data-orig-file=\"https:\/\/i0.wp.com\/blogdalucianaoliveira.com.br\/blog\/wp-content\/uploads\/2018\/05\/6826996F-58AF-4C5A-ACFF-1A42FAB2CD0E.jpeg?fit=2448%2C2869\" data-orig-size=\"2448,2869\" data-comments-opened=\"0\" data-image-meta=\"{&quot;aperture&quot;:&quot;2.2&quot;,&quot;credit&quot;:&quot;&quot;,&quot;camera&quot;:&quot;iPhone 6&quot;,&quot;caption&quot;:&quot;&quot;,&quot;created_timestamp&quot;:&quot;1525863705&quot;,&quot;copyright&quot;:&quot;&quot;,&quot;focal_length&quot;:&quot;4.15&quot;,&quot;iso&quot;:&quot;40&quot;,&quot;shutter_speed&quot;:&quot;0.00833333333333&quot;,&quot;title&quot;:&quot;&quot;,&quot;orientation&quot;:&quot;0&quot;}\" data-image-title=\"6826996F-58AF-4C5A-ACFF-1A42FAB2CD0E\" data-image-description=\"\" data-image-caption=\"\" data-medium-file=\"https:\/\/i0.wp.com\/blogdalucianaoliveira.com.br\/blog\/wp-content\/uploads\/2018\/05\/6826996F-58AF-4C5A-ACFF-1A42FAB2CD0E.jpeg?fit=256%2C300\" data-large-file=\"https:\/\/i0.wp.com\/blogdalucianaoliveira.com.br\/blog\/wp-content\/uploads\/2018\/05\/6826996F-58AF-4C5A-ACFF-1A42FAB2CD0E.jpeg?fit=600%2C703\" src=\"https:\/\/i0.wp.com\/blogdalucianaoliveira.com.br\/blog\/wp-content\/uploads\/2018\/05\/6826996F-58AF-4C5A-ACFF-1A42FAB2CD0E.jpeg?resize=600%2C703\" alt=\"6826996F-58AF-4C5A-ACFF-1A42FAB2CD0E\" width=\"600\" height=\"703\" class=\"alignnone size-full wp-image-17947\" srcset=\"https:\/\/i0.wp.com\/blogdalucianaoliveira.com.br\/blog\/wp-content\/uploads\/2018\/05\/6826996F-58AF-4C5A-ACFF-1A42FAB2CD0E.jpeg?w=2448 2448w, https:\/\/i0.wp.com\/blogdalucianaoliveira.com.br\/blog\/wp-content\/uploads\/2018\/05\/6826996F-58AF-4C5A-ACFF-1A42FAB2CD0E.jpeg?resize=256%2C300 256w, https:\/\/i0.wp.com\/blogdalucianaoliveira.com.br\/blog\/wp-content\/uploads\/2018\/05\/6826996F-58AF-4C5A-ACFF-1A42FAB2CD0E.jpeg?resize=768%2C900 768w, https:\/\/i0.wp.com\/blogdalucianaoliveira.com.br\/blog\/wp-content\/uploads\/2018\/05\/6826996F-58AF-4C5A-ACFF-1A42FAB2CD0E.jpeg?resize=874%2C1024 874w, https:\/\/i0.wp.com\/blogdalucianaoliveira.com.br\/blog\/wp-content\/uploads\/2018\/05\/6826996F-58AF-4C5A-ACFF-1A42FAB2CD0E.jpeg?w=1200 1200w, https:\/\/i0.wp.com\/blogdalucianaoliveira.com.br\/blog\/wp-content\/uploads\/2018\/05\/6826996F-58AF-4C5A-ACFF-1A42FAB2CD0E.jpeg?w=1800 1800w\" sizes=\"auto, (max-width: 600px) 100vw, 600px\" \/><\/p>\n<p>O secret\u00e1rio municipal de transportes insistiu que o p\u00fablico ouvisse o que tinham a dizer sobre o projeto, sob promessa de agendamento de futuras audi\u00eancias em outras regi\u00f5es da cidade.<\/p>\n<p>A representante do Minist\u00e9rio P\u00fablico, pasme, mesmo tendo ouvido as queixas da pouca publicidade do convite e do projeto, sugeriu que o p\u00fablico ouvisse.<\/p>\n<p>N\u00e3o teve acordo para dezenas de pessoas, entre as quais representantes de servi\u00e7os de transportes p\u00fablicos.<\/p>\n<p>A maior parte dos presentes simplesmente abandonou a audi\u00eancia que foi chamada por alguns como \u2018fake\u2019.<\/p>\n<p>E o secret\u00e1rio que disse ter observado o car\u00e1ter democr\u00e1tico na convoca\u00e7\u00e3o da audi\u00eancia, acabou dizendo que quem n\u00e3o quisesse ouvir, que fosse embora.<\/p>\n<p>A audi\u00eancia \u2018fake\u2019, posto que n\u00e3o contempla o debate com ampla publicidade e pluralidade de vozes, restou voltada a um pequeno p\u00fablico.<\/p>\n<p>O esvaziamento foi um ato de protesto e pra dar visibilidade ao gesto de desprezo da prefeitura com o pedido de adiamento feito em coro na audi\u00eancia.<\/p>\n","protected":false},"excerpt":{"rendered":"<p>&nbsp; O Teatro Banzeiro lotou, mas por convoca\u00e7\u00e3o de boca em boca \u00e0 Audi\u00eancia P\u00fablica para debater o Projeto B\u00e1sico e Diretrizes do Edital de Concess\u00e3o do Transporte Coletivo de Porto Velho. E quem foi, reclamou da pouca publicidade e da total falta de informa\u00e7\u00f5es sobre o que a prefeitura iria propor.<\/p>\n","protected":false},"author":1,"featured_media":0,"comment_status":"closed","ping_status":"open","sticky":false,"template":"","format":"standard","meta":{"_exactmetrics_skip_tracking":false,"_exactmetrics_sitenote_active":false,"_exactmetrics_sitenote_note":"","_exactmetrics_sitenote_category":0,"jetpack_post_was_ever_published":false,"_jetpack_newsletter_access":"","_jetpack_dont_email_post_to_subs":false,"_jetpack_newsletter_tier_id":0,"_jetpack_memberships_contains_paywalled_content":false,"_jetpack_memberships_contains_paid_content":false,"footnotes":"","jetpack_publicize_message":"","jetpack_publicize_feature_enabled":true,"jetpack_social_post_already_shared":true,"jetpack_social_options":{"image_generator_settings":{"template":"highway","enabled":false},"version":2}},"categories":[1],"tags":[],"class_list":["post-17939","post","type-post","status-publish","format-standard","hentry","category-notas"],"jetpack_publicize_connections":[],"jetpack_sharing_enabled":true,"jetpack_featured_media_url":"","jetpack_shortlink":"https:\/\/wp.me\/p7wKYW-4Fl","jetpack-related-posts":[],"_links":{"self":[{"href":"http:\/\/blogdalucianaoliveira.com.br\/blog\/wp-json\/wp\/v2\/posts\/17939","targetHints":{"allow":["GET"]}}],"collection":[{"href":"http:\/\/blogdalucianaoliveira.com.br\/blog\/wp-json\/wp\/v2\/posts"}],"about":[{"href":"http:\/\/blogdalucianaoliveira.com.br\/blog\/wp-json\/wp\/v2\/types\/post"}],"author":[{"embeddable":true,"href":"http:\/\/blogdalucianaoliveira.com.br\/blog\/wp-json\/wp\/v2\/users\/1"}],"replies":[{"embeddable":true,"href":"http:\/\/blogdalucianaoliveira.com.br\/blog\/wp-json\/wp\/v2\/comments?post=17939"}],"version-history":[{"count":4,"href":"http:\/\/blogdalucianaoliveira.com.br\/blog\/wp-json\/wp\/v2\/posts\/17939\/revisions"}],"predecessor-version":[{"id":17950,"href":"http:\/\/blogdalucianaoliveira.com.br\/blog\/wp-json\/wp\/v2\/posts\/17939\/revisions\/17950"}],"wp:attachment":[{"href":"http:\/\/blogdalucianaoliveira.com.br\/blog\/wp-json\/wp\/v2\/media?parent=17939"}],"wp:term":[{"taxonomy":"category","embeddable":true,"href":"http:\/\/blogdalucianaoliveira.com.br\/blog\/wp-json\/wp\/v2\/categories?post=17939"},{"taxonomy":"post_tag","embeddable":true,"href":"http:\/\/blogdalucianaoliveira.com.br\/blog\/wp-json\/wp\/v2\/tags?post=17939"}],"curies":[{"name":"wp","href":"https:\/\/api.w.org\/{rel}","templated":true}]}}