{"id":17951,"date":"2018-05-10T09:33:13","date_gmt":"2018-05-10T13:33:13","guid":{"rendered":"http:\/\/blogdalucianaoliveira.com.br\/blog\/?p=17951"},"modified":"2018-05-10T09:33:13","modified_gmt":"2018-05-10T13:33:13","slug":"pf-liga-ex-reitor-da-ufsc-a-desvio-mas-nao-apresenta-provas-em-817-paginas","status":"publish","type":"post","link":"http:\/\/blogdalucianaoliveira.com.br\/blog\/2018\/05\/10\/pf-liga-ex-reitor-da-ufsc-a-desvio-mas-nao-apresenta-provas-em-817-paginas\/","title":{"rendered":"PF liga ex-reitor da UFSC a desvio mas n\u00e3o apresenta provas em 817 p\u00e1ginas"},"content":{"rendered":"<p><img data-recalc-dims=\"1\" loading=\"lazy\" decoding=\"async\" data-attachment-id=\"17952\" data-permalink=\"http:\/\/blogdalucianaoliveira.com.br\/blog\/2018\/05\/10\/pf-liga-ex-reitor-da-ufsc-a-desvio-mas-nao-apresenta-provas-em-817-paginas\/rei-2\/\" data-orig-file=\"https:\/\/i0.wp.com\/blogdalucianaoliveira.com.br\/blog\/wp-content\/uploads\/2018\/05\/rei.jpg?fit=1024%2C683\" data-orig-size=\"1024,683\" data-comments-opened=\"0\" data-image-meta=\"{&quot;aperture&quot;:&quot;0&quot;,&quot;credit&quot;:&quot;&quot;,&quot;camera&quot;:&quot;&quot;,&quot;caption&quot;:&quot;&quot;,&quot;created_timestamp&quot;:&quot;0&quot;,&quot;copyright&quot;:&quot;&quot;,&quot;focal_length&quot;:&quot;0&quot;,&quot;iso&quot;:&quot;0&quot;,&quot;shutter_speed&quot;:&quot;0&quot;,&quot;title&quot;:&quot;&quot;,&quot;orientation&quot;:&quot;0&quot;}\" data-image-title=\"rei\" data-image-description=\"\" data-image-caption=\"\" data-medium-file=\"https:\/\/i0.wp.com\/blogdalucianaoliveira.com.br\/blog\/wp-content\/uploads\/2018\/05\/rei.jpg?fit=300%2C200\" data-large-file=\"https:\/\/i0.wp.com\/blogdalucianaoliveira.com.br\/blog\/wp-content\/uploads\/2018\/05\/rei.jpg?fit=600%2C400\" class=\"alignnone size-full wp-image-17952\" src=\"https:\/\/i0.wp.com\/blogdalucianaoliveira.com.br\/blog\/wp-content\/uploads\/2018\/05\/rei.jpg?resize=600%2C400\" alt=\"rei\" width=\"600\" height=\"400\" srcset=\"https:\/\/i0.wp.com\/blogdalucianaoliveira.com.br\/blog\/wp-content\/uploads\/2018\/05\/rei.jpg?w=1024 1024w, https:\/\/i0.wp.com\/blogdalucianaoliveira.com.br\/blog\/wp-content\/uploads\/2018\/05\/rei.jpg?resize=300%2C200 300w, https:\/\/i0.wp.com\/blogdalucianaoliveira.com.br\/blog\/wp-content\/uploads\/2018\/05\/rei.jpg?resize=768%2C512 768w, https:\/\/i0.wp.com\/blogdalucianaoliveira.com.br\/blog\/wp-content\/uploads\/2018\/05\/rei.jpg?resize=450%2C300 450w\" sizes=\"auto, (max-width: 600px) 100vw, 600px\" \/><\/p>\n<div class=\"c-news__wrap\">\n<div class=\"c-signature\">\n<header class=\"c-content-head\" data-share-text=\"\">\n<div class=\"c-content-head__wrap\">\n<h2 class=\"c-content-head__subtitle\">Dirigente se matou 18 dias ap\u00f3s ter sido preso sob suspeita de desvios de verba<\/h2>\n<\/div>\n<\/header>\n<div class=\"c-tools-share c-tools-share--bordered-md toolbar rs_skip\"><\/div>\n<\/div>\n<div class=\"c-signature\"><!--more--><\/div>\n<\/div>\n<div class=\"c-news__content\">\n<div class=\"c-signature c-signature--left\" data-force-change-font-size=\"\">\n<div class=\"c-news__wrap\">\n<div class=\"c-signature\"><strong class=\"c-signature__author\">W\u00e1lter Nunes<\/strong><\/div>\n<\/div>\n<p><strong class=\"c-signature__location\">NA FOLHA\u00a0<\/strong><\/p>\n<\/div>\n<div class=\"c-news__body\" data-share-text=\"\" data-news-content-text=\"\" data-disable-copy=\"\" data-continue-reading=\"\" data-continue-reading-hide-others=\".js-continue-reading-hidden\">\n<p>Logo nas seis primeiras p\u00e1ginas das 817 que comp\u00f5em o relat\u00f3rio final da Pol\u00edcia Federal sobre supostos\u00a0<a href=\"http:\/\/www1.folha.uol.com.br\/cotidiano\/2017\/12\/1941358-pf-volta-a-investigar-contratos-suspeitos-da-ufsc-em-nova-operacao.shtml\">desvios de verba<\/a>\u00a0na Universidade Federal de Santa Catarina (UFSC), o nome do ex-reitor\u00a0<a href=\"https:\/\/www1.folha.uol.com.br\/poder\/2018\/02\/reitor-apontou-falhas-em-investigacao.shtml\">Luiz Carlos Cancellier de\u00a0<\/a><a href=\"https:\/\/www1.folha.uol.com.br\/poder\/2018\/02\/reitor-apontou-falhas-em-investigacao.shtml\">Olivo<\/a>\u00a0\u00e9 citado oito vezes. Ali ele \u00e9 apontado como quem \u201crespaldava e sustentava\u201d uma quadrilha que pilhava recursos da universidade.<\/p>\n<p>O ex-reitor\u00a0<a href=\"http:\/\/www1.folha.uol.com.br\/cotidiano\/2017\/12\/:http:\/\/www1.folha.uol.com.br\/cotidiano\/2017\/10\/1923554-reitor-afastado-da-ufsc-e-encontrado-morto-em-shopping-de-florianopolis.shtml\">se jogou de um\u00a0<\/a><a href=\"http:\/\/www1.folha.uol.com.br\/cotidiano\/2017\/12\/:http:\/\/www1.folha.uol.com.br\/cotidiano\/2017\/10\/1923554-reitor-afastado-da-ufsc-e-encontrado-morto-em-shopping-de-florianopolis.shtml\">shopping<\/a>\u00a0de Florian\u00f3polis em 2 de outubro do ano passado, 18 dias ap\u00f3s ter sido preso na opera\u00e7\u00e3o\u00a0<a href=\"http:\/\/www1.folha.uol.com.br\/cotidiano\/2017\/12\/1945252-dias-antes-de-suicidio-reitor-da-ufsc-disse-a-pf-que-nao-protegeu-ninguem.shtml\">Ouvidos Moucos<\/a>.<\/p>\n<p>Segundo a pol\u00edcia, Cancellier \u201cnomeou e manteve em posi\u00e7\u00e3o de destaque\u201d o grupo de professores que abastecia a \u201cpol\u00edtica de desvios e direcionamento nos pagamentos das bolsas\u201d do programa de ensino a dist\u00e2ncia.<\/p>\n<p>Apesar das acusa\u00e7\u00f5es de que estaria no comando de uma suposta quadrilha, o relat\u00f3rio da PF n\u00e3o apresenta provas de que o ex-reitor teria se beneficiado financeiramente por essa participa\u00e7\u00e3o. A\u00a0<strong>Folha<\/strong>questionou a Pol\u00edcia Federal sobre a aus\u00eancia de provas contra Cancellier, mas obteve como resposta apenas que a investiga\u00e7\u00e3o est\u00e1 finalizada.<\/p>\n<p>No relat\u00f3rio, Cancellier s\u00f3 aparece, e indiretamente, em epis\u00f3dio citado que envolve repasses na conta de seu filho Mikhail. S\u00e3o tr\u00eas dep\u00f3sitos efetuados em 2013 pelo professor Gilberto Moritz que totalizam R$ 7.102 na conta do filho de Cancellier, que ainda n\u00e3o era reitor da federal.<\/p>\n<p>O filho dele foi questionado por policiais federais e disse n\u00e3o lembrar o motivo das transfer\u00eancias. Na \u00e9poca, ele tinha 25 anos e era ajudado financeiramente pelo pai.<\/p>\n<p>O delegado Nelson Napp, respons\u00e1vel pelo relat\u00f3rio final da opera\u00e7\u00e3o, levantou uma suspeita. \u201cComenta-se que os recursos transferidos para Gilberto Moritz foram oriundos do projeto Especializa\u00e7\u00e3o Gest\u00e3o Organizacional e Administra\u00e7\u00e3o em RH (TJ), coordenado por Luiz Carlos Cancellier, sendo este o ordenador de despesa do referido projeto. Ap\u00f3s o recebimento dos recursos, Gilberto Moritz transferiu para Mikhail Vieira de Lorenzi Cancellier (filho do ex-reitor Cancellier) o valor de R$ 7.102,00.\u201d<\/p>\n<p>Essa suspeita bastou para o indiciamento de Mikhail. Moritz tamb\u00e9m foi incriminado.<\/p>\n<div>\n<div class=\"js-gallery-widget\">\n<div id=\"gallery-widget-nova\/\" class=\"gallery-widget gallery-widget-keydown\" data-channel=\"cotidiano\">\n<div class=\"gallery-widget__header rs_skip\">\n<div class=\"c-news__body\" data-share-text=\"\" data-news-content-text=\"\" data-disable-copy=\"\" data-continue-reading=\"\" data-continue-reading-hide-others=\".js-continue-reading-hidden\">\n<p>Ao todo, 23 pessoas foram indiciadas por crimes como lavagem de dinheiro, forma\u00e7\u00e3o de quadrilha e peculato. O delegado aponta que Cancellier s\u00f3 n\u00e3o foi inclu\u00eddo nessa lista por causa da sua morte.<\/p>\n<p>Cancellier \u00e9 o \u00fanico ex-reitor implicado na opera\u00e7\u00e3o da PF. Ele assumiu o cargo em maio de 2016. Os fatos narrados aconteceram de 2008 a 2017. Por\u00e9m os reitores que antecederam Cancellier nesse per\u00edodo, Alvaro Toubes Prata (2008 a 2012) e Roselane Neckel (2012 a 2016), n\u00e3o s\u00e3o alvos.<\/p>\n<p>Isso apesar de o relat\u00f3rio da pol\u00edcia afirmar que essa suposta quadrilha tinha influ\u00eancia na universidade \u201cdesde a origem mais remota do ensino a dist\u00e2ncia na UFSC\u201d.<\/p>\n<p>No entendimento da PF, o grupo investigado conseguiu \u201cse manter em funcionamento naqueles moldes\u201d por causa da sustenta\u00e7\u00e3o pol\u00edtica proporcionada por Cancellier.<\/p>\n<p>O ex-reitor Alvaro Prata \u00e9 citado no relat\u00f3rio final em apenas um caso relevante. Uma conversa no aplicativo de mensagens de celular mostra que ele alertou Cancellier sobre \u201cuma a\u00e7\u00e3o da PF em curso e em sigilo envolvendo recursos da Capes e o ensino a dist\u00e2ncia da UFSC\u201d. Posteriormente Cancellier foi preso sob a justificativa de que teria tentado\u00a0<a href=\"http:\/\/www1.folha.uol.com.br\/cotidiano\/2017\/10\/1925167-corregedor-da-federal-de-sc-relatou-pressao-de-reitor-diante-de-apuracao.shtml\">obstruir as investiga\u00e7\u00f5es<\/a>. Mas Prata n\u00e3o foi<br \/>\nalvo de medida policial.<\/p>\n<p>A investiga\u00e7\u00e3o na UFSC foi iniciada pela delegada Erika Mialik Marena, que estava entre os respons\u00e1veis pela Opera\u00e7\u00e3o Lava Jato, em Curitiba, at\u00e9 o final de 2016. Transferida para Florian\u00f3polis em 2017, comandou a Ouvidos Moucos at\u00e9 a morte do reitor, quando foi transferida para Sergipe.<\/p>\n<p>Na ocasi\u00e3o em que a opera\u00e7\u00e3o foi deflagrada, em 14 de setembro do ano passado, a PF divulgou que combatia um desvio de mais de\u00a0R$ 80 milh\u00f5es na UFSC.<\/p>\n<p>Mais tarde corrigiu a informa\u00e7\u00e3o, esclarecendo que o valor citado era de todo o repasse para o programa de ensino a dist\u00e2ncia de 2008 a 2016.<\/p>\n<p>No relat\u00f3rio final, antecipado pela revista Veja e obtido pela\u00a0<strong>Folha<\/strong>, a Pol\u00edcia Federal n\u00e3o aponta o total que teria sido desviado dos cofres da Federal de Santa Catarina.<\/p>\n<div>\n<div class=\"js-gallery-widget\">\n<div id=\"gallery-widget-nova\/\" class=\"gallery-widget\" data-channel=\"cotidiano\">\n<div class=\"gallery-widget__header rs_skip\">\n<a class=\"gallery-widget__header-title-link\" href=\"https:\/\/fotografia.folha.uol.com.br\/galerias\/nova\/1580556842991224-reitor-da-ufsc-que-cometeu-suicidio\">Reitor da UFSC que cometeu suic\u00eddio<\/a><\/div>\n<div class=\"gallery-widget__content\">\n<div class=\"gallery-widget-carousel\">\n<div class=\"gallery-widget-carousel__container\">\n<ol class=\"list-unstyled gallery-widget-carousel__list\">\n<ol class=\"list-unstyled gallery-widget-carousel__list\">\n<li class=\"gallery-widget-carousel__list-item\" data-photo-idx=\"1580556843008604\"><img data-recalc-dims=\"1\" decoding=\"async\" class=\"gallery-widget-carousel__list-photo is-hidden\" src=\"https:\/\/i0.wp.com\/f.i.uol.com.br\/fotografia\/2017\/10\/06\/150733615059d81fd6443c7_1507336150_3x2_md.jpg?w=600&#038;ssl=1\" alt=\"O reitor afastado da UFSC Luiz Carlos Cancellier, encontrado morto em shopping de Florian\u00f3polis em outubro de 2017\" \/><\/li>\n<\/ol>\n<\/ol>\n<p><img decoding=\"async\" class=\"gallery-widget-carousel__list-photo is-hidden\" src=\"data:image\/gif;base64,R0lGODlhAQABAIAAAAAAAP\/\/\/yH5BAEAAAAALAAAAAABAAEAAAIBRAA7\" alt=\"Luiz Carlos Cancellier, reitor da UFSC que cometeu suic\u00eddio\" data-src=\"https:\/\/f.i.uol.com.br\/fotografia\/2017\/10\/06\/150733868059d829b854c2b_1507338680_1x1_md.jpg\" \/><\/div>\n<div class=\"gallery-widget-carousel__info rs_skip\">\n<div class=\"gallery-widget-carousel__info-container\">\n<p class=\"gallery-widget-carousel__info-description\"><span class=\"gallery-widget-carousel__info-text\">O reitor afastado da UFSC Luiz Carlos Cancellier, encontrado morto em shopping de Florian\u00f3polis em outubro de 2017<\/span>\u00a0<span class=\"gallery-widget-carousel__info-author\">\/Pipo Quint\/Agecom\/UFSC<\/span><\/p>\n<\/div>\n<div class=\"gallery-widget-carousel__info-read-more-container\">Ela faz apenas uma listagem de casos para tentar demonstrar os crimes e diz que focou nos pagamentos de bolsas e nas despesas com lota\u00e7\u00e3o de ve\u00edculos e motoristas.<\/div>\n<\/div>\n<\/div>\n<\/div>\n<\/div>\n<\/div>\n<\/div>\n<p>Os valores analisados s\u00e3o modestos, se comparados a outras opera\u00e7\u00f5es da Pol\u00edcia Federal. No caso das bolsas de estudo, os policiais apontam que havia ac\u00famulo indevido do benef\u00edcio e reparti\u00e7\u00e3o de dinheiro entre professores.<\/p>\n<p>Para explicar o funcionamento do que classifica como \u201corganiza\u00e7\u00e3o criminosa\u201d, a PF cita um caso de 2015, ocorrido no Departamento de Ci\u00eancia da Administra\u00e7\u00e3o, em que um professor recebeu uma bolsa de R$ 1.300 para ministrar um semin\u00e1rio em Lages (SC) e foi pressionado por um coordenador de curso a devolver metade do valor para outro professor. Nesse per\u00edodo Roselane Neckel era a reitora.<\/p>\n<p>Em outro ponto do relat\u00f3rio, a PF aponta que teria havido direcionamento na concorr\u00eancia das empresas que prestavam servi\u00e7o de transporte para a universidade e que o processo de or\u00e7amenta\u00e7\u00e3o dos alugu\u00e9is de carros com motorista eram simulados.<\/p>\n<p>Os policiais recorrem a um relat\u00f3rio do TCU para apontar superfaturamento de R$ 43 mil nos contratos feitos com as empresas de turismo por servi\u00e7os prestados de mar\u00e7o de 2015 a setembro de 2017, parte deles sob Cancellier.<\/p>\n<p>At\u00e9 reembolso de combust\u00edvel foi usado na acusa\u00e7\u00e3o.<\/p>\n<p>Um professor que viajou,\u00a0em 2014, de Florian\u00f3polis\u00a0para uma aula magna na cidade de Lages (SC), foi colocado sob suspei\u00e7\u00e3o por causa de 48,74 litros de gasolina.<\/p>\n<p>Os policiais federais calcularam que a dist\u00e2ncia de ida e volta entre as duas cidades \u00e9 de 500 km \u2014e estimou que um autom\u00f3vel deveria consumir um tanque de combust\u00edvel para esse trajeto.<\/p>\n<p>Como o professor abasteceu duas vezes, somando 98,74 litros, ent\u00e3o havia sobra de combust\u00edvel. A nota fiscal do posto de gasolina referente ao segundo abastecimento \u00e9 anexada para mostrar que o professor gastou R$ 140 para viajar de volta para casa.<\/p>\n<h3 class=\"c-news__subtitle\">PF N\u00c3O EXPLICA<\/h3>\n<p>A\u00a0<strong>Folha<\/strong>\u00a0questionou a Pol\u00edcia Federal sobre a aus\u00eancia de provas contra o ex-reitor em um relat\u00f3rio de mais de 800 p\u00e1ginas, j\u00e1 que no documento ele \u00e9 apontado como uma esp\u00e9cie de chefe de suposto esquema de desvios.<\/p>\n<p>A reportagem tamb\u00e9m indagou a corpora\u00e7\u00e3o sobre\u00a0o fato de Cancellier ser o \u00fanico reitor citado no relat\u00f3rio, sendo que os casos relatados se passam desde 2008.<\/p>\n<p>Na resposta, a Pol\u00edcia Federal se limitou a dizer que a investiga\u00e7\u00e3o foi finalizada pela corpora\u00e7\u00e3o e que essa agora est\u00e1 agora sob a an\u00e1lise do\u00a0Minist\u00e9rio P\u00fablico Federal.<\/p>\n<p>A reportagem tentou contato telef\u00f4nico e deixou recado nos celulares dos ex-reitores Alvaro Toubes Prata e Roselane Neckel, mas nenhum deles respondeu ou ligou de volta at\u00e9 a conclus\u00e3o desta edi\u00e7\u00e3o.<\/p>\n<p>O advogado H\u00e9lio Rubens Brasil, que defendeu Cancellier, disse que o relat\u00f3rio \u00e9 \u201cextremamente fr\u00e1gil e inconsistente, repleto de insinua\u00e7\u00f5es e suposi\u00e7\u00f5es, sem qualquer prova que embase as afirma\u00e7\u00f5es contidas no relat\u00f3rio\u201d. O advogado de Gilberto Moritz n\u00e3o retornou o contato.<\/p>\n<hr \/>\n<h3 class=\"c-news__subtitle\">ENTENDA O CASO DA UFSC<\/h3>\n<p><b>O que \u00e9 a Ouvidos Moucos<\/b><br \/>\nUma opera\u00e7\u00e3o da Pol\u00edcia Federal que investigava desvios de verba nas bolsas de estudo do programa de educa\u00e7\u00e3o \u00e0 dist\u00e2ncia da UFSC, concedidas pela Capes (do governo federal)<\/p>\n<p><b>14.set.17<\/b>\u2002Opera\u00e7\u00e3o prende seis professores e o reitor, Luiz Carlos Cancellier de Olivo, por supostamente tentar atrapalhar investiga\u00e7\u00e3o da corregedoria da UFSC (ele n\u00e3o era suspeito de corrup\u00e7\u00e3o). Quem pediu as pris\u00f5es foi a delegada Erika Marena, ex-coordenadora da Lava Jato<\/p>\n<p><b>15.set.17<\/b>\u2002Ju\u00edza determina a soltura dos acusados, mas mant\u00e9m decis\u00e3o que os proibia de frequentar a UFSC<\/p>\n<p><b>2.out.17<\/b>\u2002Cancellier se joga do 7\u00ba andar de um shopping de Florian\u00f3polis; \u201cminha morte foi decretada quando fui banido da universidade!!!\u201d, dizia o bilhete encontrado em seu bolso<\/p>\n<p><b>nov.17<\/b>\u2002Com a repercuss\u00e3o da morte, \u00e9 aberta uma investiga\u00e7\u00e3o interna na PF para apurar a conduta dos policiais no caso, sobretudo a de Erika Marena. A sindic\u00e2ncia concluiu que n\u00e3o houve irregularidades<\/p>\n<p><b>dez.17<\/b>\u2002Erika Marena \u00e9 transferida ao comando da Superintend\u00eancia da PF de Sergipe, mas sua promo\u00e7\u00e3o s\u00f3 \u00e9 efetivada em fev.18, por causa das d\u00favidas sobre sua conduta na Ouvidos Moucos<\/p>\n<p><b>25.abr.18<\/b>\u2002Pol\u00edcia Federal envia relat\u00f3rio final da opera\u00e7\u00e3o \u00e0 Justi\u00e7a Federal, indiciando 23 pessoas. Entre elas est\u00e1 Mikhail Cancellier, filho do ex-reitor. O procurador Andr\u00e9 Bertuol, do Minist\u00e9rio P\u00fablico Federal de SC, decidir\u00e1 se o caso resultar\u00e1 em den\u00fancia<\/p>\n<p><b>Contradi\u00e7\u00f5es da Pol\u00edcia Federal<\/b><\/p>\n<p>&#8211; A PF acusou Cancellier de dar suporte \u00e0 quadrilha que desviava dinheiro, mas n\u00e3o encontrou provas de sua participa\u00e7\u00e3o nem de recebimento de valores ilegais<br \/>\n&#8211; No dia das pris\u00f5es, a PF divulgou em rede social que o esquema teria desviado R$ 80 milh\u00f5es; mais tarde, reconheceu erro no valor, que na verdade correspondia a todo o repasse ao programa de 2008 a 2016<br \/>\n&#8211; O parecer que acabou arquivando a investiga\u00e7\u00e3o interna na PF, como revelou a Folha, foi feito pelo delegado Luiz Carlos Korff, que tamb\u00e9m \u00e9 diretor de comunica\u00e7\u00e3o da PF catarinense<\/p>\n<hr \/>\n<p><b>OUTRAS OPERA\u00c7\u00d5ES DA PF EM UNIVERSIDADES FEDERAIS<\/b><\/p>\n<p><b>Universidade Federal de Minas Gerais<\/b><\/p>\n<p>&#8211; Opera\u00e7\u00e3o: Esperan\u00e7a Equilibrista<br \/>\n&#8211; Quando: 6.dez.2017<br \/>\n&#8211; Suspeita: Desvio de R$ 4 milh\u00f5es na constru\u00e7\u00e3o e implanta\u00e7\u00e3o do Memorial da Anistia Pol\u00edtica do Brasil na universidade<br \/>\n&#8211; Fase atual: Inqu\u00e9rito ainda n\u00e3o foi conclu\u00eddo; a Pol\u00edcia Federal afirmou que o enviou \u00e0 Justi\u00e7a Federal e encerrar\u00e1 a investiga\u00e7\u00e3o quando ele retornar: \u201cAs an\u00e1lises dos materiais apreendidos est\u00e3o em fase adiantada, assim como o rastreamento dos recursos p\u00fablicos aguardam as \u00faltimas informa\u00e7\u00f5es banc\u00e1rias\u201d, disse em nota<br \/>\n&#8211; Resultado: O reitor Jaime Arturo Ramirez e a vice-reitora Sandra Regina Goulart Almeida foram alvos de condu\u00e7\u00e3o coercitiva. Outras cinco pessoas tamb\u00e9m foram levadas a prestar depoimento. Almeida assumiu o posto de reitora ap\u00f3s o fim da administra\u00e7\u00e3o de Ramirez, em mar\u00e7o<br \/>\n&#8211; O que diz a UFMG: Afirmou que est\u00e1 \u00e0 disposi\u00e7\u00e3o das autoridades e convicta de que tudo ser\u00e1 esclarecido<\/p>\n<p><b>Universidade Federal de Juiz de Fora<\/b><\/p>\n<p>&#8211; Opera\u00e7\u00e3o: Editor<br \/>\n&#8211; Quando: 21.fev.2018<br \/>\n&#8211; Suspeita: Fraudes e superfaturamento nas obras do Hospital Universit\u00e1rio<br \/>\n&#8211; Fase atual: Pol\u00edcia Federal concluiu a investiga\u00e7\u00e3o, e den\u00fancia j\u00e1 foi oferecida<br \/>\n&#8211; Resultado: Cinco pessoas presas, incluindo o ex-reitor Henrique Duque; um m\u00eas depois, todos haviam deixado a pris\u00e3o (a defesa de Duque questionou a necessidade da pris\u00e3o preventiva)<br \/>\n&#8211; O que diz a UFJF: Afirmou que n\u00e3o h\u00e1 o que comentar<\/p>\n<p><b>Universidade Tecnol\u00f3gica Federal do Paran\u00e1 &#8211; Campus Corn\u00e9lio Proc\u00f3pio<\/b><\/p>\n<p>&#8211; Opera\u00e7\u00e3o: 14 Bis<br \/>\n&#8211; Quando: 13.mar.2018<br \/>\n&#8211; Suspeita: Esquema de fraudes em contratos e licita\u00e7\u00f5es que somam R$ 5,7 milh\u00f5es<br \/>\n&#8211; Fase atual: Minist\u00e9rio P\u00fablico Federal ainda analisa documentos apreendidos, mas diz que pode oferecer den\u00fancia a partir das provas j\u00e1 coletadas<br \/>\n&#8211; Resultado: 20 pessoas presas, todas soltas atualmente; dois servidores j\u00e1 haviam sido demitidos antes da opera\u00e7\u00e3o em 2016, ap\u00f3s processo administrativo, e seis receberam advert\u00eancia e foram transferidos<br \/>\n&#8211; O que diz a UTFPR: A nova gest\u00e3o informou que contribui com as investiga\u00e7\u00f5es<br \/>\nCarolina Linhares, de Belo Horizonte<\/p>\n<\/div>\n<div class=\"c-signature js-continue-reading-hidden\"><\/div>\n<div class=\"c-news__stars u-no-print js-continue-reading-hidden\"><\/div>\n<h3 class=\"gallery-widget__header-title\"><\/h3>\n<\/div>\n<\/div>\n<\/div>\n<\/div>\n<\/div>\n<\/div>\n","protected":false},"excerpt":{"rendered":"<p>Dirigente se matou 18 dias ap\u00f3s ter sido preso sob suspeita de desvios de verba<\/p>\n","protected":false},"author":1,"featured_media":0,"comment_status":"closed","ping_status":"open","sticky":false,"template":"","format":"standard","meta":{"_exactmetrics_skip_tracking":false,"_exactmetrics_sitenote_active":false,"_exactmetrics_sitenote_note":"","_exactmetrics_sitenote_category":0,"jetpack_post_was_ever_published":false,"_jetpack_newsletter_access":"","_jetpack_dont_email_post_to_subs":false,"_jetpack_newsletter_tier_id":0,"_jetpack_memberships_contains_paywalled_content":false,"_jetpack_memberships_contains_paid_content":false,"footnotes":"","jetpack_publicize_message":"","jetpack_publicize_feature_enabled":true,"jetpack_social_post_already_shared":true,"jetpack_social_options":{"image_generator_settings":{"template":"highway","enabled":false},"version":2}},"categories":[1],"tags":[],"class_list":["post-17951","post","type-post","status-publish","format-standard","hentry","category-notas"],"jetpack_publicize_connections":[],"jetpack_sharing_enabled":true,"jetpack_featured_media_url":"","jetpack_shortlink":"https:\/\/wp.me\/p7wKYW-4Fx","jetpack-related-posts":[],"_links":{"self":[{"href":"http:\/\/blogdalucianaoliveira.com.br\/blog\/wp-json\/wp\/v2\/posts\/17951","targetHints":{"allow":["GET"]}}],"collection":[{"href":"http:\/\/blogdalucianaoliveira.com.br\/blog\/wp-json\/wp\/v2\/posts"}],"about":[{"href":"http:\/\/blogdalucianaoliveira.com.br\/blog\/wp-json\/wp\/v2\/types\/post"}],"author":[{"embeddable":true,"href":"http:\/\/blogdalucianaoliveira.com.br\/blog\/wp-json\/wp\/v2\/users\/1"}],"replies":[{"embeddable":true,"href":"http:\/\/blogdalucianaoliveira.com.br\/blog\/wp-json\/wp\/v2\/comments?post=17951"}],"version-history":[{"count":1,"href":"http:\/\/blogdalucianaoliveira.com.br\/blog\/wp-json\/wp\/v2\/posts\/17951\/revisions"}],"predecessor-version":[{"id":17953,"href":"http:\/\/blogdalucianaoliveira.com.br\/blog\/wp-json\/wp\/v2\/posts\/17951\/revisions\/17953"}],"wp:attachment":[{"href":"http:\/\/blogdalucianaoliveira.com.br\/blog\/wp-json\/wp\/v2\/media?parent=17951"}],"wp:term":[{"taxonomy":"category","embeddable":true,"href":"http:\/\/blogdalucianaoliveira.com.br\/blog\/wp-json\/wp\/v2\/categories?post=17951"},{"taxonomy":"post_tag","embeddable":true,"href":"http:\/\/blogdalucianaoliveira.com.br\/blog\/wp-json\/wp\/v2\/tags?post=17951"}],"curies":[{"name":"wp","href":"https:\/\/api.w.org\/{rel}","templated":true}]}}