{"id":17954,"date":"2018-05-10T10:18:46","date_gmt":"2018-05-10T14:18:46","guid":{"rendered":"http:\/\/blogdalucianaoliveira.com.br\/blog\/?p=17954"},"modified":"2018-05-10T10:18:46","modified_gmt":"2018-05-10T14:18:46","slug":"nao-nasci-para-o-linguajar-dos-salamaleques-mas-para-amplificar-a-linguagem-dos-cansados","status":"publish","type":"post","link":"http:\/\/blogdalucianaoliveira.com.br\/blog\/2018\/05\/10\/nao-nasci-para-o-linguajar-dos-salamaleques-mas-para-amplificar-a-linguagem-dos-cansados\/","title":{"rendered":"N\u00e3o nasci para o linguajar dos salamaleques, mas para amplificar a linguagem dos cansados"},"content":{"rendered":"<p>N\u00e3o me viram, nem v\u00e3o ver em arrebatamento p\u00fablico de indigna\u00e7\u00e3o por uma bobagem qualquer.<\/p>\n<p>Quando virem, ser\u00e1 como sempre, n\u00e3o por mim, mas pelo interesse coletivo.<\/p>\n<p>E a\u00ed est\u00e1 a for\u00e7a dos meus posicionamentos.<!--more--><\/p>\n<p><img data-recalc-dims=\"1\" loading=\"lazy\" decoding=\"async\" data-attachment-id=\"17955\" data-permalink=\"http:\/\/blogdalucianaoliveira.com.br\/blog\/2018\/05\/10\/nao-nasci-para-o-linguajar-dos-salamaleques-mas-para-amplificar-a-linguagem-dos-cansados\/eu-5\/\" data-orig-file=\"https:\/\/i0.wp.com\/blogdalucianaoliveira.com.br\/blog\/wp-content\/uploads\/2018\/05\/eu.jpg?fit=960%2C776\" data-orig-size=\"960,776\" data-comments-opened=\"0\" data-image-meta=\"{&quot;aperture&quot;:&quot;0&quot;,&quot;credit&quot;:&quot;&quot;,&quot;camera&quot;:&quot;&quot;,&quot;caption&quot;:&quot;&quot;,&quot;created_timestamp&quot;:&quot;0&quot;,&quot;copyright&quot;:&quot;&quot;,&quot;focal_length&quot;:&quot;0&quot;,&quot;iso&quot;:&quot;0&quot;,&quot;shutter_speed&quot;:&quot;0&quot;,&quot;title&quot;:&quot;&quot;,&quot;orientation&quot;:&quot;0&quot;}\" data-image-title=\"eu\" data-image-description=\"\" data-image-caption=\"\" data-medium-file=\"https:\/\/i0.wp.com\/blogdalucianaoliveira.com.br\/blog\/wp-content\/uploads\/2018\/05\/eu.jpg?fit=300%2C243\" data-large-file=\"https:\/\/i0.wp.com\/blogdalucianaoliveira.com.br\/blog\/wp-content\/uploads\/2018\/05\/eu.jpg?fit=600%2C485\" src=\"https:\/\/i0.wp.com\/blogdalucianaoliveira.com.br\/blog\/wp-content\/uploads\/2018\/05\/eu.jpg?resize=600%2C485\" alt=\"eu\" width=\"600\" height=\"485\" class=\"alignnone size-full wp-image-17955\" srcset=\"https:\/\/i0.wp.com\/blogdalucianaoliveira.com.br\/blog\/wp-content\/uploads\/2018\/05\/eu.jpg?w=960 960w, https:\/\/i0.wp.com\/blogdalucianaoliveira.com.br\/blog\/wp-content\/uploads\/2018\/05\/eu.jpg?resize=300%2C243 300w, https:\/\/i0.wp.com\/blogdalucianaoliveira.com.br\/blog\/wp-content\/uploads\/2018\/05\/eu.jpg?resize=768%2C621 768w, https:\/\/i0.wp.com\/blogdalucianaoliveira.com.br\/blog\/wp-content\/uploads\/2018\/05\/eu.jpg?resize=371%2C300 371w\" sizes=\"auto, (max-width: 600px) 100vw, 600px\" \/><\/p>\n<p>A compreens\u00e3o que persigo \u00e9 esta, a da coragem no enfrentamento pelo interesse p\u00fablico, com quem quer seja.<\/p>\n<p>O desagradar depende do ponto de vista de quem oprime e quem \u00e9 oprimido.<\/p>\n<p>Se me coloco como pr\u00e9-candidata, a\u00ed \u00e9 que devo mostrar mesmo pelo que e por quem vou lutar.<\/p>\n<p>Que n\u00e3o reste d\u00favida aos que estar\u00e3o comigo e aos que far\u00e3o de tudo para que eu n\u00e3o ven\u00e7a.<\/p>\n<p>Representarei os que n\u00e3o creem nestes senhores e senhoras no poder que fazem de canetas, fuzis para para tomar direitos dos que t\u00eam menos para dar aos que t\u00eam mais .<\/p>\n<p>Posso cham\u00e1-los de Vossas Excel\u00eancias e de palha\u00e7ada a forma como se comportam e muitos n\u00e3o entender\u00e3o.<\/p>\n<p>N\u00e3o nasci para o linguajar dos salamaleques, mas para amplificar a linguagem dos cansados.<\/p>\n<p>Estou com os que dizem:<\/p>\n<p>&#8220;N\u00f3s decidimos: de agora em diante<br \/>\nTemeremos mais a mis\u00e9ria que a morte.&#8221;<\/p>\n","protected":false},"excerpt":{"rendered":"<p>N\u00e3o me viram, nem v\u00e3o ver em arrebatamento p\u00fablico de indigna\u00e7\u00e3o por uma bobagem qualquer. Quando virem, ser\u00e1 como sempre, n\u00e3o por mim, mas pelo interesse coletivo. E a\u00ed est\u00e1 a for\u00e7a dos meus posicionamentos.<\/p>\n","protected":false},"author":1,"featured_media":0,"comment_status":"closed","ping_status":"open","sticky":false,"template":"","format":"standard","meta":{"_exactmetrics_skip_tracking":false,"_exactmetrics_sitenote_active":false,"_exactmetrics_sitenote_note":"","_exactmetrics_sitenote_category":0,"jetpack_post_was_ever_published":false,"_jetpack_newsletter_access":"","_jetpack_dont_email_post_to_subs":false,"_jetpack_newsletter_tier_id":0,"_jetpack_memberships_contains_paywalled_content":false,"_jetpack_memberships_contains_paid_content":false,"footnotes":"","jetpack_publicize_message":"","jetpack_publicize_feature_enabled":true,"jetpack_social_post_already_shared":true,"jetpack_social_options":{"image_generator_settings":{"template":"highway","enabled":false},"version":2}},"categories":[1],"tags":[],"class_list":["post-17954","post","type-post","status-publish","format-standard","hentry","category-notas"],"jetpack_publicize_connections":[],"jetpack_sharing_enabled":true,"jetpack_featured_media_url":"","jetpack_shortlink":"https:\/\/wp.me\/p7wKYW-4FA","jetpack-related-posts":[],"_links":{"self":[{"href":"http:\/\/blogdalucianaoliveira.com.br\/blog\/wp-json\/wp\/v2\/posts\/17954","targetHints":{"allow":["GET"]}}],"collection":[{"href":"http:\/\/blogdalucianaoliveira.com.br\/blog\/wp-json\/wp\/v2\/posts"}],"about":[{"href":"http:\/\/blogdalucianaoliveira.com.br\/blog\/wp-json\/wp\/v2\/types\/post"}],"author":[{"embeddable":true,"href":"http:\/\/blogdalucianaoliveira.com.br\/blog\/wp-json\/wp\/v2\/users\/1"}],"replies":[{"embeddable":true,"href":"http:\/\/blogdalucianaoliveira.com.br\/blog\/wp-json\/wp\/v2\/comments?post=17954"}],"version-history":[{"count":1,"href":"http:\/\/blogdalucianaoliveira.com.br\/blog\/wp-json\/wp\/v2\/posts\/17954\/revisions"}],"predecessor-version":[{"id":17956,"href":"http:\/\/blogdalucianaoliveira.com.br\/blog\/wp-json\/wp\/v2\/posts\/17954\/revisions\/17956"}],"wp:attachment":[{"href":"http:\/\/blogdalucianaoliveira.com.br\/blog\/wp-json\/wp\/v2\/media?parent=17954"}],"wp:term":[{"taxonomy":"category","embeddable":true,"href":"http:\/\/blogdalucianaoliveira.com.br\/blog\/wp-json\/wp\/v2\/categories?post=17954"},{"taxonomy":"post_tag","embeddable":true,"href":"http:\/\/blogdalucianaoliveira.com.br\/blog\/wp-json\/wp\/v2\/tags?post=17954"}],"curies":[{"name":"wp","href":"https:\/\/api.w.org\/{rel}","templated":true}]}}