{"id":17957,"date":"2018-05-10T10:30:17","date_gmt":"2018-05-10T14:30:17","guid":{"rendered":"http:\/\/blogdalucianaoliveira.com.br\/blog\/?p=17957"},"modified":"2018-05-10T10:30:17","modified_gmt":"2018-05-10T14:30:17","slug":"1-milhao-dos-que-foram-as-ruas-contra-dilma-deixaram-classes-a-e-b-e-foram-pra-c","status":"publish","type":"post","link":"http:\/\/blogdalucianaoliveira.com.br\/blog\/2018\/05\/10\/1-milhao-dos-que-foram-as-ruas-contra-dilma-deixaram-classes-a-e-b-e-foram-pra-c\/","title":{"rendered":"1 MILH\u00c3O DOS QUE FORAM \u00c0S RUAS CONTRA DILMA DEIXARAM CLASSES A E B E FORAM PRA C"},"content":{"rendered":"<p><img data-recalc-dims=\"1\" loading=\"lazy\" decoding=\"async\" data-attachment-id=\"17958\" data-permalink=\"http:\/\/blogdalucianaoliveira.com.br\/blog\/2018\/05\/10\/1-milhao-dos-que-foram-as-ruas-contra-dilma-deixaram-classes-a-e-b-e-foram-pra-c\/fora-7\/\" data-orig-file=\"https:\/\/i0.wp.com\/blogdalucianaoliveira.com.br\/blog\/wp-content\/uploads\/2018\/05\/fora.jpg?fit=1000%2C357\" data-orig-size=\"1000,357\" data-comments-opened=\"0\" data-image-meta=\"{&quot;aperture&quot;:&quot;0&quot;,&quot;credit&quot;:&quot;&quot;,&quot;camera&quot;:&quot;&quot;,&quot;caption&quot;:&quot;&quot;,&quot;created_timestamp&quot;:&quot;0&quot;,&quot;copyright&quot;:&quot;&quot;,&quot;focal_length&quot;:&quot;0&quot;,&quot;iso&quot;:&quot;0&quot;,&quot;shutter_speed&quot;:&quot;0&quot;,&quot;title&quot;:&quot;&quot;,&quot;orientation&quot;:&quot;0&quot;}\" data-image-title=\"fora\" data-image-description=\"\" data-image-caption=\"\" data-medium-file=\"https:\/\/i0.wp.com\/blogdalucianaoliveira.com.br\/blog\/wp-content\/uploads\/2018\/05\/fora.jpg?fit=300%2C107\" data-large-file=\"https:\/\/i0.wp.com\/blogdalucianaoliveira.com.br\/blog\/wp-content\/uploads\/2018\/05\/fora.jpg?fit=600%2C214\" class=\"alignnone size-full wp-image-17958\" src=\"https:\/\/i0.wp.com\/blogdalucianaoliveira.com.br\/blog\/wp-content\/uploads\/2018\/05\/fora.jpg?resize=600%2C214\" alt=\"fora\" width=\"600\" height=\"214\" srcset=\"https:\/\/i0.wp.com\/blogdalucianaoliveira.com.br\/blog\/wp-content\/uploads\/2018\/05\/fora.jpg?w=1000 1000w, https:\/\/i0.wp.com\/blogdalucianaoliveira.com.br\/blog\/wp-content\/uploads\/2018\/05\/fora.jpg?resize=300%2C107 300w, https:\/\/i0.wp.com\/blogdalucianaoliveira.com.br\/blog\/wp-content\/uploads\/2018\/05\/fora.jpg?resize=768%2C274 768w, https:\/\/i0.wp.com\/blogdalucianaoliveira.com.br\/blog\/wp-content\/uploads\/2018\/05\/fora.jpg?resize=800%2C286 800w\" sizes=\"auto, (max-width: 600px) 100vw, 600px\" \/><\/p>\n<p><strong>247 &#8211;<\/strong>\u00a0Mais de 900 mil dos &#8220;manifestoches&#8221; que sa\u00edram \u00e0s ruas para derrubar Dilma em 2015 e 2016 foram derrubados por Temer: deixaram as classes A e B e muitos deles passaram a engrossar a classe C em 2017. \u00c9 o que mostram estimativas do Departamento de Pesquisas e Estudos Econ\u00f4micos do banco Bradesco e da consultoria LCA publicadas pelo jornal Valor Econ\u00f4mico. O movimento \u00e9 o contr\u00e1rio dos verificados nos governos do PT, quando\u00a032 milh\u00f5es ascenderam das classes D e E \u00e0 classe C.<!--more--><\/p>\n<p>Relata a reportagem que os c\u00e1lculos do Bradesco, baseados em pesquisas domiciliares do Instituto Brasileiro de Geografia e Estat\u00edstica (IBGE), indicam que quase um milh\u00e3o de pessoas deixaram de integrar as classes A e B no ano passado. Somente na classe A &#8211; composta por fam\u00edlias com renda mensal de R$ 11.001 ou mais &#8211; foram 500 mil a menos. Essa elite passou a ser formada por 10,3 milh\u00f5es de indiv\u00edduos em 2017, o que representava 4,9% da popula\u00e7\u00e3o. Ou seja, o topo da pir\u00e2mide social brasileira tornou-se ainda mais estreito.<\/p>\n<p>Nas contas da LCA, o Sudeste foi a regi\u00e3o com maior redu\u00e7\u00e3o do n\u00famero de pessoas nas classes A e B. A regi\u00e3o tinha 40 milh\u00f5es de pessoas nesses grupos em 2017, queda de 2,5%. Esse achatamento da renda na regi\u00e3o mais rica do pa\u00eds foi percebida por outras pesquisas do IBGE. O \u00cdndice de Gini, que mede a desigualdade, recuou para 0,529 no Sudeste, por exemplo. A queda ocorreu exatamente pela menor renda dos mais ricos.<\/p>\n<p>Boa parte das pessoas que desceram o degrau social passou a integrar a classe C. Essa tend\u00eancia tamb\u00e9m foi identificada nas duas estimativas: do banco e da consultoria. O Bradesco estimou que a classe C era composta por 113,1 milh\u00f5es de pessoas no ano passado, 3,9 milh\u00f5es a mais na compara\u00e7\u00e3o ao ano anterior. A diferen\u00e7a em rela\u00e7\u00e3o aos governos do PT \u00e9 que a classe C aumentava devido \u00e0 ascens\u00e3o social; agora, aumenta porque muitas fam\u00edlias ricas e de classe m\u00e9dia est\u00e3o descendo na escala social.<\/p>\n<p>Nos governos do PT a ascens\u00e3o de fam\u00edlias para a classe C foi um dos grandes fen\u00f4menos sociais do pa\u00eds com repercuss\u00e3o mundial. Pelas contas do Bradesco, 18,8 milh\u00f5es de pessoas passaram a integrar essa nova classe m\u00e9dia de 2007 a 2012, impulsionados pelo crescimento econ\u00f4mico, oferta de empregos e cr\u00e9dito mais farto. Mais brasileiros viajaram, compraram carro e entraram na faculdade. A classe C ascendente est\u00e1 sendo empurrada para as classes D e E e muitos dos &#8220;ex-ricos&#8221; que sa\u00edram \u00e0s ruas contra Dilma agora ingressam na classe que sempre desprezaram.<\/p>\n<p>Leia\u00a0<a href=\"http:\/\/www.valor.com.br\/brasil\/5515501\/estudos-apontam-que-ate-900-mil-pessoas-deixaram-classes-e-b\" target=\"_blank\">aqui<\/a>.<\/p>\n<p>&nbsp;<\/p>\n","protected":false},"excerpt":{"rendered":"<p>247 &#8211;\u00a0Mais de 900 mil dos &#8220;manifestoches&#8221; que sa\u00edram \u00e0s ruas para derrubar Dilma em 2015 e 2016 foram derrubados por Temer: deixaram as classes A e B e muitos deles passaram a engrossar a classe C em 2017. \u00c9 o que mostram estimativas do Departamento de Pesquisas e Estudos Econ\u00f4micos do banco Bradesco e&#8230;<a class=\"more-link\" href=\"http:\/\/blogdalucianaoliveira.com.br\/blog\/2018\/05\/10\/1-milhao-dos-que-foram-as-ruas-contra-dilma-deixaram-classes-a-e-b-e-foram-pra-c\/\">Continue a leitura <span class=\"meta-nav\">&raquo;<\/span><\/a><\/p>\n","protected":false},"author":1,"featured_media":0,"comment_status":"closed","ping_status":"open","sticky":false,"template":"","format":"standard","meta":{"_exactmetrics_skip_tracking":false,"_exactmetrics_sitenote_active":false,"_exactmetrics_sitenote_note":"","_exactmetrics_sitenote_category":0,"jetpack_post_was_ever_published":false,"_jetpack_newsletter_access":"","_jetpack_dont_email_post_to_subs":false,"_jetpack_newsletter_tier_id":0,"_jetpack_memberships_contains_paywalled_content":false,"_jetpack_memberships_contains_paid_content":false,"footnotes":"","jetpack_publicize_message":"","jetpack_publicize_feature_enabled":true,"jetpack_social_post_already_shared":true,"jetpack_social_options":{"image_generator_settings":{"template":"highway","enabled":false},"version":2}},"categories":[1],"tags":[],"class_list":["post-17957","post","type-post","status-publish","format-standard","hentry","category-notas"],"jetpack_publicize_connections":[],"jetpack_sharing_enabled":true,"jetpack_featured_media_url":"","jetpack_shortlink":"https:\/\/wp.me\/p7wKYW-4FD","jetpack-related-posts":[],"_links":{"self":[{"href":"http:\/\/blogdalucianaoliveira.com.br\/blog\/wp-json\/wp\/v2\/posts\/17957","targetHints":{"allow":["GET"]}}],"collection":[{"href":"http:\/\/blogdalucianaoliveira.com.br\/blog\/wp-json\/wp\/v2\/posts"}],"about":[{"href":"http:\/\/blogdalucianaoliveira.com.br\/blog\/wp-json\/wp\/v2\/types\/post"}],"author":[{"embeddable":true,"href":"http:\/\/blogdalucianaoliveira.com.br\/blog\/wp-json\/wp\/v2\/users\/1"}],"replies":[{"embeddable":true,"href":"http:\/\/blogdalucianaoliveira.com.br\/blog\/wp-json\/wp\/v2\/comments?post=17957"}],"version-history":[{"count":1,"href":"http:\/\/blogdalucianaoliveira.com.br\/blog\/wp-json\/wp\/v2\/posts\/17957\/revisions"}],"predecessor-version":[{"id":17959,"href":"http:\/\/blogdalucianaoliveira.com.br\/blog\/wp-json\/wp\/v2\/posts\/17957\/revisions\/17959"}],"wp:attachment":[{"href":"http:\/\/blogdalucianaoliveira.com.br\/blog\/wp-json\/wp\/v2\/media?parent=17957"}],"wp:term":[{"taxonomy":"category","embeddable":true,"href":"http:\/\/blogdalucianaoliveira.com.br\/blog\/wp-json\/wp\/v2\/categories?post=17957"},{"taxonomy":"post_tag","embeddable":true,"href":"http:\/\/blogdalucianaoliveira.com.br\/blog\/wp-json\/wp\/v2\/tags?post=17957"}],"curies":[{"name":"wp","href":"https:\/\/api.w.org\/{rel}","templated":true}]}}