{"id":17963,"date":"2018-05-10T13:58:20","date_gmt":"2018-05-10T17:58:20","guid":{"rendered":"http:\/\/blogdalucianaoliveira.com.br\/blog\/?p=17963"},"modified":"2018-05-10T13:59:21","modified_gmt":"2018-05-10T17:59:21","slug":"justica-determina-bloqueio-das-contas-da-caerd-para-pagamento-dos-salarios-atrasados-dos-trabalhadores","status":"publish","type":"post","link":"http:\/\/blogdalucianaoliveira.com.br\/blog\/2018\/05\/10\/justica-determina-bloqueio-das-contas-da-caerd-para-pagamento-dos-salarios-atrasados-dos-trabalhadores\/","title":{"rendered":"JUSTI\u00c7A DETERMINA BLOQUEIO DAS CONTAS DA CAERD PARA PAGAMENTO DOS SAL\u00c1RIOS ATRASADOS DOS TRABALHADORES"},"content":{"rendered":"<p><img data-recalc-dims=\"1\" loading=\"lazy\" decoding=\"async\" data-attachment-id=\"17924\" data-permalink=\"http:\/\/blogdalucianaoliveira.com.br\/blog\/2018\/05\/08\/17923\/e74013a3-823e-4b10-81c9-7d5100a509f1\/\" data-orig-file=\"https:\/\/i0.wp.com\/blogdalucianaoliveira.com.br\/blog\/wp-content\/uploads\/2018\/05\/E74013A3-823E-4B10-81C9-7D5100A509F1.jpeg?fit=845%2C500\" data-orig-size=\"845,500\" data-comments-opened=\"0\" data-image-meta=\"{&quot;aperture&quot;:&quot;0&quot;,&quot;credit&quot;:&quot;&quot;,&quot;camera&quot;:&quot;&quot;,&quot;caption&quot;:&quot;&quot;,&quot;created_timestamp&quot;:&quot;0&quot;,&quot;copyright&quot;:&quot;&quot;,&quot;focal_length&quot;:&quot;0&quot;,&quot;iso&quot;:&quot;0&quot;,&quot;shutter_speed&quot;:&quot;0&quot;,&quot;title&quot;:&quot;&quot;,&quot;orientation&quot;:&quot;1&quot;}\" data-image-title=\"E74013A3-823E-4B10-81C9-7D5100A509F1\" data-image-description=\"\" data-image-caption=\"\" data-medium-file=\"https:\/\/i0.wp.com\/blogdalucianaoliveira.com.br\/blog\/wp-content\/uploads\/2018\/05\/E74013A3-823E-4B10-81C9-7D5100A509F1.jpeg?fit=300%2C178\" data-large-file=\"https:\/\/i0.wp.com\/blogdalucianaoliveira.com.br\/blog\/wp-content\/uploads\/2018\/05\/E74013A3-823E-4B10-81C9-7D5100A509F1.jpeg?fit=600%2C355\" src=\"https:\/\/i0.wp.com\/blogdalucianaoliveira.com.br\/blog\/wp-content\/uploads\/2018\/05\/E74013A3-823E-4B10-81C9-7D5100A509F1.jpeg?resize=600%2C355\" alt=\"E74013A3-823E-4B10-81C9-7D5100A509F1\" width=\"600\" height=\"355\" class=\"alignnone size-full wp-image-17924\" srcset=\"https:\/\/i0.wp.com\/blogdalucianaoliveira.com.br\/blog\/wp-content\/uploads\/2018\/05\/E74013A3-823E-4B10-81C9-7D5100A509F1.jpeg?w=845 845w, https:\/\/i0.wp.com\/blogdalucianaoliveira.com.br\/blog\/wp-content\/uploads\/2018\/05\/E74013A3-823E-4B10-81C9-7D5100A509F1.jpeg?resize=300%2C178 300w, https:\/\/i0.wp.com\/blogdalucianaoliveira.com.br\/blog\/wp-content\/uploads\/2018\/05\/E74013A3-823E-4B10-81C9-7D5100A509F1.jpeg?resize=768%2C454 768w, https:\/\/i0.wp.com\/blogdalucianaoliveira.com.br\/blog\/wp-content\/uploads\/2018\/05\/E74013A3-823E-4B10-81C9-7D5100A509F1.jpeg?resize=507%2C300 507w\" sizes=\"auto, (max-width: 600px) 100vw, 600px\" \/><\/p>\n<p>Do Sindur &#8211; Nesta gest\u00e3o da Iacira Azamor, a CAERD n\u00e3o tem cumprido nenhuma das obriga\u00e7\u00f5es que tem assumido perante a Justi\u00e7a.<!--more--><\/p>\n<p>Devido ao fato p\u00fablico e not\u00f3rio sobre a grave situa\u00e7\u00e3o que os trabalhadores da CAERD vem vivenciando, que ao longo do ano de 2017 todos os sal\u00e1rios dos empregados foram pagos em atraso, sendo que o \u00faltimo a ser pago foi relativo ao m\u00eas de dezembro\/2017 e o 13\u00ba sal\u00e1rio que foi pago somente em abril\/2018 e que atualmente culminou h\u00e1 04 meses sem receber seus sal\u00e1rios, o Sindicato dos Urbanit\u00e1rios de Rond\u00f4nia \u2013 SINDUR,  ajuizou 02 a\u00e7\u00f5es na Justi\u00e7a do trabalho.<\/p>\n<p><img data-recalc-dims=\"1\" loading=\"lazy\" decoding=\"async\" data-attachment-id=\"17966\" data-permalink=\"http:\/\/blogdalucianaoliveira.com.br\/blog\/2018\/05\/10\/justica-determina-bloqueio-das-contas-da-caerd-para-pagamento-dos-salarios-atrasados-dos-trabalhadores\/115ffa74-b513-4af6-b925-872b3f879efb\/\" data-orig-file=\"https:\/\/i0.wp.com\/blogdalucianaoliveira.com.br\/blog\/wp-content\/uploads\/2018\/05\/115FFA74-B513-4AF6-B925-872B3F879EFB.jpeg?fit=1078%2C162\" data-orig-size=\"1078,162\" data-comments-opened=\"0\" data-image-meta=\"{&quot;aperture&quot;:&quot;0&quot;,&quot;credit&quot;:&quot;Stanley Monteiro&quot;,&quot;camera&quot;:&quot;&quot;,&quot;caption&quot;:&quot;&quot;,&quot;created_timestamp&quot;:&quot;0&quot;,&quot;copyright&quot;:&quot;&quot;,&quot;focal_length&quot;:&quot;0&quot;,&quot;iso&quot;:&quot;0&quot;,&quot;shutter_speed&quot;:&quot;0&quot;,&quot;title&quot;:&quot;&quot;,&quot;orientation&quot;:&quot;0&quot;}\" data-image-title=\"115FFA74-B513-4AF6-B925-872B3F879EFB\" data-image-description=\"\" data-image-caption=\"\" data-medium-file=\"https:\/\/i0.wp.com\/blogdalucianaoliveira.com.br\/blog\/wp-content\/uploads\/2018\/05\/115FFA74-B513-4AF6-B925-872B3F879EFB.jpeg?fit=300%2C45\" data-large-file=\"https:\/\/i0.wp.com\/blogdalucianaoliveira.com.br\/blog\/wp-content\/uploads\/2018\/05\/115FFA74-B513-4AF6-B925-872B3F879EFB.jpeg?fit=600%2C90\" src=\"https:\/\/i0.wp.com\/blogdalucianaoliveira.com.br\/blog\/wp-content\/uploads\/2018\/05\/115FFA74-B513-4AF6-B925-872B3F879EFB.jpeg?resize=600%2C90\" alt=\"115FFA74-B513-4AF6-B925-872B3F879EFB\" width=\"600\" height=\"90\" class=\"alignnone size-full wp-image-17966\" srcset=\"https:\/\/i0.wp.com\/blogdalucianaoliveira.com.br\/blog\/wp-content\/uploads\/2018\/05\/115FFA74-B513-4AF6-B925-872B3F879EFB.jpeg?w=1078 1078w, https:\/\/i0.wp.com\/blogdalucianaoliveira.com.br\/blog\/wp-content\/uploads\/2018\/05\/115FFA74-B513-4AF6-B925-872B3F879EFB.jpeg?resize=300%2C45 300w, https:\/\/i0.wp.com\/blogdalucianaoliveira.com.br\/blog\/wp-content\/uploads\/2018\/05\/115FFA74-B513-4AF6-B925-872B3F879EFB.jpeg?resize=768%2C115 768w, https:\/\/i0.wp.com\/blogdalucianaoliveira.com.br\/blog\/wp-content\/uploads\/2018\/05\/115FFA74-B513-4AF6-B925-872B3F879EFB.jpeg?resize=1024%2C154 1024w, https:\/\/i0.wp.com\/blogdalucianaoliveira.com.br\/blog\/wp-content\/uploads\/2018\/05\/115FFA74-B513-4AF6-B925-872B3F879EFB.jpeg?resize=800%2C120 800w\" sizes=\"auto, (max-width: 600px) 100vw, 600px\" \/><\/p>\n<p>No primeiro processo de N\u00ba 0000449-38.2017.5.14.0004, foi denunciado a pr\u00e1tica de atraso no pagamento de sal\u00e1rios, bem como a pr\u00e1tica de pagamentos em lotes, priorizando-se os cargos comissionados em detrimento dos demais empregados e em ofensa ao princ\u00edpio constitucional da isonomia. Neste a Ju\u00edza Dra. Luzinalia de Souza Moraes, condenou a CAERD ao pagamento de honor\u00e1rios assistenciais e ao cumprimento da obriga\u00e7\u00e3o de efetuar o pagamento dos sal\u00e1rios dos empregados na forma que foi pactuada no Diss\u00eddio Coletivo (da menor remunera\u00e7\u00e3o para a maior), sob pena de pagamento de multa no importe de R$1.000,00 por trabalhador prejudicado.<\/p>\n<p>No Segundo processo de N\u00ba 0000815-86.2017.5.14.0001, foi alegado a pr\u00e1tica de atraso no pagamento de sal\u00e1rios de uma parcela dos empregados desde janeiro\/2017, culminando com o n\u00e3o pagamento dos sal\u00e1rios do m\u00eas de julho e agosto\/2017. O Sindur Informou ainda que est\u00e1 sendo priorizado o pagamento de outras despesas, como fornecedores e honor\u00e1rios de advogado, em detrimento do pagamento dos sal\u00e1rios, pleiteando, em consequ\u00eancia, a concess\u00e3o de medida liminar para o bloqueio das contas da CAERD.<\/p>\n<p>O Sindicato requereu, ainda, que a CAERD se abstenha de novos atrasos. E o resultado deste processo foi condenar a CAERD ao pagamento de indeniza\u00e7\u00e3o por danos morais coletivos e ao cumprimento da obriga\u00e7\u00e3o de efetuar o pagamento dos sal\u00e1rios dos empregados sem atraso, conforme determina o art. 459 da CLT.<\/p>\n<p>Conforme \u00e9 detalhado pela ju\u00edza, no processo 815, a CAERD vinha priorizando o pagamento de outras despesas, em detrimento dos sal\u00e1rios dos empregados, como exemplo, honor\u00e1rios em acordo judicial e alguns grupos de trabalho em forma de Gratifica\u00e7\u00e3o Comiss\u00e3o Multidisciplinar, sendo que a Caerd n\u00e3o apresentou explica\u00e7\u00f5es do que se refere esses pagamentos, levando a justi\u00e7a a concluir que se \u201ctrata de prioriza\u00e7\u00e3o de trabalhadores comissionados\u201d.<\/p>\n<p>A Diretoria da Caerd, sempre se defende da crise gerada na empresa, jogando a culpa para a Gest\u00e3o Compartilhada, sendo que conforme \u00e9 citado nos termos da senten\u00e7a, p\u00e1g. 07, \u201ca Reclamada tenta atribuir ao Sindicato parte da culpa pela m\u00e1 gest\u00e3o da empresa, todavia n\u00e3o comprovou que em algum momento tenha apresentado discord\u00e2ncia em rela\u00e7\u00e3o \u00e0s decis\u00f5es que foram tomadas durante o per\u00edodo da gest\u00e3o compartilhada\u201d.<\/p>\n<p>A Ju\u00edza conclui ainda que, \u201cUma das causas do desmanche que se encontra a CAERD \u00e9 o inchamento da folha de pagamento com os cargos comissionados e com o implemento de despesas al\u00e9m da sua capacidade arrecadat\u00f3ria. A t\u00edtulo de exemplo, cita-se a contrata\u00e7\u00e3o de v\u00e1rios escrit\u00f3rios de advocacia\u201d.<\/p>\n<p>Portanto a justi\u00e7a entende que para fazer cumprir o que \u00e9 determinado pela justi\u00e7a, \u00e9 necess\u00e1rio adotar medidas efetivas e assim garantir a quita\u00e7\u00e3o dos sal\u00e1rios dos meses de janeiro a abril\/2018, determinando assim o bloqueio da arrecada\u00e7\u00e3o di\u00e1ria da empresa no percentual de 65%, junto \u00e0s institui\u00e7\u00f5es financeiras.<\/p>\n<p>E devido \u00e0 gravidade da conduta da Diretoria da CAERD e o dano causado (Danos Morais) a classe trabalhadora determina uma indeniza\u00e7\u00e3o no valor de R$3.000,00 (tr\u00eas mil reais) por cada trabalhador prejudicado.<\/p>\n","protected":false},"excerpt":{"rendered":"<p>Do Sindur &#8211; Nesta gest\u00e3o da Iacira Azamor, a CAERD n\u00e3o tem cumprido nenhuma das obriga\u00e7\u00f5es que tem assumido perante a Justi\u00e7a.<\/p>\n","protected":false},"author":1,"featured_media":0,"comment_status":"closed","ping_status":"open","sticky":false,"template":"","format":"standard","meta":{"_exactmetrics_skip_tracking":false,"_exactmetrics_sitenote_active":false,"_exactmetrics_sitenote_note":"","_exactmetrics_sitenote_category":0,"jetpack_post_was_ever_published":false,"_jetpack_newsletter_access":"","_jetpack_dont_email_post_to_subs":false,"_jetpack_newsletter_tier_id":0,"_jetpack_memberships_contains_paywalled_content":false,"_jetpack_memberships_contains_paid_content":false,"footnotes":"","jetpack_publicize_message":"","jetpack_publicize_feature_enabled":true,"jetpack_social_post_already_shared":true,"jetpack_social_options":{"image_generator_settings":{"template":"highway","enabled":false},"version":2}},"categories":[1],"tags":[],"class_list":["post-17963","post","type-post","status-publish","format-standard","hentry","category-notas"],"jetpack_publicize_connections":[],"jetpack_sharing_enabled":true,"jetpack_featured_media_url":"","jetpack_shortlink":"https:\/\/wp.me\/p7wKYW-4FJ","jetpack-related-posts":[],"_links":{"self":[{"href":"http:\/\/blogdalucianaoliveira.com.br\/blog\/wp-json\/wp\/v2\/posts\/17963","targetHints":{"allow":["GET"]}}],"collection":[{"href":"http:\/\/blogdalucianaoliveira.com.br\/blog\/wp-json\/wp\/v2\/posts"}],"about":[{"href":"http:\/\/blogdalucianaoliveira.com.br\/blog\/wp-json\/wp\/v2\/types\/post"}],"author":[{"embeddable":true,"href":"http:\/\/blogdalucianaoliveira.com.br\/blog\/wp-json\/wp\/v2\/users\/1"}],"replies":[{"embeddable":true,"href":"http:\/\/blogdalucianaoliveira.com.br\/blog\/wp-json\/wp\/v2\/comments?post=17963"}],"version-history":[{"count":3,"href":"http:\/\/blogdalucianaoliveira.com.br\/blog\/wp-json\/wp\/v2\/posts\/17963\/revisions"}],"predecessor-version":[{"id":17967,"href":"http:\/\/blogdalucianaoliveira.com.br\/blog\/wp-json\/wp\/v2\/posts\/17963\/revisions\/17967"}],"wp:attachment":[{"href":"http:\/\/blogdalucianaoliveira.com.br\/blog\/wp-json\/wp\/v2\/media?parent=17963"}],"wp:term":[{"taxonomy":"category","embeddable":true,"href":"http:\/\/blogdalucianaoliveira.com.br\/blog\/wp-json\/wp\/v2\/categories?post=17963"},{"taxonomy":"post_tag","embeddable":true,"href":"http:\/\/blogdalucianaoliveira.com.br\/blog\/wp-json\/wp\/v2\/tags?post=17963"}],"curies":[{"name":"wp","href":"https:\/\/api.w.org\/{rel}","templated":true}]}}