{"id":17968,"date":"2018-05-10T14:09:08","date_gmt":"2018-05-10T18:09:08","guid":{"rendered":"http:\/\/blogdalucianaoliveira.com.br\/blog\/?p=17968"},"modified":"2018-05-10T14:21:13","modified_gmt":"2018-05-10T18:21:13","slug":"kaninde-denuncia-violacao-de-direitos-do-povo-indigena-uru-eu-wau-wau","status":"publish","type":"post","link":"http:\/\/blogdalucianaoliveira.com.br\/blog\/2018\/05\/10\/kaninde-denuncia-violacao-de-direitos-do-povo-indigena-uru-eu-wau-wau\/","title":{"rendered":"KANIND\u00c9 DENUNCIA VIOLA\u00c7AO DE DIREITOS DO POVO IND\u00cdGENA URU-EU-WAU-WAU"},"content":{"rendered":"<p><img data-recalc-dims=\"1\" loading=\"lazy\" decoding=\"async\" data-attachment-id=\"17969\" data-permalink=\"http:\/\/blogdalucianaoliveira.com.br\/blog\/2018\/05\/10\/kaninde-denuncia-violacao-de-direitos-do-povo-indigena-uru-eu-wau-wau\/fa7c8645-5f0f-42b8-9e5f-1ffde4228c06\/\" data-orig-file=\"https:\/\/i0.wp.com\/blogdalucianaoliveira.com.br\/blog\/wp-content\/uploads\/2018\/05\/FA7C8645-5F0F-42B8-9E5F-1FFDE4228C06.jpeg?fit=374%2C258\" data-orig-size=\"374,258\" data-comments-opened=\"0\" data-image-meta=\"{&quot;aperture&quot;:&quot;0&quot;,&quot;credit&quot;:&quot;&quot;,&quot;camera&quot;:&quot;&quot;,&quot;caption&quot;:&quot;&quot;,&quot;created_timestamp&quot;:&quot;0&quot;,&quot;copyright&quot;:&quot;&quot;,&quot;focal_length&quot;:&quot;0&quot;,&quot;iso&quot;:&quot;0&quot;,&quot;shutter_speed&quot;:&quot;0&quot;,&quot;title&quot;:&quot;&quot;,&quot;orientation&quot;:&quot;0&quot;}\" data-image-title=\"FA7C8645-5F0F-42B8-9E5F-1FFDE4228C06\" data-image-description=\"\" data-image-caption=\"\" data-medium-file=\"https:\/\/i0.wp.com\/blogdalucianaoliveira.com.br\/blog\/wp-content\/uploads\/2018\/05\/FA7C8645-5F0F-42B8-9E5F-1FFDE4228C06.jpeg?fit=300%2C207\" data-large-file=\"https:\/\/i0.wp.com\/blogdalucianaoliveira.com.br\/blog\/wp-content\/uploads\/2018\/05\/FA7C8645-5F0F-42B8-9E5F-1FFDE4228C06.jpeg?fit=374%2C258\" src=\"https:\/\/i0.wp.com\/blogdalucianaoliveira.com.br\/blog\/wp-content\/uploads\/2018\/05\/FA7C8645-5F0F-42B8-9E5F-1FFDE4228C06.jpeg?resize=374%2C258\" alt=\"FA7C8645-5F0F-42B8-9E5F-1FFDE4228C06\" width=\"374\" height=\"258\" class=\"alignnone size-full wp-image-17969\" srcset=\"https:\/\/i0.wp.com\/blogdalucianaoliveira.com.br\/blog\/wp-content\/uploads\/2018\/05\/FA7C8645-5F0F-42B8-9E5F-1FFDE4228C06.jpeg?w=374 374w, https:\/\/i0.wp.com\/blogdalucianaoliveira.com.br\/blog\/wp-content\/uploads\/2018\/05\/FA7C8645-5F0F-42B8-9E5F-1FFDE4228C06.jpeg?resize=300%2C207 300w\" sizes=\"auto, (max-width: 374px) 100vw, 374px\" \/><\/p>\n<p>NOTA PUBLICA<!--more--><\/p>\n<p>Porto Velho-RO, 10 de maio de 2018<\/p>\n<p>A Associa\u00e7\u00e3o do Povo Ind\u00edgena Uru-eu-wau-wau e a Associa\u00e7\u00e3o de Defesa Etnoambiental Kanind\u00e9, vem a publico denunciar a viola\u00e7\u00e3o de direitos do povo ind\u00edgena Uru-eu-wau-wau diante das constantes invas\u00f5es de madeireiros, grileiros e garimpeiros e in\u00e9rcia por parte do Estado Brasileiro que tem o dever de protege-los.<\/p>\n<p><img data-recalc-dims=\"1\" loading=\"lazy\" decoding=\"async\" data-attachment-id=\"17972\" data-permalink=\"http:\/\/blogdalucianaoliveira.com.br\/blog\/2018\/05\/10\/kaninde-denuncia-violacao-de-direitos-do-povo-indigena-uru-eu-wau-wau\/f0fa955e-ff62-40f5-a461-0522815e9726\/\" data-orig-file=\"https:\/\/i0.wp.com\/blogdalucianaoliveira.com.br\/blog\/wp-content\/uploads\/2018\/05\/F0FA955E-FF62-40F5-A461-0522815E9726.jpeg?fit=960%2C1280\" data-orig-size=\"960,1280\" data-comments-opened=\"0\" data-image-meta=\"{&quot;aperture&quot;:&quot;0&quot;,&quot;credit&quot;:&quot;&quot;,&quot;camera&quot;:&quot;&quot;,&quot;caption&quot;:&quot;&quot;,&quot;created_timestamp&quot;:&quot;0&quot;,&quot;copyright&quot;:&quot;&quot;,&quot;focal_length&quot;:&quot;0&quot;,&quot;iso&quot;:&quot;0&quot;,&quot;shutter_speed&quot;:&quot;0&quot;,&quot;title&quot;:&quot;&quot;,&quot;orientation&quot;:&quot;0&quot;}\" data-image-title=\"F0FA955E-FF62-40F5-A461-0522815E9726\" data-image-description=\"\" data-image-caption=\"\" data-medium-file=\"https:\/\/i0.wp.com\/blogdalucianaoliveira.com.br\/blog\/wp-content\/uploads\/2018\/05\/F0FA955E-FF62-40F5-A461-0522815E9726.jpeg?fit=225%2C300\" data-large-file=\"https:\/\/i0.wp.com\/blogdalucianaoliveira.com.br\/blog\/wp-content\/uploads\/2018\/05\/F0FA955E-FF62-40F5-A461-0522815E9726.jpeg?fit=600%2C800\" src=\"https:\/\/i0.wp.com\/blogdalucianaoliveira.com.br\/blog\/wp-content\/uploads\/2018\/05\/F0FA955E-FF62-40F5-A461-0522815E9726.jpeg?resize=600%2C800\" alt=\"F0FA955E-FF62-40F5-A461-0522815E9726\" width=\"600\" height=\"800\" class=\"alignnone size-full wp-image-17972\" srcset=\"https:\/\/i0.wp.com\/blogdalucianaoliveira.com.br\/blog\/wp-content\/uploads\/2018\/05\/F0FA955E-FF62-40F5-A461-0522815E9726.jpeg?w=960 960w, https:\/\/i0.wp.com\/blogdalucianaoliveira.com.br\/blog\/wp-content\/uploads\/2018\/05\/F0FA955E-FF62-40F5-A461-0522815E9726.jpeg?resize=225%2C300 225w, https:\/\/i0.wp.com\/blogdalucianaoliveira.com.br\/blog\/wp-content\/uploads\/2018\/05\/F0FA955E-FF62-40F5-A461-0522815E9726.jpeg?resize=768%2C1024 768w\" sizes=\"auto, (max-width: 600px) 100vw, 600px\" \/><\/p>\n<p>A terra ind\u00edgena Uru-eu-wau-wau\/Parque Nacional de Paca\u00e1s Novos respons\u00e1vel pela maior biodiversidade e nascente de 17 principais rios de Rond\u00f4nia, \u00e9 onde vivem os povos ind\u00edgenas Jupau(conhecidos como Uru-eu-wau-wau), os Amondawa e Oro Towati(Oro In) e 03 grupos de povos isolados, ainda sem contato com a sociedade brasileira, estes vem sendo constantemente invadidos, seus recursos naturais destru\u00eddos e a vida dos ind\u00edgenas sendo amea\u00e7ada pelos invasores.<\/p>\n<p>Os ind\u00edgenas e a Kanind\u00e9 vem denunciando h\u00e1 muito tempo as invas\u00f5es e pedindo provid\u00eancias, no entanto poucas a\u00e7\u00f5es tem sido realizadas para conter os invasores.<br \/>\nA FUNAI \u2013 Funda\u00e7\u00e3o Nacional do Indio \u00f3rg\u00e3o respons\u00e1vel pela prote\u00e7\u00e3o do territ\u00f3rio e dos ind\u00edgenas encontra-se sucateada e sem recursos humanos e equipamentos para atuar na defesa da integridade f\u00edsica e territorial do povo ind\u00edgena, precisando urgente que o Governo Federal d\u00ea condi\u00e7\u00f5es para a Coordena\u00e7\u00e3o Regional da FUNAI em Ji-Paran\u00e1 para atuar na defesa da vida e do territ\u00f3rio ind\u00edgena.<\/p>\n<p>Ontem, cansados de esperar por providencias e retirada dos invasores de seu territ\u00f3rio, os ind\u00edgenas resolveram tomar uma atitude radical e queimaram um dos tratores dos invasores, colocando suas vidas e dos invasores em risco, na espera que a FUNAI, IBAMA, ICMBio, MPF e as Policias possam ajuda-los.<\/p>\n<p>Na regi\u00e3o do Grot\u00e3o e Terra Roxa a terra ind\u00edgena vem sendo destru\u00edda por grileiros e madeireiros a muito tempo e se necessita expulsar os invasores das \u00e1reas.<\/p>\n<p>Urge que sejam tomadas providencias antes que algo pior aconte\u00e7a.<br \/>\nSolicitamos a todos os \u00f3rg\u00e3os p\u00fablicos e sociedade brasileira que se juntem na defesa destes povos que vem sendo massacrados a anos e que est\u00e3o tendo seu territ\u00f3rio destru\u00eddo e suas vidas colocadas em risco.<\/p>\n","protected":false},"excerpt":{"rendered":"<p>NOTA PUBLICA<\/p>\n","protected":false},"author":1,"featured_media":0,"comment_status":"closed","ping_status":"open","sticky":false,"template":"","format":"standard","meta":{"_exactmetrics_skip_tracking":false,"_exactmetrics_sitenote_active":false,"_exactmetrics_sitenote_note":"","_exactmetrics_sitenote_category":0,"jetpack_post_was_ever_published":false,"_jetpack_newsletter_access":"","_jetpack_dont_email_post_to_subs":false,"_jetpack_newsletter_tier_id":0,"_jetpack_memberships_contains_paywalled_content":false,"_jetpack_memberships_contains_paid_content":false,"footnotes":"","jetpack_publicize_message":"","jetpack_publicize_feature_enabled":true,"jetpack_social_post_already_shared":true,"jetpack_social_options":{"image_generator_settings":{"template":"highway","enabled":false},"version":2}},"categories":[1],"tags":[],"class_list":["post-17968","post","type-post","status-publish","format-standard","hentry","category-notas"],"jetpack_publicize_connections":[],"jetpack_sharing_enabled":true,"jetpack_featured_media_url":"","jetpack_shortlink":"https:\/\/wp.me\/p7wKYW-4FO","jetpack-related-posts":[],"_links":{"self":[{"href":"http:\/\/blogdalucianaoliveira.com.br\/blog\/wp-json\/wp\/v2\/posts\/17968","targetHints":{"allow":["GET"]}}],"collection":[{"href":"http:\/\/blogdalucianaoliveira.com.br\/blog\/wp-json\/wp\/v2\/posts"}],"about":[{"href":"http:\/\/blogdalucianaoliveira.com.br\/blog\/wp-json\/wp\/v2\/types\/post"}],"author":[{"embeddable":true,"href":"http:\/\/blogdalucianaoliveira.com.br\/blog\/wp-json\/wp\/v2\/users\/1"}],"replies":[{"embeddable":true,"href":"http:\/\/blogdalucianaoliveira.com.br\/blog\/wp-json\/wp\/v2\/comments?post=17968"}],"version-history":[{"count":3,"href":"http:\/\/blogdalucianaoliveira.com.br\/blog\/wp-json\/wp\/v2\/posts\/17968\/revisions"}],"predecessor-version":[{"id":17973,"href":"http:\/\/blogdalucianaoliveira.com.br\/blog\/wp-json\/wp\/v2\/posts\/17968\/revisions\/17973"}],"wp:attachment":[{"href":"http:\/\/blogdalucianaoliveira.com.br\/blog\/wp-json\/wp\/v2\/media?parent=17968"}],"wp:term":[{"taxonomy":"category","embeddable":true,"href":"http:\/\/blogdalucianaoliveira.com.br\/blog\/wp-json\/wp\/v2\/categories?post=17968"},{"taxonomy":"post_tag","embeddable":true,"href":"http:\/\/blogdalucianaoliveira.com.br\/blog\/wp-json\/wp\/v2\/tags?post=17968"}],"curies":[{"name":"wp","href":"https:\/\/api.w.org\/{rel}","templated":true}]}}