{"id":17974,"date":"2018-05-10T17:24:15","date_gmt":"2018-05-10T21:24:15","guid":{"rendered":"http:\/\/blogdalucianaoliveira.com.br\/blog\/?p=17974"},"modified":"2018-05-10T17:24:15","modified_gmt":"2018-05-10T21:24:15","slug":"conselho-de-administracao-exonera-presidente-da-caerd-e-nomeia-nova-diretoria","status":"publish","type":"post","link":"http:\/\/blogdalucianaoliveira.com.br\/blog\/2018\/05\/10\/conselho-de-administracao-exonera-presidente-da-caerd-e-nomeia-nova-diretoria\/","title":{"rendered":"CONSELHO DE ADMINISTRA\u00c7\u00c3O EXONERA PRESIDENTE DA CAERD E NOMEIA NOVA DIRETORIA"},"content":{"rendered":"<p><img data-recalc-dims=\"1\" loading=\"lazy\" decoding=\"async\" data-attachment-id=\"17975\" data-permalink=\"http:\/\/blogdalucianaoliveira.com.br\/blog\/2018\/05\/10\/conselho-de-administracao-exonera-presidente-da-caerd-e-nomeia-nova-diretoria\/28e44f1e-481d-4818-aefd-41abf5785cff\/\" data-orig-file=\"https:\/\/i0.wp.com\/blogdalucianaoliveira.com.br\/blog\/wp-content\/uploads\/2018\/05\/28E44F1E-481D-4818-AEFD-41ABF5785CFF.jpeg?fit=702%2C336\" data-orig-size=\"702,336\" data-comments-opened=\"0\" data-image-meta=\"{&quot;aperture&quot;:&quot;0&quot;,&quot;credit&quot;:&quot;&quot;,&quot;camera&quot;:&quot;&quot;,&quot;caption&quot;:&quot;&quot;,&quot;created_timestamp&quot;:&quot;0&quot;,&quot;copyright&quot;:&quot;&quot;,&quot;focal_length&quot;:&quot;0&quot;,&quot;iso&quot;:&quot;0&quot;,&quot;shutter_speed&quot;:&quot;0&quot;,&quot;title&quot;:&quot;&quot;,&quot;orientation&quot;:&quot;0&quot;}\" data-image-title=\"28E44F1E-481D-4818-AEFD-41ABF5785CFF\" data-image-description=\"\" data-image-caption=\"\" data-medium-file=\"https:\/\/i0.wp.com\/blogdalucianaoliveira.com.br\/blog\/wp-content\/uploads\/2018\/05\/28E44F1E-481D-4818-AEFD-41ABF5785CFF.jpeg?fit=300%2C144\" data-large-file=\"https:\/\/i0.wp.com\/blogdalucianaoliveira.com.br\/blog\/wp-content\/uploads\/2018\/05\/28E44F1E-481D-4818-AEFD-41ABF5785CFF.jpeg?fit=600%2C287\" src=\"https:\/\/i0.wp.com\/blogdalucianaoliveira.com.br\/blog\/wp-content\/uploads\/2018\/05\/28E44F1E-481D-4818-AEFD-41ABF5785CFF.jpeg?resize=600%2C287\" alt=\"28E44F1E-481D-4818-AEFD-41ABF5785CFF\" width=\"600\" height=\"287\" class=\"alignnone size-full wp-image-17975\" srcset=\"https:\/\/i0.wp.com\/blogdalucianaoliveira.com.br\/blog\/wp-content\/uploads\/2018\/05\/28E44F1E-481D-4818-AEFD-41ABF5785CFF.jpeg?w=702 702w, https:\/\/i0.wp.com\/blogdalucianaoliveira.com.br\/blog\/wp-content\/uploads\/2018\/05\/28E44F1E-481D-4818-AEFD-41ABF5785CFF.jpeg?resize=300%2C144 300w, https:\/\/i0.wp.com\/blogdalucianaoliveira.com.br\/blog\/wp-content\/uploads\/2018\/05\/28E44F1E-481D-4818-AEFD-41ABF5785CFF.jpeg?resize=627%2C300 627w\" sizes=\"auto, (max-width: 600px) 100vw, 600px\" \/><\/p>\n<p>Do Sindur &#8211; Informamos que na manh\u00e3 de hoje, dia 10\/05, foi realizada, na Casa Civil do Estado de Rond\u00f4nia, uma reuni\u00e3o do Conselho de Administra\u00e7\u00e3o da CAERD. De in\u00edcio foi citado que no \u00faltimo dia 03 de maio, o Governador do Estado, Daniel Pereira, indicou GEANNE BARROS DA SILVA e ELYSMAR DE JESUS BARBOSA como novos Conselheiros da CAERD.<!--more--><\/p>\n<p>Ap\u00f3s, foi entregue pela Casa Civil a Presidente do Conselho de Administra\u00e7\u00e3o, Geanne Barros da Silva, a indica\u00e7\u00e3o de nomes para compor a nova Diretoria da CAERD. Sendo assim, no uso de suas atribui\u00e7\u00f5es legais e estatut\u00e1ria, o Conselho de Administra\u00e7\u00e3o DESTITUIU a Diretora Presidente IACIRA TEREZINHA RODRIGUES DE AZAMOR e a Diretora T\u00e9cnica e de Opera\u00e7\u00f5es Interina, ROSELY APARECIDA DE JESUS e destitui a pedido o ent\u00e3o Diretor Administrativo e Financeiro, LUCIANO WAL\u00c9RIO LOPES CARVALHO.<\/p>\n<p>E assim, todo a categoria de trabalhadores da CAERD se sentem aliviados, pois esperavam ansiosos por esta exonera\u00e7\u00e3o desta Diretoria que desde o in\u00edcio foi reprovada e n\u00e3o aceita pelos trabalhadores, por conta de constantes constrangimentos, persegui\u00e7\u00f5es com Processos Administrativos e por fim demiss\u00e3o de 19 trabalhadores concursados, al\u00e9m de ter realizado uma p\u00e9ssima gest\u00e3o e uma das provas disso, \u00e9 a grave situa\u00e7\u00e3o enfrentada pelos trabalhadores, que atualmente est\u00e3o com 04 meses de sal\u00e1rios atrasados.<\/p>\n<p>Em um segundo momento, continuou a Reuni\u00e3o e o Conselho de Administra\u00e7\u00e3o da CAERD, ap\u00f3s an\u00e1lise documental, NOMEOU os indicados pela Casa Civil para compor a nova Diretoria, que s\u00e3o eles: JOS\u00c9 IRINEU CARDOSO FERREIRA, como Diretor Presidente, S\u00c9RGIO GALV\u00c3O DA SILVA, como Diretor Administrativo e Financeiro e VAGNER MARCOLINO ZACARINI, como Diretor T\u00e9cnico Operacional, todos eles s\u00e3o funcion\u00e1rios de carreira da CAERD.<\/p>\n<p>Mostrando abertura para o di\u00e1logo e preocupa\u00e7\u00e3o com a situa\u00e7\u00e3o dos trabalhadores, a nova Diretoria da CAERD, agendou uma reuni\u00e3o com o Sindur, para hoje, dia 10, \u00e0s 17h00.<\/p>\n","protected":false},"excerpt":{"rendered":"<p>Do Sindur &#8211; Informamos que na manh\u00e3 de hoje, dia 10\/05, foi realizada, na Casa Civil do Estado de Rond\u00f4nia, uma reuni\u00e3o do Conselho de Administra\u00e7\u00e3o da CAERD. De in\u00edcio foi citado que no \u00faltimo dia 03 de maio, o Governador do Estado, Daniel Pereira, indicou GEANNE BARROS DA SILVA e ELYSMAR DE JESUS BARBOSA&#8230;<a class=\"more-link\" href=\"http:\/\/blogdalucianaoliveira.com.br\/blog\/2018\/05\/10\/conselho-de-administracao-exonera-presidente-da-caerd-e-nomeia-nova-diretoria\/\">Continue a leitura <span class=\"meta-nav\">&raquo;<\/span><\/a><\/p>\n","protected":false},"author":1,"featured_media":0,"comment_status":"closed","ping_status":"open","sticky":false,"template":"","format":"standard","meta":{"_exactmetrics_skip_tracking":false,"_exactmetrics_sitenote_active":false,"_exactmetrics_sitenote_note":"","_exactmetrics_sitenote_category":0,"jetpack_post_was_ever_published":false,"_jetpack_newsletter_access":"","_jetpack_dont_email_post_to_subs":false,"_jetpack_newsletter_tier_id":0,"_jetpack_memberships_contains_paywalled_content":false,"_jetpack_memberships_contains_paid_content":false,"footnotes":"","jetpack_publicize_message":"","jetpack_publicize_feature_enabled":true,"jetpack_social_post_already_shared":true,"jetpack_social_options":{"image_generator_settings":{"template":"highway","enabled":false},"version":2}},"categories":[1],"tags":[],"class_list":["post-17974","post","type-post","status-publish","format-standard","hentry","category-notas"],"jetpack_publicize_connections":[],"jetpack_sharing_enabled":true,"jetpack_featured_media_url":"","jetpack_shortlink":"https:\/\/wp.me\/p7wKYW-4FU","jetpack-related-posts":[],"_links":{"self":[{"href":"http:\/\/blogdalucianaoliveira.com.br\/blog\/wp-json\/wp\/v2\/posts\/17974","targetHints":{"allow":["GET"]}}],"collection":[{"href":"http:\/\/blogdalucianaoliveira.com.br\/blog\/wp-json\/wp\/v2\/posts"}],"about":[{"href":"http:\/\/blogdalucianaoliveira.com.br\/blog\/wp-json\/wp\/v2\/types\/post"}],"author":[{"embeddable":true,"href":"http:\/\/blogdalucianaoliveira.com.br\/blog\/wp-json\/wp\/v2\/users\/1"}],"replies":[{"embeddable":true,"href":"http:\/\/blogdalucianaoliveira.com.br\/blog\/wp-json\/wp\/v2\/comments?post=17974"}],"version-history":[{"count":1,"href":"http:\/\/blogdalucianaoliveira.com.br\/blog\/wp-json\/wp\/v2\/posts\/17974\/revisions"}],"predecessor-version":[{"id":17976,"href":"http:\/\/blogdalucianaoliveira.com.br\/blog\/wp-json\/wp\/v2\/posts\/17974\/revisions\/17976"}],"wp:attachment":[{"href":"http:\/\/blogdalucianaoliveira.com.br\/blog\/wp-json\/wp\/v2\/media?parent=17974"}],"wp:term":[{"taxonomy":"category","embeddable":true,"href":"http:\/\/blogdalucianaoliveira.com.br\/blog\/wp-json\/wp\/v2\/categories?post=17974"},{"taxonomy":"post_tag","embeddable":true,"href":"http:\/\/blogdalucianaoliveira.com.br\/blog\/wp-json\/wp\/v2\/tags?post=17974"}],"curies":[{"name":"wp","href":"https:\/\/api.w.org\/{rel}","templated":true}]}}