{"id":17982,"date":"2018-05-10T19:32:47","date_gmt":"2018-05-10T23:32:47","guid":{"rendered":"http:\/\/blogdalucianaoliveira.com.br\/blog\/?p=17982"},"modified":"2018-05-10T19:37:57","modified_gmt":"2018-05-10T23:37:57","slug":"conselho-federal-da-oab-sai-em-defesa-da-criacao-do-conselho-lgbttt-de-ro","status":"publish","type":"post","link":"http:\/\/blogdalucianaoliveira.com.br\/blog\/2018\/05\/10\/conselho-federal-da-oab-sai-em-defesa-da-criacao-do-conselho-lgbttt-de-ro\/","title":{"rendered":"Conselho Federal da OAB sai em defesa da cria\u00e7\u00e3o do Conselho LGBTTT de RO"},"content":{"rendered":"<p><img data-recalc-dims=\"1\" loading=\"lazy\" decoding=\"async\" data-attachment-id=\"17979\" data-permalink=\"http:\/\/blogdalucianaoliveira.com.br\/blog\/a0cd3213-8583-4279-bcaa-1239152c0523\/\" data-orig-file=\"https:\/\/i0.wp.com\/blogdalucianaoliveira.com.br\/blog\/wp-content\/uploads\/2018\/05\/A0CD3213-8583-4279-BCAA-1239152C0523.jpeg?fit=436%2C338\" data-orig-size=\"436,338\" data-comments-opened=\"0\" data-image-meta=\"{&quot;aperture&quot;:&quot;0&quot;,&quot;credit&quot;:&quot;&quot;,&quot;camera&quot;:&quot;&quot;,&quot;caption&quot;:&quot;&quot;,&quot;created_timestamp&quot;:&quot;0&quot;,&quot;copyright&quot;:&quot;&quot;,&quot;focal_length&quot;:&quot;0&quot;,&quot;iso&quot;:&quot;0&quot;,&quot;shutter_speed&quot;:&quot;0&quot;,&quot;title&quot;:&quot;&quot;,&quot;orientation&quot;:&quot;0&quot;}\" data-image-title=\"A0CD3213-8583-4279-BCAA-1239152C0523\" data-image-description=\"\" data-image-caption=\"\" data-medium-file=\"https:\/\/i0.wp.com\/blogdalucianaoliveira.com.br\/blog\/wp-content\/uploads\/2018\/05\/A0CD3213-8583-4279-BCAA-1239152C0523.jpeg?fit=300%2C233\" data-large-file=\"https:\/\/i0.wp.com\/blogdalucianaoliveira.com.br\/blog\/wp-content\/uploads\/2018\/05\/A0CD3213-8583-4279-BCAA-1239152C0523.jpeg?fit=436%2C338\" src=\"https:\/\/i0.wp.com\/blogdalucianaoliveira.com.br\/blog\/wp-content\/uploads\/2018\/05\/A0CD3213-8583-4279-BCAA-1239152C0523.jpeg?resize=436%2C338\" alt=\"A0CD3213-8583-4279-BCAA-1239152C0523\" width=\"436\" height=\"338\" class=\"alignnone size-full wp-image-17979\" srcset=\"https:\/\/i0.wp.com\/blogdalucianaoliveira.com.br\/blog\/wp-content\/uploads\/2018\/05\/A0CD3213-8583-4279-BCAA-1239152C0523.jpeg?w=436 436w, https:\/\/i0.wp.com\/blogdalucianaoliveira.com.br\/blog\/wp-content\/uploads\/2018\/05\/A0CD3213-8583-4279-BCAA-1239152C0523.jpeg?resize=300%2C233 300w, https:\/\/i0.wp.com\/blogdalucianaoliveira.com.br\/blog\/wp-content\/uploads\/2018\/05\/A0CD3213-8583-4279-BCAA-1239152C0523.jpeg?resize=387%2C300 387w\" sizes=\"auto, (max-width: 436px) 100vw, 436px\" \/><\/p>\n<p>NOTA DE APOIO \u00c0 CRIA\u00c7\u00c3O DO CONSELHO ESTADUAL DE POL\u00cdTICAS P\u00daBLICAS E DIREITOS HUMANOS PARA A POPULA\u00c7\u00c3O LGBTI EM ROND\u00d4NIA<!--more--><\/p>\n<p>A Comiss\u00e3o Especial da Diversidade Sexual e G\u00eanero do Conselho Federal da Ordem dos Advogados do Brasil, no exerc\u00edcio de suas atribui\u00e7\u00f5es institucionais, sempre empenhada em ratificar seu compromisso na defesa dos direitos da popula\u00e7\u00e3o LGBTI \u2013 L\u00e9sbicas, Gays, Bissexuais, Transexuais, Travestis e Intersexuais, vem apoiar a cria\u00e7\u00e3o a implanta\u00e7\u00e3o do Conselho Estadual de Direitos Humanos e Pol\u00edticas LGBTI de Rond\u00f4nia.<\/p>\n<p>Vivemos um momento crucial na hist\u00f3ria brasileira em que precisamos ter resist\u00eancia e persist\u00eancia. Resist\u00eancia para enfrentar a onda obscurantista que pretende fazer retroceder as institui\u00e7\u00f5es sociais, incluindo a educa\u00e7\u00e3o. <\/p>\n<p>Persist\u00eancia para continuar a busca por uma sociedade fraterna e justa, em que todos, sem distin\u00e7\u00e3o de qualquer natureza,sejam respeitados em suas diferen\u00e7as.<\/p>\n<p>A Rep\u00fablica Federativa do Brasil possui como um dos seus fundamentos a dignidade da pessoa humana, e como um dos seus objetivos principais a edifica\u00e7\u00e3o de uma sociedade livre, justa e solid\u00e1ria, onde se promova o bem de todas as pessoas, sem preconceitos de quaisquer ordens, a\u00ed inclu\u00eddas as discrimina\u00e7\u00f5es por orienta\u00e7\u00e3o sexual e identidade de g\u00eanero. (CF, art. 1o, III; art. 3o, I e IV).<\/p>\n<p>A Carta Magna, al\u00e9m da veda\u00e7\u00e3o \u00e0 discrimina\u00e7\u00e3o de qualquer natureza, consagra o direito \u00e0 igualdade e tutela a vida privada e familiar, a intimidade e<br \/>\na honra (CF, art. 5o, caput, II e X).<br \/>\nDiscursos de \u00f3dio proferidos contra o ser humano em raz\u00e3o de sua condi\u00e7\u00e3o sexual, a falta de toler\u00e2ncia entre as pessoas, a impunidade e, principalmente, a falta de efetividade dos direitos j\u00e1 adquiridos fazem com que os estados.<\/p>\n<p>Assim, a Comiss\u00e3o Especial da Diversidade Sexual e de G\u00eanero do Conselho Federal da Ordem dos Advogados do Brasil entende ser imprescind\u00edvel a cria\u00e7\u00e3o do Conselho Estadual de Pol\u00edticas P\u00fablicas e Direitos Humanos para a popula\u00e7\u00e3o LGBTI em Rond\u00f4nia, Projeto de Lei n. 845\/17, j\u00e1 aprovado pelo Legislativo, apenas aguardando a san\u00e7\u00e3o do Governador do Estado de Rond\u00f4nia.<\/p>\n<p>Bras\u00edlia, 10 de maio de 2018.<br \/>\nMaria Berenice Dias<br \/>\nPresidente da Comiss\u00e3o Especial da Diversidade Sexual e G\u00eanero do Conselho Federal da OAB<br \/>\nRosangela da Silveira Toledo Novaes<br \/>\nSecret\u00e1ria da Comiss\u00e3o Especial da Diversidade Sexual e G\u00eanero do Conselho Federal da OAB<br \/>\nComiss\u00f5es da Diversidade Sexual e de G\u00eanero da OAB que assinam a presente Nota: Seccionais:<br \/>\n1. Acre<br \/>\n2. Alagoas<br \/>\n3. Distrito Federal<br \/>\n4. Maranh\u00e3o<br \/>\n5. Minas Gerais<br \/>\n6. Para\u00edba<br \/>\n7. Rio Grande do Norte<br \/>\n8. Santa Catarina<br \/>\nSubse\u00e7\u00f5es<br \/>\n1. Agua\u00ed &#8211; SP<br \/>\n2. Atibaia &#8211; SP<br \/>\n3. Ca\u00e7apava &#8211; SP<br \/>\n4. Campina Grande &#8211; PB<\/p>\n<p>5. Campinas &#8211; SP<br \/>\n6. Cascavel &#8211; PR<br \/>\n7. Crate\u00fas -Ce<br \/>\n8. Guarulhos \u2013 SP<br \/>\n9. Ipatinga &#8211; MG<br \/>\n10. Itapipoca \u2013 CE<br \/>\n11. Jabaquara e Sa\u00fade \u2013 SP<br \/>\n12. Niter\u00f3i \u2013 RJ<br \/>\n13. Pelotas \u2013 RS<br \/>\n14. Praia Grande \u2013 SP<br \/>\n15. Ribeir\u00e3o Preto \u2013 SP<br \/>\n16. Santos \u2013 SP<br \/>\n17. S\u00e3o Bernardo dos Campos &#8211; SP<br \/>\n18. S\u00e3o Gon\u00e7alo &#8211; RJ<br \/>\n19. S\u00e3o Jos\u00e9 do Rio Preto \u2013 SP<br \/>\n20. Sobral \u2013 CE<\/p>\n","protected":false},"excerpt":{"rendered":"<p>NOTA DE APOIO \u00c0 CRIA\u00c7\u00c3O DO CONSELHO ESTADUAL DE POL\u00cdTICAS P\u00daBLICAS E DIREITOS HUMANOS PARA A POPULA\u00c7\u00c3O LGBTI EM ROND\u00d4NIA<\/p>\n","protected":false},"author":1,"featured_media":0,"comment_status":"closed","ping_status":"open","sticky":false,"template":"","format":"standard","meta":{"_exactmetrics_skip_tracking":false,"_exactmetrics_sitenote_active":false,"_exactmetrics_sitenote_note":"","_exactmetrics_sitenote_category":0,"jetpack_post_was_ever_published":false,"_jetpack_newsletter_access":"","_jetpack_dont_email_post_to_subs":false,"_jetpack_newsletter_tier_id":0,"_jetpack_memberships_contains_paywalled_content":false,"_jetpack_memberships_contains_paid_content":false,"footnotes":"","jetpack_publicize_message":"","jetpack_publicize_feature_enabled":true,"jetpack_social_post_already_shared":true,"jetpack_social_options":{"image_generator_settings":{"template":"highway","enabled":false},"version":2}},"categories":[1],"tags":[],"class_list":["post-17982","post","type-post","status-publish","format-standard","hentry","category-notas"],"jetpack_publicize_connections":[],"jetpack_sharing_enabled":true,"jetpack_featured_media_url":"","jetpack_shortlink":"https:\/\/wp.me\/p7wKYW-4G2","jetpack-related-posts":[],"_links":{"self":[{"href":"http:\/\/blogdalucianaoliveira.com.br\/blog\/wp-json\/wp\/v2\/posts\/17982","targetHints":{"allow":["GET"]}}],"collection":[{"href":"http:\/\/blogdalucianaoliveira.com.br\/blog\/wp-json\/wp\/v2\/posts"}],"about":[{"href":"http:\/\/blogdalucianaoliveira.com.br\/blog\/wp-json\/wp\/v2\/types\/post"}],"author":[{"embeddable":true,"href":"http:\/\/blogdalucianaoliveira.com.br\/blog\/wp-json\/wp\/v2\/users\/1"}],"replies":[{"embeddable":true,"href":"http:\/\/blogdalucianaoliveira.com.br\/blog\/wp-json\/wp\/v2\/comments?post=17982"}],"version-history":[{"count":2,"href":"http:\/\/blogdalucianaoliveira.com.br\/blog\/wp-json\/wp\/v2\/posts\/17982\/revisions"}],"predecessor-version":[{"id":17985,"href":"http:\/\/blogdalucianaoliveira.com.br\/blog\/wp-json\/wp\/v2\/posts\/17982\/revisions\/17985"}],"wp:attachment":[{"href":"http:\/\/blogdalucianaoliveira.com.br\/blog\/wp-json\/wp\/v2\/media?parent=17982"}],"wp:term":[{"taxonomy":"category","embeddable":true,"href":"http:\/\/blogdalucianaoliveira.com.br\/blog\/wp-json\/wp\/v2\/categories?post=17982"},{"taxonomy":"post_tag","embeddable":true,"href":"http:\/\/blogdalucianaoliveira.com.br\/blog\/wp-json\/wp\/v2\/tags?post=17982"}],"curies":[{"name":"wp","href":"https:\/\/api.w.org\/{rel}","templated":true}]}}