{"id":17986,"date":"2018-05-11T10:22:24","date_gmt":"2018-05-11T14:22:24","guid":{"rendered":"http:\/\/blogdalucianaoliveira.com.br\/blog\/?p=17986"},"modified":"2018-05-11T10:22:24","modified_gmt":"2018-05-11T14:22:24","slug":"inocencia-inutil-de-geisel-cai-por-terra-com-divulgacao-de-documentos-da-cia","status":"publish","type":"post","link":"http:\/\/blogdalucianaoliveira.com.br\/blog\/2018\/05\/11\/inocencia-inutil-de-geisel-cai-por-terra-com-divulgacao-de-documentos-da-cia\/","title":{"rendered":"\u2018INOC\u00caNCIA IN\u00daTIL\u2019 DE GEISEL CAI POR TERRA, COM DIVULGA\u00c7\u00c3O DE DOCUMENTOS DA CIA"},"content":{"rendered":"<p><img data-recalc-dims=\"1\" loading=\"lazy\" decoding=\"async\" data-attachment-id=\"17987\" data-permalink=\"http:\/\/blogdalucianaoliveira.com.br\/blog\/2018\/05\/11\/inocencia-inutil-de-geisel-cai-por-terra-com-divulgacao-de-documentos-da-cia\/inu\/\" data-orig-file=\"https:\/\/i0.wp.com\/blogdalucianaoliveira.com.br\/blog\/wp-content\/uploads\/2018\/05\/inu.jpg?fit=1003%2C357\" data-orig-size=\"1003,357\" data-comments-opened=\"0\" data-image-meta=\"{&quot;aperture&quot;:&quot;0&quot;,&quot;credit&quot;:&quot;&quot;,&quot;camera&quot;:&quot;&quot;,&quot;caption&quot;:&quot;&quot;,&quot;created_timestamp&quot;:&quot;0&quot;,&quot;copyright&quot;:&quot;&quot;,&quot;focal_length&quot;:&quot;0&quot;,&quot;iso&quot;:&quot;0&quot;,&quot;shutter_speed&quot;:&quot;0&quot;,&quot;title&quot;:&quot;&quot;,&quot;orientation&quot;:&quot;0&quot;}\" data-image-title=\"inu\" data-image-description=\"\" data-image-caption=\"\" data-medium-file=\"https:\/\/i0.wp.com\/blogdalucianaoliveira.com.br\/blog\/wp-content\/uploads\/2018\/05\/inu.jpg?fit=300%2C107\" data-large-file=\"https:\/\/i0.wp.com\/blogdalucianaoliveira.com.br\/blog\/wp-content\/uploads\/2018\/05\/inu.jpg?fit=600%2C214\" class=\"alignnone size-full wp-image-17987\" src=\"https:\/\/i0.wp.com\/blogdalucianaoliveira.com.br\/blog\/wp-content\/uploads\/2018\/05\/inu.jpg?resize=600%2C214\" alt=\"inu\" width=\"600\" height=\"214\" srcset=\"https:\/\/i0.wp.com\/blogdalucianaoliveira.com.br\/blog\/wp-content\/uploads\/2018\/05\/inu.jpg?w=1003 1003w, https:\/\/i0.wp.com\/blogdalucianaoliveira.com.br\/blog\/wp-content\/uploads\/2018\/05\/inu.jpg?resize=300%2C107 300w, https:\/\/i0.wp.com\/blogdalucianaoliveira.com.br\/blog\/wp-content\/uploads\/2018\/05\/inu.jpg?resize=768%2C273 768w, https:\/\/i0.wp.com\/blogdalucianaoliveira.com.br\/blog\/wp-content\/uploads\/2018\/05\/inu.jpg?resize=800%2C285 800w\" sizes=\"auto, (max-width: 600px) 100vw, 600px\" \/><\/p>\n<p><strong>247<\/strong>\u00a0\u2013 O Site \u201cA Postagem\u201d comenta a divulga\u00e7\u00e3o hist\u00f3rica dos documentos da CIA (Ag\u00eancia de Intelig\u00eancia Americana) feita pelo professor da FGV (Funda\u00e7\u00e3o Get\u00falio Vargas) Matias Specktor. \u201cA import\u00e2ncia hist\u00f3rica do documento divulgado pelo arquivo americano, \u00e9 incontest\u00e1vel e de grande valia para diversas teses defendidas, em que apontava o ditador General Ernesto Geisel, que sucedeu M\u00e9dici, em 1974, como uma esp\u00e9cie de \u201cinocente \u00fatil\u201d. Segundo diversos defensores da ditadura, nem houve tortura, nem morte pol\u00edtica\u201d, diz o site.<!--more--><\/p>\n<p>\u201cPara alguns, os presidentes ditadores n\u00e3o sabiam das ilegalidades, que ficavam a cabo de mil\u00edcias aut\u00f4nomas dentro das for\u00e7as de seguran\u00e7a e repress\u00e3o pol\u00edtico-ideol\u00f3gica.<\/p>\n<p>A situa\u00e7\u00e3o muda radicalmente, inclusive, no \u00e2mbito da historiografia, pondo na centralidade de todas as viola\u00e7\u00f5es dos direitos humanos e atrocidade cometidas pelo governo, os pr\u00f3prios militares no poder institucional.\u201d<\/p>\n<p>Leia mais\u00a0<a href=\"https:\/\/www.apostagem.com.br\/2018\/05\/10\/documentos-da-cia-derrubam-o-mito-da-inocencia-util-de-geisel-na-ditadura-militar\/\" target=\"_blank\">aqui<\/a>.<\/p>\n<div><\/div>\n","protected":false},"excerpt":{"rendered":"<p>247\u00a0\u2013 O Site \u201cA Postagem\u201d comenta a divulga\u00e7\u00e3o hist\u00f3rica dos documentos da CIA (Ag\u00eancia de Intelig\u00eancia Americana) feita pelo professor da FGV (Funda\u00e7\u00e3o Get\u00falio Vargas) Matias Specktor. \u201cA import\u00e2ncia hist\u00f3rica do documento divulgado pelo arquivo americano, \u00e9 incontest\u00e1vel e de grande valia para diversas teses defendidas, em que apontava o ditador General Ernesto Geisel, que&#8230;<a class=\"more-link\" href=\"http:\/\/blogdalucianaoliveira.com.br\/blog\/2018\/05\/11\/inocencia-inutil-de-geisel-cai-por-terra-com-divulgacao-de-documentos-da-cia\/\">Continue a leitura <span class=\"meta-nav\">&raquo;<\/span><\/a><\/p>\n","protected":false},"author":1,"featured_media":0,"comment_status":"closed","ping_status":"open","sticky":false,"template":"","format":"standard","meta":{"_exactmetrics_skip_tracking":false,"_exactmetrics_sitenote_active":false,"_exactmetrics_sitenote_note":"","_exactmetrics_sitenote_category":0,"jetpack_post_was_ever_published":false,"_jetpack_newsletter_access":"","_jetpack_dont_email_post_to_subs":false,"_jetpack_newsletter_tier_id":0,"_jetpack_memberships_contains_paywalled_content":false,"_jetpack_memberships_contains_paid_content":false,"footnotes":"","jetpack_publicize_message":"","jetpack_publicize_feature_enabled":true,"jetpack_social_post_already_shared":true,"jetpack_social_options":{"image_generator_settings":{"template":"highway","enabled":false},"version":2}},"categories":[1],"tags":[],"class_list":["post-17986","post","type-post","status-publish","format-standard","hentry","category-notas"],"jetpack_publicize_connections":[],"jetpack_sharing_enabled":true,"jetpack_featured_media_url":"","jetpack_shortlink":"https:\/\/wp.me\/p7wKYW-4G6","jetpack-related-posts":[],"_links":{"self":[{"href":"http:\/\/blogdalucianaoliveira.com.br\/blog\/wp-json\/wp\/v2\/posts\/17986","targetHints":{"allow":["GET"]}}],"collection":[{"href":"http:\/\/blogdalucianaoliveira.com.br\/blog\/wp-json\/wp\/v2\/posts"}],"about":[{"href":"http:\/\/blogdalucianaoliveira.com.br\/blog\/wp-json\/wp\/v2\/types\/post"}],"author":[{"embeddable":true,"href":"http:\/\/blogdalucianaoliveira.com.br\/blog\/wp-json\/wp\/v2\/users\/1"}],"replies":[{"embeddable":true,"href":"http:\/\/blogdalucianaoliveira.com.br\/blog\/wp-json\/wp\/v2\/comments?post=17986"}],"version-history":[{"count":1,"href":"http:\/\/blogdalucianaoliveira.com.br\/blog\/wp-json\/wp\/v2\/posts\/17986\/revisions"}],"predecessor-version":[{"id":17988,"href":"http:\/\/blogdalucianaoliveira.com.br\/blog\/wp-json\/wp\/v2\/posts\/17986\/revisions\/17988"}],"wp:attachment":[{"href":"http:\/\/blogdalucianaoliveira.com.br\/blog\/wp-json\/wp\/v2\/media?parent=17986"}],"wp:term":[{"taxonomy":"category","embeddable":true,"href":"http:\/\/blogdalucianaoliveira.com.br\/blog\/wp-json\/wp\/v2\/categories?post=17986"},{"taxonomy":"post_tag","embeddable":true,"href":"http:\/\/blogdalucianaoliveira.com.br\/blog\/wp-json\/wp\/v2\/tags?post=17986"}],"curies":[{"name":"wp","href":"https:\/\/api.w.org\/{rel}","templated":true}]}}