{"id":17989,"date":"2018-05-11T12:27:02","date_gmt":"2018-05-11T16:27:02","guid":{"rendered":"http:\/\/blogdalucianaoliveira.com.br\/blog\/?p=17989"},"modified":"2018-05-11T12:30:54","modified_gmt":"2018-05-11T16:30:54","slug":"concidade-deve-emitr-nota-de-repudio-contra-audiencia-publica-sobre-transporte-coletivo","status":"publish","type":"post","link":"http:\/\/blogdalucianaoliveira.com.br\/blog\/2018\/05\/11\/concidade-deve-emitr-nota-de-repudio-contra-audiencia-publica-sobre-transporte-coletivo\/","title":{"rendered":"CONCIDADE DEVE EMITR NOTA DE REP\u00daDIO CONTRA AUDI\u00caNCIA P\u00daBLICA SOBRE TRANSPORTE COLETIVO"},"content":{"rendered":"<p><img data-recalc-dims=\"1\" loading=\"lazy\" decoding=\"async\" data-attachment-id=\"17990\" data-permalink=\"http:\/\/blogdalucianaoliveira.com.br\/blog\/2018\/05\/11\/concidade-deve-emitr-nota-de-repudio-contra-audiencia-publica-sobre-transporte-coletivo\/conci\/\" data-orig-file=\"https:\/\/i0.wp.com\/blogdalucianaoliveira.com.br\/blog\/wp-content\/uploads\/2018\/05\/conci.jpg?fit=960%2C720\" data-orig-size=\"960,720\" data-comments-opened=\"0\" data-image-meta=\"{&quot;aperture&quot;:&quot;0&quot;,&quot;credit&quot;:&quot;&quot;,&quot;camera&quot;:&quot;&quot;,&quot;caption&quot;:&quot;&quot;,&quot;created_timestamp&quot;:&quot;0&quot;,&quot;copyright&quot;:&quot;&quot;,&quot;focal_length&quot;:&quot;0&quot;,&quot;iso&quot;:&quot;0&quot;,&quot;shutter_speed&quot;:&quot;0&quot;,&quot;title&quot;:&quot;&quot;,&quot;orientation&quot;:&quot;0&quot;}\" data-image-title=\"conci\" data-image-description=\"\" data-image-caption=\"\" data-medium-file=\"https:\/\/i0.wp.com\/blogdalucianaoliveira.com.br\/blog\/wp-content\/uploads\/2018\/05\/conci.jpg?fit=300%2C225\" data-large-file=\"https:\/\/i0.wp.com\/blogdalucianaoliveira.com.br\/blog\/wp-content\/uploads\/2018\/05\/conci.jpg?fit=600%2C450\" class=\"alignnone size-full wp-image-17990\" src=\"https:\/\/i0.wp.com\/blogdalucianaoliveira.com.br\/blog\/wp-content\/uploads\/2018\/05\/conci.jpg?resize=600%2C450\" alt=\"conci\" width=\"600\" height=\"450\" srcset=\"https:\/\/i0.wp.com\/blogdalucianaoliveira.com.br\/blog\/wp-content\/uploads\/2018\/05\/conci.jpg?w=960 960w, https:\/\/i0.wp.com\/blogdalucianaoliveira.com.br\/blog\/wp-content\/uploads\/2018\/05\/conci.jpg?resize=300%2C225 300w, https:\/\/i0.wp.com\/blogdalucianaoliveira.com.br\/blog\/wp-content\/uploads\/2018\/05\/conci.jpg?resize=768%2C576 768w, https:\/\/i0.wp.com\/blogdalucianaoliveira.com.br\/blog\/wp-content\/uploads\/2018\/05\/conci.jpg?resize=400%2C300 400w\" sizes=\"auto, (max-width: 600px) 100vw, 600px\" \/><\/p>\n<p>A coordena\u00e7\u00e3o executiva do Conselho Municipal da Cidade \u2013 Concidade, se reuniu para debater a Audi\u00eancia P\u00fablica do Projeto B\u00e1sico e Diretrizes do Edital de Concess\u00e3o do Transporte Coletivo de Porto Velho, realizada sob protestos na \u00faltima quarta-feira (09) no Teatro Banzeiros, em Porto Velho.<!--more--><\/p>\n<p><img data-recalc-dims=\"1\" loading=\"lazy\" decoding=\"async\" data-attachment-id=\"17941\" data-permalink=\"http:\/\/blogdalucianaoliveira.com.br\/blog\/2018\/05\/09\/publico-abandona-audiencia-publica-da-prefeitura-sobre-concessao-do-transporte-coletivo-de-porto-velho\/tutu-2\/\" data-orig-file=\"https:\/\/i0.wp.com\/blogdalucianaoliveira.com.br\/blog\/wp-content\/uploads\/2018\/05\/tutu.jpg?fit=958%2C574\" data-orig-size=\"958,574\" data-comments-opened=\"0\" data-image-meta=\"{&quot;aperture&quot;:&quot;0&quot;,&quot;credit&quot;:&quot;&quot;,&quot;camera&quot;:&quot;&quot;,&quot;caption&quot;:&quot;&quot;,&quot;created_timestamp&quot;:&quot;0&quot;,&quot;copyright&quot;:&quot;&quot;,&quot;focal_length&quot;:&quot;0&quot;,&quot;iso&quot;:&quot;0&quot;,&quot;shutter_speed&quot;:&quot;0&quot;,&quot;title&quot;:&quot;&quot;,&quot;orientation&quot;:&quot;0&quot;}\" data-image-title=\"tutu\" data-image-description=\"\" data-image-caption=\"\" data-medium-file=\"https:\/\/i0.wp.com\/blogdalucianaoliveira.com.br\/blog\/wp-content\/uploads\/2018\/05\/tutu.jpg?fit=300%2C180\" data-large-file=\"https:\/\/i0.wp.com\/blogdalucianaoliveira.com.br\/blog\/wp-content\/uploads\/2018\/05\/tutu.jpg?fit=600%2C359\" class=\"alignnone size-full wp-image-17941\" src=\"https:\/\/i0.wp.com\/blogdalucianaoliveira.com.br\/blog\/wp-content\/uploads\/2018\/05\/tutu.jpg?resize=600%2C359\" alt=\"tutu\" width=\"600\" height=\"359\" srcset=\"https:\/\/i0.wp.com\/blogdalucianaoliveira.com.br\/blog\/wp-content\/uploads\/2018\/05\/tutu.jpg?w=958 958w, https:\/\/i0.wp.com\/blogdalucianaoliveira.com.br\/blog\/wp-content\/uploads\/2018\/05\/tutu.jpg?resize=300%2C180 300w, https:\/\/i0.wp.com\/blogdalucianaoliveira.com.br\/blog\/wp-content\/uploads\/2018\/05\/tutu.jpg?resize=768%2C460 768w, https:\/\/i0.wp.com\/blogdalucianaoliveira.com.br\/blog\/wp-content\/uploads\/2018\/05\/tutu.jpg?resize=501%2C300 501w\" sizes=\"auto, (max-width: 600px) 100vw, 600px\" \/><\/p>\n<p>Leia sobre isso aqui:<a href=\"http:\/\/blogdalucianaoliveira.com.br\/blog\/2018\/05\/09\/publico-abandona-audiencia-publica-da-prefeitura-sobre-concessao-do-transporte-coletivo-de-porto-velho\/\">http:\/\/blogdalucianaoliveira.com.br\/blog\/2018\/05\/09\/publico-abandona-audiencia-publica-da-prefeitura-sobre-concessao-do-transporte-coletivo-de-porto-velho\/<\/a><\/p>\n<p>A sugest\u00e3o de uma nota de rep\u00fadio por publicidade inadequada do convite e do projeto ser\u00e1 submetida \u00e0 delibera\u00e7\u00e3o do Concidade, que re\u00fane 27 membros da iniciativa p\u00fablica e igual n\u00famero da sociedade civil organizada.<\/p>\n<p><img data-recalc-dims=\"1\" loading=\"lazy\" decoding=\"async\" data-attachment-id=\"17991\" data-permalink=\"http:\/\/blogdalucianaoliveira.com.br\/blog\/2018\/05\/11\/concidade-deve-emitr-nota-de-repudio-contra-audiencia-publica-sobre-transporte-coletivo\/pauta\/\" data-orig-file=\"https:\/\/i0.wp.com\/blogdalucianaoliveira.com.br\/blog\/wp-content\/uploads\/2018\/05\/pauta.jpg?fit=720%2C960\" data-orig-size=\"720,960\" data-comments-opened=\"0\" data-image-meta=\"{&quot;aperture&quot;:&quot;0&quot;,&quot;credit&quot;:&quot;&quot;,&quot;camera&quot;:&quot;&quot;,&quot;caption&quot;:&quot;&quot;,&quot;created_timestamp&quot;:&quot;0&quot;,&quot;copyright&quot;:&quot;&quot;,&quot;focal_length&quot;:&quot;0&quot;,&quot;iso&quot;:&quot;0&quot;,&quot;shutter_speed&quot;:&quot;0&quot;,&quot;title&quot;:&quot;&quot;,&quot;orientation&quot;:&quot;0&quot;}\" data-image-title=\"pauta\" data-image-description=\"\" data-image-caption=\"\" data-medium-file=\"https:\/\/i0.wp.com\/blogdalucianaoliveira.com.br\/blog\/wp-content\/uploads\/2018\/05\/pauta.jpg?fit=225%2C300\" data-large-file=\"https:\/\/i0.wp.com\/blogdalucianaoliveira.com.br\/blog\/wp-content\/uploads\/2018\/05\/pauta.jpg?fit=600%2C800\" class=\"alignnone size-full wp-image-17991\" src=\"https:\/\/i0.wp.com\/blogdalucianaoliveira.com.br\/blog\/wp-content\/uploads\/2018\/05\/pauta.jpg?resize=600%2C800\" alt=\"pauta\" width=\"600\" height=\"800\" srcset=\"https:\/\/i0.wp.com\/blogdalucianaoliveira.com.br\/blog\/wp-content\/uploads\/2018\/05\/pauta.jpg?w=720 720w, https:\/\/i0.wp.com\/blogdalucianaoliveira.com.br\/blog\/wp-content\/uploads\/2018\/05\/pauta.jpg?resize=225%2C300 225w\" sizes=\"auto, (max-width: 600px) 100vw, 600px\" \/><br \/>\nEsse Conselho atua como elo entre a sociedade e a prefeitura para formula\u00e7\u00e3o de pol\u00edticas p\u00fablicas que englobam a mobilidade urbana, o saneamento, habita\u00e7\u00e3o e planejamento.<\/p>\n<p>Foi institu\u00eddo pela lei complementar 570\/2015 para, entre outras fun\u00e7\u00f5es, estimular, ampliar e aperfei\u00e7oar os mecanismos de participa\u00e7\u00e3o e controle social.<\/p>\n<p>E com base na exig\u00eancia da ampla publicidade dos atos do poder p\u00fablico, pediu dois antes, que a audi\u00eancia fosse adiada porque poucos tiveram acesso ao convite e quase ningu\u00e9m ao projeto do edital de concess\u00e3o.<\/p>\n<p>&lt;img class=&#8221;alignnone size-full wp-image-17947&#8243; src=&#8221;http:\/\/blogdalucianaoliveira.com.br\/blog\/wp-content\/uploads\/2018\/05\/6826996F-58AF-4C5A-ACFF-1A42FAB2CD0E.jpeg&#8221; alt=&#8221;6826996F-58AF-4C5A-ACFF-1A42FAB2CD0E&#8221; width=&#8221;2448&#8243; height=&#8221;2869&#8243; \/&gt;<\/p>\n<p>Ap\u00f3s a reuni\u00e3o de hoje, todos os membros ser\u00e3o convocados a decidir que postura o conselho ir\u00e1 tomar sobre a audi\u00eancia que seguiu com a retirada da maior parte do p\u00fablico.<\/p>\n<p>Confira a entrevista de Eliel Ferreira, da Central de Movimentos Populares que \u00e9 membro da coordena\u00e7\u00e3o executiva do Concidade.<\/p>\n<div class=\"fb-video\" data-allowfullscreen=\"true\" data-href=\"https:\/\/www.facebook.com\/luciana.oliveira.75457\/videos\/1810821048993790\/\"><\/div>\n","protected":false},"excerpt":{"rendered":"<p>A coordena\u00e7\u00e3o executiva do Conselho Municipal da Cidade \u2013 Concidade, se reuniu para debater a Audi\u00eancia P\u00fablica do Projeto B\u00e1sico e Diretrizes do Edital de Concess\u00e3o do Transporte Coletivo de Porto Velho, realizada sob protestos na \u00faltima quarta-feira (09) no Teatro Banzeiros, em Porto Velho.<\/p>\n","protected":false},"author":1,"featured_media":0,"comment_status":"closed","ping_status":"open","sticky":false,"template":"","format":"standard","meta":{"_exactmetrics_skip_tracking":false,"_exactmetrics_sitenote_active":false,"_exactmetrics_sitenote_note":"","_exactmetrics_sitenote_category":0,"jetpack_post_was_ever_published":false,"_jetpack_newsletter_access":"","_jetpack_dont_email_post_to_subs":false,"_jetpack_newsletter_tier_id":0,"_jetpack_memberships_contains_paywalled_content":false,"_jetpack_memberships_contains_paid_content":false,"footnotes":"","jetpack_publicize_message":"","jetpack_publicize_feature_enabled":true,"jetpack_social_post_already_shared":true,"jetpack_social_options":{"image_generator_settings":{"template":"highway","enabled":false},"version":2}},"categories":[1],"tags":[],"class_list":["post-17989","post","type-post","status-publish","format-standard","hentry","category-notas"],"jetpack_publicize_connections":[],"jetpack_sharing_enabled":true,"jetpack_featured_media_url":"","jetpack_shortlink":"https:\/\/wp.me\/p7wKYW-4G9","jetpack-related-posts":[],"_links":{"self":[{"href":"http:\/\/blogdalucianaoliveira.com.br\/blog\/wp-json\/wp\/v2\/posts\/17989","targetHints":{"allow":["GET"]}}],"collection":[{"href":"http:\/\/blogdalucianaoliveira.com.br\/blog\/wp-json\/wp\/v2\/posts"}],"about":[{"href":"http:\/\/blogdalucianaoliveira.com.br\/blog\/wp-json\/wp\/v2\/types\/post"}],"author":[{"embeddable":true,"href":"http:\/\/blogdalucianaoliveira.com.br\/blog\/wp-json\/wp\/v2\/users\/1"}],"replies":[{"embeddable":true,"href":"http:\/\/blogdalucianaoliveira.com.br\/blog\/wp-json\/wp\/v2\/comments?post=17989"}],"version-history":[{"count":2,"href":"http:\/\/blogdalucianaoliveira.com.br\/blog\/wp-json\/wp\/v2\/posts\/17989\/revisions"}],"predecessor-version":[{"id":17993,"href":"http:\/\/blogdalucianaoliveira.com.br\/blog\/wp-json\/wp\/v2\/posts\/17989\/revisions\/17993"}],"wp:attachment":[{"href":"http:\/\/blogdalucianaoliveira.com.br\/blog\/wp-json\/wp\/v2\/media?parent=17989"}],"wp:term":[{"taxonomy":"category","embeddable":true,"href":"http:\/\/blogdalucianaoliveira.com.br\/blog\/wp-json\/wp\/v2\/categories?post=17989"},{"taxonomy":"post_tag","embeddable":true,"href":"http:\/\/blogdalucianaoliveira.com.br\/blog\/wp-json\/wp\/v2\/tags?post=17989"}],"curies":[{"name":"wp","href":"https:\/\/api.w.org\/{rel}","templated":true}]}}