{"id":17999,"date":"2018-05-14T09:28:33","date_gmt":"2018-05-14T13:28:33","guid":{"rendered":"http:\/\/blogdalucianaoliveira.com.br\/blog\/?p=17999"},"modified":"2018-05-14T09:31:34","modified_gmt":"2018-05-14T13:31:34","slug":"aecio-neves-teve-tres-crises-de-overdose-quando-era-governador-afirma-jornalista-em-livro","status":"publish","type":"post","link":"http:\/\/blogdalucianaoliveira.com.br\/blog\/2018\/05\/14\/aecio-neves-teve-tres-crises-de-overdose-quando-era-governador-afirma-jornalista-em-livro\/","title":{"rendered":"A\u00e9cio Neves teve tr\u00eas crises de overdose quando era governador, afirma jornalista em livro"},"content":{"rendered":"<p><img data-recalc-dims=\"1\" loading=\"lazy\" decoding=\"async\" data-attachment-id=\"18004\" data-permalink=\"http:\/\/blogdalucianaoliveira.com.br\/blog\/2018\/05\/14\/aecio-neves-teve-tres-crises-de-overdose-quando-era-governador-afirma-jornalista-em-livro\/chei\/\" data-orig-file=\"https:\/\/i0.wp.com\/blogdalucianaoliveira.com.br\/blog\/wp-content\/uploads\/2018\/05\/chei.jpg?fit=600%2C400\" data-orig-size=\"600,400\" data-comments-opened=\"0\" data-image-meta=\"{&quot;aperture&quot;:&quot;0&quot;,&quot;credit&quot;:&quot;&quot;,&quot;camera&quot;:&quot;&quot;,&quot;caption&quot;:&quot;&quot;,&quot;created_timestamp&quot;:&quot;0&quot;,&quot;copyright&quot;:&quot;&quot;,&quot;focal_length&quot;:&quot;0&quot;,&quot;iso&quot;:&quot;0&quot;,&quot;shutter_speed&quot;:&quot;0&quot;,&quot;title&quot;:&quot;&quot;,&quot;orientation&quot;:&quot;0&quot;}\" data-image-title=\"chei\" data-image-description=\"\" data-image-caption=\"\" data-medium-file=\"https:\/\/i0.wp.com\/blogdalucianaoliveira.com.br\/blog\/wp-content\/uploads\/2018\/05\/chei.jpg?fit=300%2C200\" data-large-file=\"https:\/\/i0.wp.com\/blogdalucianaoliveira.com.br\/blog\/wp-content\/uploads\/2018\/05\/chei.jpg?fit=600%2C400\" class=\"alignnone size-full wp-image-18004\" src=\"https:\/\/i0.wp.com\/blogdalucianaoliveira.com.br\/blog\/wp-content\/uploads\/2018\/05\/chei.jpg?resize=600%2C400\" alt=\"chei\" width=\"600\" height=\"400\" srcset=\"https:\/\/i0.wp.com\/blogdalucianaoliveira.com.br\/blog\/wp-content\/uploads\/2018\/05\/chei.jpg?w=600 600w, https:\/\/i0.wp.com\/blogdalucianaoliveira.com.br\/blog\/wp-content\/uploads\/2018\/05\/chei.jpg?resize=300%2C200 300w, https:\/\/i0.wp.com\/blogdalucianaoliveira.com.br\/blog\/wp-content\/uploads\/2018\/05\/chei.jpg?resize=450%2C300 450w\" sizes=\"auto, (max-width: 600px) 100vw, 600px\" \/><\/p>\n<p><strong>Cap\u00edtulo Liga\u00e7\u00f5es Perigosas, do livro \u201cDi\u00e1logo com ratos \u2013 censura e persegui\u00e7\u00e3o no jornalismo digital\u201d<\/strong><!--more--><\/p>\n<p>No DCM, por Joaquim de Carvalho &#8211; Na medida em que ia subindo o numero de views do Novojornal, aumentavam as preocupa\u00e7\u00f5es de Andrea Neves. J\u00e1 n\u00e3o era apenas o Mensal\u00e3o Tucano Mineiro, a Lista de Furnas e a Gang dos Castos ou o temor do depoimento do advogado Joaquim Engler. Principalmente a partir do instante em que foram noticiadas crises de overdose de A\u00e9cio Neves, no Pal\u00e1cio das Mangabeiras, resid\u00eancia oficial dos governadores de Minas Gerais. O p\u00fablico ficou sabendo que ele teve de ser transportado de helic\u00f3ptero para o hospital Mater Dei, tamb\u00e9m em Belo Horizonte. Al\u00e9m do mais, a irm\u00e3 do governador sabia da exist\u00eancia de provas concretas sujeitas \u00e0 aprecia\u00e7\u00e3o judicial da exce\u00e7\u00e3o da verdade em caso de abertura de processo criminal.<\/p>\n<p>Como o Novojornal poderia obter tais documentos t\u00e3o sigilosos? Qualquer agente policial ou um jornalista investigativo, ainda inexperiente, pode afirmar, mas ir\u00e1 supor ser algu\u00e9m ligado \u00e0 PM-2, \u00f3rg\u00e3o encarregado da seguran\u00e7a pessoal dos governadores mineiros. No meu caso, n\u00e3o ficarei em suposi\u00e7\u00f5es. Digo ter sido mesmo informa\u00e7\u00e3o obtida mediante compromisso firmado que, por raz\u00f5es ligadas \u00e0 seguran\u00e7a da fam\u00edlia de quem informou, nem ap\u00f3s ele falecer, eu direi. \u00c9 visando casos assim que, em pa\u00edses verdadeiramente democr\u00e1ticos, a Constitui\u00e7\u00e3o garante o sigilo das fontes dos jornalistas. \u201cGarganta Profunda\u201d era o codinome de Marck Felt, ex-diretor-assistente do FBI, o homem que revelou a Bob Woodward e Carl Bernstein, do Washington Post, os dados que os possibilitaram produzir a s\u00e9rie de mat\u00e9rias que culminaram com a ren\u00fancia do ex-presidente norte-americano Richard Nixon quando do epis\u00f3dio envolvendo o esc\u00e2ndalo Watergate. Em momento algum, eles disseram ou foram for\u00e7ados a dizer quem era a fonte, tendo o pr\u00f3prio Felt, quase ao final da vida, feito a revela\u00e7\u00e3o de ser ele o Deep Throat.<\/p>\n<div class=\"td-a-rec td-a-rec-id-content_inlineright \">\n<p>Tais overdoses, em n\u00famero de tr\u00eas, foram publicadas a primeira vez em 2013, gerando p\u00e2nico entre os formuladores da Teoria da Falsidade (como o autor chama a opera\u00e7\u00e3o para fazer os eleitores desacreditarem de fatos divulgados que contrariavam interesses dos governantes \u00e0 \u00e9poca).<\/p>\n<p>Intensificaram-se tamb\u00e9m os contatos sigilosos entre Marco Aur\u00e9lio Carone* e Andrea Neves, como se fora, na hist\u00f3ria moderna, outra Agripina e cuidar de Nero. Diante do agravamento da crise, o Novojornal enviou um e-mail a A\u00e9cio, que n\u00e3o foi respondido, abordando tal quest\u00e3o.<\/p>\n<p>O site enviou tamb\u00e9m outro documento, de igual teor, \u00e0 dire\u00e7\u00e3o do Hospital Mater Dei, que respondeu somente poder divulgar assuntos relativos \u00e0s perguntas formuladas mediante ordem judicial ou com expressa autoriza\u00e7\u00e3o do paciente. N\u00e3o disse sim, evitou a coloca\u00e7\u00e3o do n\u00e3o, mas o teor da resposta, para quem sabe ler e entende que um pingo \u00e9 letra, desfaz muitas d\u00favidas. Em suma: assuntos de tal natureza s\u00f3 podem ser divulgados com expressa autoriza\u00e7\u00e3o do paciente ou ordem judicial. Ent\u00e3o? Houve um paciente. Quem era ele? A indaga\u00e7\u00e3o feita pelo site deixa sinais claros.<\/p>\n<p>Documentos citados na mat\u00e9ria: e-mail encaminhado ao Hospital Mater Dei em 9 de janeiro de 2013. Reenvio do e-mail ao Hospital Mater Dei em 17 de janeiro de 2013. E-mail encaminhado ao ex-governador e atual senador A\u00e9cio neves em 9 de janeiro de 2013. E-mail encaminhado ao procurador Andr\u00e9 Estev\u00e3o Ubaldino Pereira em 18 de novembro de 2013.<\/p>\n<p>\u00c9 necess\u00e1rio destacar que tais overdoses ocorreram dentro do Pal\u00e1cio das Mangabeiras, resid\u00eancia oficial do governador de Minas, guarnecido pela Pol\u00edcia Militar, 24 horas por dia. Corpora\u00e7\u00e3o militar que cumpriu sua obriga\u00e7\u00e3o, entregando, atrav\u00e9s de seu servi\u00e7o reservado, um detalhado relato do ocorrido \u00e0 Coordenadoria Antidrogas, inclusive sobre a transfer\u00eancia de A\u00e9cio Neves em helic\u00f3ptero operado pela Pol\u00edcia Militar para o Hospital Mater Dei, em Belo Horizonte.<\/p>\n<p>.x.x.x.x.<\/p>\n<figure id=\"attachment_222321\" class=\"wp-caption aligncenter\"><img data-recalc-dims=\"1\" loading=\"lazy\" decoding=\"async\" class=\"size-large wp-image-222321\" src=\"https:\/\/i0.wp.com\/www.diariodocentrodomundo.com.br\/wp-content\/uploads\/2018\/05\/captura-de-tela-2018-05-14-as-08-19-29-600x346.png?resize=600%2C346&#038;ssl=1\" sizes=\"auto, (max-width: 600px) 100vw, 600px\" srcset=\"https:\/\/www.diariodocentrodomundo.com.br\/wp-content\/uploads\/2018\/05\/captura-de-tela-2018-05-14-as-08-19-29-600x346.png 600w, https:\/\/www.diariodocentrodomundo.com.br\/wp-content\/uploads\/2018\/05\/captura-de-tela-2018-05-14-as-08-19-29-300x173.png 300w, https:\/\/www.diariodocentrodomundo.com.br\/wp-content\/uploads\/2018\/05\/captura-de-tela-2018-05-14-as-08-19-29-768x443.png 768w, https:\/\/www.diariodocentrodomundo.com.br\/wp-content\/uploads\/2018\/05\/captura-de-tela-2018-05-14-as-08-19-29-728x420.png 728w, https:\/\/www.diariodocentrodomundo.com.br\/wp-content\/uploads\/2018\/05\/captura-de-tela-2018-05-14-as-08-19-29-640x369.png 640w, https:\/\/www.diariodocentrodomundo.com.br\/wp-content\/uploads\/2018\/05\/captura-de-tela-2018-05-14-as-08-19-29-681x393.png 681w, https:\/\/www.diariodocentrodomundo.com.br\/wp-content\/uploads\/2018\/05\/captura-de-tela-2018-05-14-as-08-19-29.png 856w\" alt=\"\" width=\"600\" height=\"346\" data-attachment-id=\"222321\" data-permalink=\"https:\/\/www.diariodocentrodomundo.com.br\/aecio-neves-teve-tres-crises-de-overdose-quando-era-governador-afirma-jornalista-em-livro\/captura-de-tela-2018-05-14-as-08-19-29\/\" data-orig-file=\"https:\/\/www.diariodocentrodomundo.com.br\/wp-content\/uploads\/2018\/05\/captura-de-tela-2018-05-14-as-08-19-29.png\" data-orig-size=\"856,494\" data-comments-opened=\"1\" data-image-meta=\"{&quot;aperture&quot;:&quot;0&quot;,&quot;credit&quot;:&quot;&quot;,&quot;camera&quot;:&quot;&quot;,&quot;caption&quot;:&quot;&quot;,&quot;created_timestamp&quot;:&quot;0&quot;,&quot;copyright&quot;:&quot;&quot;,&quot;focal_length&quot;:&quot;0&quot;,&quot;iso&quot;:&quot;0&quot;,&quot;shutter_speed&quot;:&quot;0&quot;,&quot;title&quot;:&quot;&quot;,&quot;orientation&quot;:&quot;0&quot;}\" data-image-title=\"Captura de Tela 2018-05-14 a\u0300s 08.19.29\" data-image-description=\"\" data-medium-file=\"https:\/\/www.diariodocentrodomundo.com.br\/wp-content\/uploads\/2018\/05\/captura-de-tela-2018-05-14-as-08-19-29-300x173.png\" data-large-file=\"https:\/\/www.diariodocentrodomundo.com.br\/wp-content\/uploads\/2018\/05\/captura-de-tela-2018-05-14-as-08-19-29-600x346.png\" \/><figcaption class=\"wp-caption-text\">Geraldo El\u00edsio<\/figcaption><\/figure>\n<p>Geraldo El\u00edsio, um dos rep\u00f3rteres mais experientes de Minas Gerais, ganhou o Pr\u00eamio Esso de Jornalismo \u2014 categoria regional \u2013, em 1977, por reportagens que denunciaram um caso de tortura nas depend\u00eancias da PM. Foi secret\u00e1rio-adjunto de Cultura (governo Newton Cardoso, PMDB). \u00c9 escritor e poeta. Em 2014, teve casa revirada por policiais civil, em cumprimento a um mandado de busca e apreens\u00e3o. Levaram um netbook, onde fazia seus textos, al\u00e9m de pen-drives, nunca devolvidos. Era editor do Novojornal.<\/p>\n<p>Marco Aur\u00e9lio Carone, citado no cap\u00edtulo, \u00e9 publicit\u00e1rio e jornalista, dono do Novojornal. Filho de um ex-prefeito de Belo Horizonte e de uma deputada, foi candidato a governador de Minas em 2002, na mesma elei\u00e7\u00e3o em que A\u00e9cio se elegeu. N\u00e3o era propriamente um concorrente do governador, porque, por um acordo entre partidos, apoiava o candidato tucano, atacando concorrentes dele e tamb\u00e9m fazendo sua defesa.<\/p>\n<p>Marco Aur\u00e9lio Carone foi preso em 2014, num processo em que, ao final, acabou absolvido. Passou nove meses na cadeia \u2013justamente no per\u00edodo de pr\u00e9-campanha e campanha de A\u00e9cio \u2013, a maior parte em solit\u00e1ria, onde desenvolveu o h\u00e1bito de dialogar com um rato,\u00a0 a que deu o nome de Danilo, da\u00ed o t\u00edtulo do livro: \u201cDi\u00e1logo com ratos\u201d.<\/p>\n<p>Muito do que se sabe hoje de A\u00e9cio foi noticiado pelo site, mas os arquivos ainda se encontram apreendidos pela Justi\u00e7a.<\/p>\n<p>Livro: \u201cDi\u00e1logo com ratos \u2013 censura e persegui\u00e7\u00e3o no jornalismo digital\u201d, editora Letramento.<\/p>\n<p><img data-recalc-dims=\"1\" loading=\"lazy\" decoding=\"async\" class=\"size-large wp-image-222320 aligncenter\" src=\"https:\/\/i0.wp.com\/www.diariodocentrodomundo.com.br\/wp-content\/uploads\/2018\/05\/captura-de-tela-2018-05-14-as-08-16-26-425x600.png?resize=425%2C600&#038;ssl=1\" sizes=\"auto, (max-width: 425px) 100vw, 425px\" srcset=\"https:\/\/www.diariodocentrodomundo.com.br\/wp-content\/uploads\/2018\/05\/captura-de-tela-2018-05-14-as-08-16-26-425x600.png 425w, https:\/\/www.diariodocentrodomundo.com.br\/wp-content\/uploads\/2018\/05\/captura-de-tela-2018-05-14-as-08-16-26-213x300.png 213w, https:\/\/www.diariodocentrodomundo.com.br\/wp-content\/uploads\/2018\/05\/captura-de-tela-2018-05-14-as-08-16-26-298x420.png 298w, https:\/\/www.diariodocentrodomundo.com.br\/wp-content\/uploads\/2018\/05\/captura-de-tela-2018-05-14-as-08-16-26.png 566w\" alt=\"\" width=\"425\" height=\"600\" data-attachment-id=\"222320\" data-permalink=\"https:\/\/www.diariodocentrodomundo.com.br\/aecio-neves-teve-tres-crises-de-overdose-quando-era-governador-afirma-jornalista-em-livro\/captura-de-tela-2018-05-14-as-08-16-26\/\" data-orig-file=\"https:\/\/www.diariodocentrodomundo.com.br\/wp-content\/uploads\/2018\/05\/captura-de-tela-2018-05-14-as-08-16-26.png\" data-orig-size=\"566,799\" data-comments-opened=\"1\" data-image-meta=\"{&quot;aperture&quot;:&quot;0&quot;,&quot;credit&quot;:&quot;&quot;,&quot;camera&quot;:&quot;&quot;,&quot;caption&quot;:&quot;&quot;,&quot;created_timestamp&quot;:&quot;0&quot;,&quot;copyright&quot;:&quot;&quot;,&quot;focal_length&quot;:&quot;0&quot;,&quot;iso&quot;:&quot;0&quot;,&quot;shutter_speed&quot;:&quot;0&quot;,&quot;title&quot;:&quot;&quot;,&quot;orientation&quot;:&quot;0&quot;}\" data-image-title=\"Captura de Tela 2018-05-14 a\u0300s 08.16.26\" data-image-description=\"\" data-medium-file=\"https:\/\/www.diariodocentrodomundo.com.br\/wp-content\/uploads\/2018\/05\/captura-de-tela-2018-05-14-as-08-16-26-213x300.png\" data-large-file=\"https:\/\/www.diariodocentrodomundo.com.br\/wp-content\/uploads\/2018\/05\/captura-de-tela-2018-05-14-as-08-16-26-425x600.png\" \/><\/p>\n<div id=\"execphp-67\" class=\"td_block_template_1 widget widget_execphp\"><\/div>\n<\/div>\n","protected":false},"excerpt":{"rendered":"<p>Cap\u00edtulo Liga\u00e7\u00f5es Perigosas, do livro \u201cDi\u00e1logo com ratos \u2013 censura e persegui\u00e7\u00e3o no jornalismo digital\u201d<\/p>\n","protected":false},"author":1,"featured_media":18004,"comment_status":"closed","ping_status":"open","sticky":false,"template":"","format":"standard","meta":{"_exactmetrics_skip_tracking":false,"_exactmetrics_sitenote_active":false,"_exactmetrics_sitenote_note":"","_exactmetrics_sitenote_category":0,"jetpack_post_was_ever_published":false,"_jetpack_newsletter_access":"","_jetpack_dont_email_post_to_subs":false,"_jetpack_newsletter_tier_id":0,"_jetpack_memberships_contains_paywalled_content":false,"_jetpack_memberships_contains_paid_content":false,"footnotes":"","jetpack_publicize_message":"","jetpack_publicize_feature_enabled":true,"jetpack_social_post_already_shared":true,"jetpack_social_options":{"image_generator_settings":{"template":"highway","enabled":false},"version":2}},"categories":[1],"tags":[],"class_list":["post-17999","post","type-post","status-publish","format-standard","has-post-thumbnail","hentry","category-notas"],"jetpack_publicize_connections":[],"jetpack_sharing_enabled":true,"jetpack_featured_media_url":"https:\/\/i0.wp.com\/blogdalucianaoliveira.com.br\/blog\/wp-content\/uploads\/2018\/05\/chei.jpg?fit=600%2C400","jetpack_shortlink":"https:\/\/wp.me\/p7wKYW-4Gj","jetpack-related-posts":[],"_links":{"self":[{"href":"http:\/\/blogdalucianaoliveira.com.br\/blog\/wp-json\/wp\/v2\/posts\/17999","targetHints":{"allow":["GET"]}}],"collection":[{"href":"http:\/\/blogdalucianaoliveira.com.br\/blog\/wp-json\/wp\/v2\/posts"}],"about":[{"href":"http:\/\/blogdalucianaoliveira.com.br\/blog\/wp-json\/wp\/v2\/types\/post"}],"author":[{"embeddable":true,"href":"http:\/\/blogdalucianaoliveira.com.br\/blog\/wp-json\/wp\/v2\/users\/1"}],"replies":[{"embeddable":true,"href":"http:\/\/blogdalucianaoliveira.com.br\/blog\/wp-json\/wp\/v2\/comments?post=17999"}],"version-history":[{"count":3,"href":"http:\/\/blogdalucianaoliveira.com.br\/blog\/wp-json\/wp\/v2\/posts\/17999\/revisions"}],"predecessor-version":[{"id":18005,"href":"http:\/\/blogdalucianaoliveira.com.br\/blog\/wp-json\/wp\/v2\/posts\/17999\/revisions\/18005"}],"wp:featuredmedia":[{"embeddable":true,"href":"http:\/\/blogdalucianaoliveira.com.br\/blog\/wp-json\/wp\/v2\/media\/18004"}],"wp:attachment":[{"href":"http:\/\/blogdalucianaoliveira.com.br\/blog\/wp-json\/wp\/v2\/media?parent=17999"}],"wp:term":[{"taxonomy":"category","embeddable":true,"href":"http:\/\/blogdalucianaoliveira.com.br\/blog\/wp-json\/wp\/v2\/categories?post=17999"},{"taxonomy":"post_tag","embeddable":true,"href":"http:\/\/blogdalucianaoliveira.com.br\/blog\/wp-json\/wp\/v2\/tags?post=17999"}],"curies":[{"name":"wp","href":"https:\/\/api.w.org\/{rel}","templated":true}]}}