{"id":1800,"date":"2016-06-21T10:15:05","date_gmt":"2016-06-21T14:15:05","guid":{"rendered":"http:\/\/blogdalucianaoliveira.com.br\/blog\/?p=1800"},"modified":"2016-06-21T10:15:05","modified_gmt":"2016-06-21T14:15:05","slug":"e-preciso-luta-social-pra-combater-a-corrupcao-e-transformar-o-pais-diz-economista-em-evento-da-frente-brasil-popular-na-capital","status":"publish","type":"post","link":"http:\/\/blogdalucianaoliveira.com.br\/blog\/2016\/06\/21\/e-preciso-luta-social-pra-combater-a-corrupcao-e-transformar-o-pais-diz-economista-em-evento-da-frente-brasil-popular-na-capital\/","title":{"rendered":"\u201c\u00c9 preciso luta social pra combater a corrup\u00e7\u00e3o e transformar o pa\u00eds\u201d, diz economista em evento da Frente Brasil Popular na Capital"},"content":{"rendered":"<p><img data-recalc-dims=\"1\" loading=\"lazy\" decoding=\"async\" data-attachment-id=\"1801\" data-permalink=\"http:\/\/blogdalucianaoliveira.com.br\/blog\/2016\/06\/21\/e-preciso-luta-social-pra-combater-a-corrupcao-e-transformar-o-pais-diz-economista-em-evento-da-frente-brasil-popular-na-capital\/image-392\/\" data-orig-file=\"https:\/\/i0.wp.com\/blogdalucianaoliveira.com.br\/blog\/wp-content\/uploads\/2016\/06\/image-85.jpeg?fit=960%2C717\" data-orig-size=\"960,717\" data-comments-opened=\"0\" data-image-meta=\"{&quot;aperture&quot;:&quot;0&quot;,&quot;credit&quot;:&quot;&quot;,&quot;camera&quot;:&quot;&quot;,&quot;caption&quot;:&quot;&quot;,&quot;created_timestamp&quot;:&quot;0&quot;,&quot;copyright&quot;:&quot;&quot;,&quot;focal_length&quot;:&quot;0&quot;,&quot;iso&quot;:&quot;0&quot;,&quot;shutter_speed&quot;:&quot;0&quot;,&quot;title&quot;:&quot;&quot;,&quot;orientation&quot;:&quot;1&quot;}\" data-image-title=\"image\" data-image-description=\"\" data-image-caption=\"\" data-medium-file=\"https:\/\/i0.wp.com\/blogdalucianaoliveira.com.br\/blog\/wp-content\/uploads\/2016\/06\/image-85.jpeg?fit=300%2C224\" data-large-file=\"https:\/\/i0.wp.com\/blogdalucianaoliveira.com.br\/blog\/wp-content\/uploads\/2016\/06\/image-85.jpeg?fit=600%2C448\" src=\"https:\/\/i0.wp.com\/blogdalucianaoliveira.com.br\/blog\/wp-content\/uploads\/2016\/06\/image-85.jpeg?resize=600%2C448\" alt=\"image\" width=\"600\" height=\"448\" class=\"alignnone size-full wp-image-1801\" srcset=\"https:\/\/i0.wp.com\/blogdalucianaoliveira.com.br\/blog\/wp-content\/uploads\/2016\/06\/image-85.jpeg?w=960 960w, https:\/\/i0.wp.com\/blogdalucianaoliveira.com.br\/blog\/wp-content\/uploads\/2016\/06\/image-85.jpeg?resize=300%2C224 300w, https:\/\/i0.wp.com\/blogdalucianaoliveira.com.br\/blog\/wp-content\/uploads\/2016\/06\/image-85.jpeg?resize=768%2C574 768w, https:\/\/i0.wp.com\/blogdalucianaoliveira.com.br\/blog\/wp-content\/uploads\/2016\/06\/image-85.jpeg?resize=402%2C300 402w\" sizes=\"auto, (max-width: 600px) 100vw, 600px\" \/><\/p>\n<p>\u201cPol\u00edtica \u00e9 que nem feij\u00e3o. Se n\u00e3o tiver panela de press\u00e3o, n\u00e3o amolece\u201d, disse o presidente da Funda\u00e7\u00e3o Perseu Abramo, M\u00e1rcio Pochmann ao abrir a mesa de di\u00e1logos organizada pela Frente Brasil Popular de Rond\u00f4nia na noite desta segunda-feira na Faculdade Cat\u00f3lica de Rond\u00f4nia.<!--more--><\/p>\n<p>Autor de mais de 40 livros, o economista e doutor em Ci\u00eancia Econ\u00f4mica pela Universidade Estadual de Campinas discorreu sobre o tema: \u201cReflex\u00f5es sobre o atual Cen\u00e1rio Pol\u00edtico, Econ\u00f4mico e Social Brasileiro\u201d.<\/p>\n<p>O evento faz parte do Projeto \u201cMesa de Di\u00e1logos\u201d, promovido pela FCR e Frente Brasil Popular, cujo objetivo \u00e9 proporcionar momentos de di\u00e1logos acerca da realidade brasileira e os desafios vivenciados na atualidade, pois o conhecimento e debate destes desafios \u00e9 espa\u00e7o fecundo para a reflex\u00e3o e constru\u00e7\u00e3o de caminhos participativos. <\/p>\n<p>\u201cSem luta social n\u00e3o h\u00e1 mudan\u00e7a\u201d, por isso o foco principal da palestra de Pochmann \u00e9 a destacar a import\u00e2ncia da mobiliza\u00e7\u00e3o coletiva como forma de transformar o meio em todos os aspectos.<br \/>\nPara ele, com o advento das redes sociais, qualquer um pode e deve exercer o papel de protagonista das transforma\u00e7\u00f5es sociais, mas falta comprometimento. <\/p>\n<p><img data-recalc-dims=\"1\" loading=\"lazy\" decoding=\"async\" data-attachment-id=\"1802\" data-permalink=\"http:\/\/blogdalucianaoliveira.com.br\/blog\/2016\/06\/21\/e-preciso-luta-social-pra-combater-a-corrupcao-e-transformar-o-pais-diz-economista-em-evento-da-frente-brasil-popular-na-capital\/image-393\/\" data-orig-file=\"https:\/\/i0.wp.com\/blogdalucianaoliveira.com.br\/blog\/wp-content\/uploads\/2016\/06\/image-86.jpeg?fit=3264%2C2448\" data-orig-size=\"3264,2448\" data-comments-opened=\"0\" data-image-meta=\"{&quot;aperture&quot;:&quot;2.2&quot;,&quot;credit&quot;:&quot;&quot;,&quot;camera&quot;:&quot;iPhone 6&quot;,&quot;caption&quot;:&quot;&quot;,&quot;created_timestamp&quot;:&quot;1466451993&quot;,&quot;copyright&quot;:&quot;&quot;,&quot;focal_length&quot;:&quot;4.15&quot;,&quot;iso&quot;:&quot;125&quot;,&quot;shutter_speed&quot;:&quot;0.0333333333333&quot;,&quot;title&quot;:&quot;&quot;,&quot;orientation&quot;:&quot;1&quot;}\" data-image-title=\"image\" data-image-description=\"\" data-image-caption=\"\" data-medium-file=\"https:\/\/i0.wp.com\/blogdalucianaoliveira.com.br\/blog\/wp-content\/uploads\/2016\/06\/image-86.jpeg?fit=300%2C225\" data-large-file=\"https:\/\/i0.wp.com\/blogdalucianaoliveira.com.br\/blog\/wp-content\/uploads\/2016\/06\/image-86.jpeg?fit=600%2C450\" src=\"https:\/\/i0.wp.com\/blogdalucianaoliveira.com.br\/blog\/wp-content\/uploads\/2016\/06\/image-86.jpeg?resize=600%2C450\" alt=\"image\" width=\"600\" height=\"450\" class=\"alignnone size-full wp-image-1802\" srcset=\"https:\/\/i0.wp.com\/blogdalucianaoliveira.com.br\/blog\/wp-content\/uploads\/2016\/06\/image-86.jpeg?w=3264 3264w, https:\/\/i0.wp.com\/blogdalucianaoliveira.com.br\/blog\/wp-content\/uploads\/2016\/06\/image-86.jpeg?resize=300%2C225 300w, https:\/\/i0.wp.com\/blogdalucianaoliveira.com.br\/blog\/wp-content\/uploads\/2016\/06\/image-86.jpeg?resize=768%2C576 768w, https:\/\/i0.wp.com\/blogdalucianaoliveira.com.br\/blog\/wp-content\/uploads\/2016\/06\/image-86.jpeg?resize=1024%2C768 1024w, https:\/\/i0.wp.com\/blogdalucianaoliveira.com.br\/blog\/wp-content\/uploads\/2016\/06\/image-86.jpeg?resize=400%2C300 400w, https:\/\/i0.wp.com\/blogdalucianaoliveira.com.br\/blog\/wp-content\/uploads\/2016\/06\/image-86.jpeg?w=1200 1200w, https:\/\/i0.wp.com\/blogdalucianaoliveira.com.br\/blog\/wp-content\/uploads\/2016\/06\/image-86.jpeg?w=1800 1800w\" sizes=\"auto, (max-width: 600px) 100vw, 600px\" \/><\/p>\n<p>\u201cVivemos um momento importante pra democracia e no futuro, alguns se lembrar\u00e3o do quanto se esfor\u00e7aram para construir um pa\u00eds com menos privil\u00e9gios\u201d.<\/p>\n<p>A reorganiza\u00e7\u00e3o das pol\u00edticas p\u00fablicas contemplando plenamente a Constitui\u00e7\u00e3o Federal de 1988, de modo que inclua todos os brasileiros nas oportunidades geradas pela economia nacional \u00e9 o caminho, e a corrup\u00e7\u00e3o n\u00e3o s\u00f3 promove a desigualdade, mas impede o crescimento econ\u00f4mico no Brasil.<\/p>\n<p>\u00c9 a\u00ed que a participa\u00e7\u00e3o coletiva se torna indispens\u00e1vel, pois na press\u00e3o popular o Brasil mudou consideravelmente desde a redemocratiza\u00e7\u00e3o. S\u00f3 que a rela\u00e7\u00e3o do Estado com o mercado precisa ser reformada, segundo Pochmann, pois \u00e9 o que nos condena \u00e0 corrup\u00e7\u00e3o e inibe o desenvolvimento em todos os cen\u00e1rios.<\/p>\n<p>\u201cS\u00e3o as m\u00e1fias que dominam os or\u00e7amentos p\u00fablicos no munic\u00edpio, no governo estadual, no governo federal, na justi\u00e7a, no legislativo. Quem manda aqui na cidade? \u00c9 o prefeito democraticamente eleito ou \u00e9 a m\u00e1fia do lixo e do transporte coletivo? Aqui n\u00e3o \u00e9 assim?\u201d<\/p>\n<p>Com o audit\u00f3rio lotado, o evento encerrou com reflex\u00f5es coletivas que envolveram o meio acad\u00eamico e v\u00e1rios integrantes de movimentos sociais.  <\/p>\n<p>A Frente Brasil Popular tem uma extensa agenda de mobiliza\u00e7\u00f5es em todo o Estado no m\u00eas de junho que inclui outras mesas de di\u00e1logos e atos p\u00fablicos em defesa da democracia.<\/p>\n","protected":false},"excerpt":{"rendered":"<p>\u201cPol\u00edtica \u00e9 que nem feij\u00e3o. Se n\u00e3o tiver panela de press\u00e3o, n\u00e3o amolece\u201d, disse o presidente da Funda\u00e7\u00e3o Perseu Abramo, M\u00e1rcio Pochmann ao abrir a mesa de di\u00e1logos organizada pela Frente Brasil Popular de Rond\u00f4nia na noite desta segunda-feira na Faculdade Cat\u00f3lica de Rond\u00f4nia.<\/p>\n","protected":false},"author":1,"featured_media":0,"comment_status":"closed","ping_status":"open","sticky":false,"template":"","format":"standard","meta":{"_exactmetrics_skip_tracking":false,"_exactmetrics_sitenote_active":false,"_exactmetrics_sitenote_note":"","_exactmetrics_sitenote_category":0,"jetpack_post_was_ever_published":false,"_jetpack_newsletter_access":"","_jetpack_dont_email_post_to_subs":false,"_jetpack_newsletter_tier_id":0,"_jetpack_memberships_contains_paywalled_content":false,"_jetpack_memberships_contains_paid_content":false,"footnotes":"","jetpack_publicize_message":"","jetpack_publicize_feature_enabled":true,"jetpack_social_post_already_shared":true,"jetpack_social_options":{"image_generator_settings":{"template":"highway","enabled":false},"version":2}},"categories":[1],"tags":[],"class_list":["post-1800","post","type-post","status-publish","format-standard","hentry","category-notas"],"jetpack_publicize_connections":[],"jetpack_sharing_enabled":true,"jetpack_featured_media_url":"","jetpack_shortlink":"https:\/\/wp.me\/p7wKYW-t2","jetpack-related-posts":[],"_links":{"self":[{"href":"http:\/\/blogdalucianaoliveira.com.br\/blog\/wp-json\/wp\/v2\/posts\/1800","targetHints":{"allow":["GET"]}}],"collection":[{"href":"http:\/\/blogdalucianaoliveira.com.br\/blog\/wp-json\/wp\/v2\/posts"}],"about":[{"href":"http:\/\/blogdalucianaoliveira.com.br\/blog\/wp-json\/wp\/v2\/types\/post"}],"author":[{"embeddable":true,"href":"http:\/\/blogdalucianaoliveira.com.br\/blog\/wp-json\/wp\/v2\/users\/1"}],"replies":[{"embeddable":true,"href":"http:\/\/blogdalucianaoliveira.com.br\/blog\/wp-json\/wp\/v2\/comments?post=1800"}],"version-history":[{"count":2,"href":"http:\/\/blogdalucianaoliveira.com.br\/blog\/wp-json\/wp\/v2\/posts\/1800\/revisions"}],"predecessor-version":[{"id":1804,"href":"http:\/\/blogdalucianaoliveira.com.br\/blog\/wp-json\/wp\/v2\/posts\/1800\/revisions\/1804"}],"wp:attachment":[{"href":"http:\/\/blogdalucianaoliveira.com.br\/blog\/wp-json\/wp\/v2\/media?parent=1800"}],"wp:term":[{"taxonomy":"category","embeddable":true,"href":"http:\/\/blogdalucianaoliveira.com.br\/blog\/wp-json\/wp\/v2\/categories?post=1800"},{"taxonomy":"post_tag","embeddable":true,"href":"http:\/\/blogdalucianaoliveira.com.br\/blog\/wp-json\/wp\/v2\/tags?post=1800"}],"curies":[{"name":"wp","href":"https:\/\/api.w.org\/{rel}","templated":true}]}}