{"id":18006,"date":"2018-05-14T09:35:48","date_gmt":"2018-05-14T13:35:48","guid":{"rendered":"http:\/\/blogdalucianaoliveira.com.br\/blog\/?p=18006"},"modified":"2018-05-14T09:35:48","modified_gmt":"2018-05-14T13:35:48","slug":"brasil-vai-pedir-acesso-a-documentos-da-cia-sobre-ditadura-militar","status":"publish","type":"post","link":"http:\/\/blogdalucianaoliveira.com.br\/blog\/2018\/05\/14\/brasil-vai-pedir-acesso-a-documentos-da-cia-sobre-ditadura-militar\/","title":{"rendered":"Brasil vai pedir acesso a documentos da CIA sobre ditadura militar"},"content":{"rendered":"<p><img data-recalc-dims=\"1\" loading=\"lazy\" decoding=\"async\" data-attachment-id=\"18007\" data-permalink=\"http:\/\/blogdalucianaoliveira.com.br\/blog\/2018\/05\/14\/brasil-vai-pedir-acesso-a-documentos-da-cia-sobre-ditadura-militar\/cida-2\/\" data-orig-file=\"https:\/\/i0.wp.com\/blogdalucianaoliveira.com.br\/blog\/wp-content\/uploads\/2018\/05\/cida.jpg?fit=696%2C390\" data-orig-size=\"696,390\" data-comments-opened=\"0\" data-image-meta=\"{&quot;aperture&quot;:&quot;0&quot;,&quot;credit&quot;:&quot;&quot;,&quot;camera&quot;:&quot;&quot;,&quot;caption&quot;:&quot;&quot;,&quot;created_timestamp&quot;:&quot;0&quot;,&quot;copyright&quot;:&quot;&quot;,&quot;focal_length&quot;:&quot;0&quot;,&quot;iso&quot;:&quot;0&quot;,&quot;shutter_speed&quot;:&quot;0&quot;,&quot;title&quot;:&quot;&quot;,&quot;orientation&quot;:&quot;1&quot;}\" data-image-title=\"cida\" data-image-description=\"\" data-image-caption=\"\" data-medium-file=\"https:\/\/i0.wp.com\/blogdalucianaoliveira.com.br\/blog\/wp-content\/uploads\/2018\/05\/cida.jpg?fit=300%2C168\" data-large-file=\"https:\/\/i0.wp.com\/blogdalucianaoliveira.com.br\/blog\/wp-content\/uploads\/2018\/05\/cida.jpg?fit=600%2C336\" class=\"alignnone size-full wp-image-18007\" src=\"https:\/\/i0.wp.com\/blogdalucianaoliveira.com.br\/blog\/wp-content\/uploads\/2018\/05\/cida.jpg?resize=600%2C336\" alt=\"cida\" width=\"600\" height=\"336\" srcset=\"https:\/\/i0.wp.com\/blogdalucianaoliveira.com.br\/blog\/wp-content\/uploads\/2018\/05\/cida.jpg?w=696 696w, https:\/\/i0.wp.com\/blogdalucianaoliveira.com.br\/blog\/wp-content\/uploads\/2018\/05\/cida.jpg?resize=300%2C168 300w, https:\/\/i0.wp.com\/blogdalucianaoliveira.com.br\/blog\/wp-content\/uploads\/2018\/05\/cida.jpg?resize=535%2C300 535w\" sizes=\"auto, (max-width: 600px) 100vw, 600px\" \/><\/p>\n<p>No Blog Da Cidadania, por Eduardo Guimar\u00e3es, O\u00a0Minist\u00e9rio das Rela\u00e7\u00f5es Exteriores\u00a0vai pedir ao governo dos\u00a0Estados Unidos\u00a0a libera\u00e7\u00e3o dos documentos produzidos pela\u00a0CIA\u00a0sobre a\u00a0ditadura militar\u00a0no Brasil. O ministro das Rela\u00e7\u00f5es Exteriores,\u00a0Aloysio Nunes\u00a0(PSDB), instruiu a embaixada brasileira em Washington, nos EUA, a solicitar a libera\u00e7\u00e3o completa dos registros sobre esse tema.<!--more--><\/p>\n<p>A medida \u00e9 em resposta \u00e0 solicita\u00e7\u00e3o do Instituto Vladimir Herzog, que enviou uma carta na \u00faltima sexta-feira (11) ao Itamaraty pedindo que o governo federal solicitasse a libera\u00e7\u00e3o dos documentos que registram a participa\u00e7\u00e3o de agentes do Estado brasileiro em a\u00e7\u00f5es de tortura ou assassinato de opositores do regime.<\/p>\n<p>A carta \u00e9 assinada por Ivo Herzog, filho do jornalista\u00a0Vladimir Herzog, morto durante a ditadura. Na \u00e9poca, o Ex\u00e9rcito divulgou a vers\u00e3o de que o jornalista teria cometido suic\u00eddio na pris\u00e3o.<\/p>\n<p>Documentos que vieram a p\u00fablico, na semana passada, mostram novos fatos sobre a participa\u00e7\u00e3o do Estado na execu\u00e7\u00e3o e tortura de opositores da ditadura. De acordo com registros da CIA, os generais\u00a0Ernesto Geisel, presidente do Brasil \u00e0 \u00e9poca, e\u00a0Jo\u00e3o Figueiredo, ent\u00e3o diretor do Servi\u00e7o Nacional de Informa\u00e7\u00f5es (SNI), e que assumiu a Presid\u00eancia da Rep\u00fablica depois de Geisel, sabiam e concordaram com execu\u00e7\u00e3o sum\u00e1ria de \u201cinimigos\u201d da ditadura militar no Brasil.<\/p>\n<p>Tamb\u00e9m participaram da reuni\u00e3o em que Geisel foi informado da pol\u00edtica de execu\u00e7\u00e3o, os generais Milton Tavares de Souza, ent\u00e3o comandante do Centro de Intelig\u00eancia do Ex\u00e9rcito (CIE) e seu sucessor, Conf\u00facio Avelino.<\/p>\n","protected":false},"excerpt":{"rendered":"<p>No Blog Da Cidadania, por Eduardo Guimar\u00e3es, O\u00a0Minist\u00e9rio das Rela\u00e7\u00f5es Exteriores\u00a0vai pedir ao governo dos\u00a0Estados Unidos\u00a0a libera\u00e7\u00e3o dos documentos produzidos pela\u00a0CIA\u00a0sobre a\u00a0ditadura militar\u00a0no Brasil. O ministro das Rela\u00e7\u00f5es Exteriores,\u00a0Aloysio Nunes\u00a0(PSDB), instruiu a embaixada brasileira em Washington, nos EUA, a solicitar a libera\u00e7\u00e3o completa dos registros sobre esse tema.<\/p>\n","protected":false},"author":1,"featured_media":0,"comment_status":"closed","ping_status":"open","sticky":false,"template":"","format":"standard","meta":{"_exactmetrics_skip_tracking":false,"_exactmetrics_sitenote_active":false,"_exactmetrics_sitenote_note":"","_exactmetrics_sitenote_category":0,"jetpack_post_was_ever_published":false,"_jetpack_newsletter_access":"","_jetpack_dont_email_post_to_subs":false,"_jetpack_newsletter_tier_id":0,"_jetpack_memberships_contains_paywalled_content":false,"_jetpack_memberships_contains_paid_content":false,"footnotes":"","jetpack_publicize_message":"","jetpack_publicize_feature_enabled":true,"jetpack_social_post_already_shared":true,"jetpack_social_options":{"image_generator_settings":{"template":"highway","enabled":false},"version":2}},"categories":[1],"tags":[],"class_list":["post-18006","post","type-post","status-publish","format-standard","hentry","category-notas"],"jetpack_publicize_connections":[],"jetpack_sharing_enabled":true,"jetpack_featured_media_url":"","jetpack_shortlink":"https:\/\/wp.me\/p7wKYW-4Gq","jetpack-related-posts":[],"_links":{"self":[{"href":"http:\/\/blogdalucianaoliveira.com.br\/blog\/wp-json\/wp\/v2\/posts\/18006","targetHints":{"allow":["GET"]}}],"collection":[{"href":"http:\/\/blogdalucianaoliveira.com.br\/blog\/wp-json\/wp\/v2\/posts"}],"about":[{"href":"http:\/\/blogdalucianaoliveira.com.br\/blog\/wp-json\/wp\/v2\/types\/post"}],"author":[{"embeddable":true,"href":"http:\/\/blogdalucianaoliveira.com.br\/blog\/wp-json\/wp\/v2\/users\/1"}],"replies":[{"embeddable":true,"href":"http:\/\/blogdalucianaoliveira.com.br\/blog\/wp-json\/wp\/v2\/comments?post=18006"}],"version-history":[{"count":1,"href":"http:\/\/blogdalucianaoliveira.com.br\/blog\/wp-json\/wp\/v2\/posts\/18006\/revisions"}],"predecessor-version":[{"id":18008,"href":"http:\/\/blogdalucianaoliveira.com.br\/blog\/wp-json\/wp\/v2\/posts\/18006\/revisions\/18008"}],"wp:attachment":[{"href":"http:\/\/blogdalucianaoliveira.com.br\/blog\/wp-json\/wp\/v2\/media?parent=18006"}],"wp:term":[{"taxonomy":"category","embeddable":true,"href":"http:\/\/blogdalucianaoliveira.com.br\/blog\/wp-json\/wp\/v2\/categories?post=18006"},{"taxonomy":"post_tag","embeddable":true,"href":"http:\/\/blogdalucianaoliveira.com.br\/blog\/wp-json\/wp\/v2\/tags?post=18006"}],"curies":[{"name":"wp","href":"https:\/\/api.w.org\/{rel}","templated":true}]}}