{"id":18018,"date":"2018-05-14T16:11:10","date_gmt":"2018-05-14T20:11:10","guid":{"rendered":"http:\/\/blogdalucianaoliveira.com.br\/blog\/?p=18018"},"modified":"2018-05-14T16:36:32","modified_gmt":"2018-05-14T20:36:32","slug":"nao-cola-confucio-se-fazer-de-morto-com-desmantelo-na-caerd","status":"publish","type":"post","link":"http:\/\/blogdalucianaoliveira.com.br\/blog\/2018\/05\/14\/nao-cola-confucio-se-fazer-de-morto-com-desmantelo-na-caerd\/","title":{"rendered":"N\u00c3O COLA CONF\u00daCIO SE FAZER DE MORTO COM DESMANTELO NA CAERD"},"content":{"rendered":"<p><img data-recalc-dims=\"1\" loading=\"lazy\" decoding=\"async\" data-attachment-id=\"18021\" data-permalink=\"http:\/\/blogdalucianaoliveira.com.br\/blog\/2018\/05\/14\/nao-cola-confucio-se-fazer-de-morto-com-desmantelo-na-caerd\/anha\/\" data-orig-file=\"https:\/\/i0.wp.com\/blogdalucianaoliveira.com.br\/blog\/wp-content\/uploads\/2018\/05\/anha.jpg?fit=710%2C430\" data-orig-size=\"710,430\" data-comments-opened=\"0\" data-image-meta=\"{&quot;aperture&quot;:&quot;0&quot;,&quot;credit&quot;:&quot;&quot;,&quot;camera&quot;:&quot;&quot;,&quot;caption&quot;:&quot;&quot;,&quot;created_timestamp&quot;:&quot;0&quot;,&quot;copyright&quot;:&quot;&quot;,&quot;focal_length&quot;:&quot;0&quot;,&quot;iso&quot;:&quot;0&quot;,&quot;shutter_speed&quot;:&quot;0&quot;,&quot;title&quot;:&quot;&quot;,&quot;orientation&quot;:&quot;0&quot;}\" data-image-title=\"anha\" data-image-description=\"\" data-image-caption=\"\" data-medium-file=\"https:\/\/i0.wp.com\/blogdalucianaoliveira.com.br\/blog\/wp-content\/uploads\/2018\/05\/anha.jpg?fit=300%2C182\" data-large-file=\"https:\/\/i0.wp.com\/blogdalucianaoliveira.com.br\/blog\/wp-content\/uploads\/2018\/05\/anha.jpg?fit=600%2C363\" class=\"alignnone size-full wp-image-18021\" src=\"https:\/\/i0.wp.com\/blogdalucianaoliveira.com.br\/blog\/wp-content\/uploads\/2018\/05\/anha.jpg?resize=600%2C363\" alt=\"anha\" width=\"600\" height=\"363\" srcset=\"https:\/\/i0.wp.com\/blogdalucianaoliveira.com.br\/blog\/wp-content\/uploads\/2018\/05\/anha.jpg?w=710 710w, https:\/\/i0.wp.com\/blogdalucianaoliveira.com.br\/blog\/wp-content\/uploads\/2018\/05\/anha.jpg?resize=300%2C182 300w, https:\/\/i0.wp.com\/blogdalucianaoliveira.com.br\/blog\/wp-content\/uploads\/2018\/05\/anha.jpg?resize=495%2C300 495w\" sizes=\"auto, (max-width: 600px) 100vw, 600px\" \/><\/p>\n<p>H\u00e1 muito, alguns articulistas da imprensa tradicional se dedicam a contar a est\u00f3ria da crise da Companhia de \u00c1guas e Esgotos de Rond\u00f4nia \u2013 CAERD, sob o mesmo foco: a de que a culpa \u00e9 da gest\u00e3o compartilhada, dos empregados e do Sindicato dos Urbanit\u00e1rios, o Sindur.<!--more--><\/p>\n<p>S\u00f3 que n\u00e3o d\u00e1 para manipular ou omitir fatos de forma t\u00e3o descarada.<\/p>\n<p>E menos ainda, ap\u00f3s senten\u00e7a do \u00faltimo dia 09, em Reclama\u00e7\u00e3o Trabalhista movida pelo sindicato contra a CAERD.<\/p>\n<p><img data-recalc-dims=\"1\" loading=\"lazy\" decoding=\"async\" data-attachment-id=\"18028\" data-permalink=\"http:\/\/blogdalucianaoliveira.com.br\/blog\/2018\/05\/14\/nao-cola-confucio-se-fazer-de-morto-com-desmantelo-na-caerd\/32e65384-fa1d-40c4-921e-9db004a16128\/\" data-orig-file=\"https:\/\/i0.wp.com\/blogdalucianaoliveira.com.br\/blog\/wp-content\/uploads\/2018\/05\/32E65384-FA1D-40C4-921E-9DB004A16128.jpeg?fit=750%2C1118\" data-orig-size=\"750,1118\" data-comments-opened=\"0\" data-image-meta=\"{&quot;aperture&quot;:&quot;0&quot;,&quot;credit&quot;:&quot;&quot;,&quot;camera&quot;:&quot;&quot;,&quot;caption&quot;:&quot;&quot;,&quot;created_timestamp&quot;:&quot;0&quot;,&quot;copyright&quot;:&quot;&quot;,&quot;focal_length&quot;:&quot;0&quot;,&quot;iso&quot;:&quot;0&quot;,&quot;shutter_speed&quot;:&quot;0&quot;,&quot;title&quot;:&quot;&quot;,&quot;orientation&quot;:&quot;0&quot;}\" data-image-title=\"32E65384-FA1D-40C4-921E-9DB004A16128\" data-image-description=\"\" data-image-caption=\"\" data-medium-file=\"https:\/\/i0.wp.com\/blogdalucianaoliveira.com.br\/blog\/wp-content\/uploads\/2018\/05\/32E65384-FA1D-40C4-921E-9DB004A16128.jpeg?fit=201%2C300\" data-large-file=\"https:\/\/i0.wp.com\/blogdalucianaoliveira.com.br\/blog\/wp-content\/uploads\/2018\/05\/32E65384-FA1D-40C4-921E-9DB004A16128.jpeg?fit=600%2C894\" src=\"https:\/\/i0.wp.com\/blogdalucianaoliveira.com.br\/blog\/wp-content\/uploads\/2018\/05\/32E65384-FA1D-40C4-921E-9DB004A16128.jpeg?resize=600%2C894\" alt=\"32E65384-FA1D-40C4-921E-9DB004A16128\" width=\"600\" height=\"894\" class=\"alignnone size-full wp-image-18028\" srcset=\"https:\/\/i0.wp.com\/blogdalucianaoliveira.com.br\/blog\/wp-content\/uploads\/2018\/05\/32E65384-FA1D-40C4-921E-9DB004A16128.jpeg?w=750 750w, https:\/\/i0.wp.com\/blogdalucianaoliveira.com.br\/blog\/wp-content\/uploads\/2018\/05\/32E65384-FA1D-40C4-921E-9DB004A16128.jpeg?resize=201%2C300 201w, https:\/\/i0.wp.com\/blogdalucianaoliveira.com.br\/blog\/wp-content\/uploads\/2018\/05\/32E65384-FA1D-40C4-921E-9DB004A16128.jpeg?resize=687%2C1024 687w\" sizes=\"auto, (max-width: 600px) 100vw, 600px\" \/><\/p>\n<p>Em seu relat\u00f3rio a ju\u00edza Luzinalia de Souza Moraes, deixa claro que o que levou a empresa ao esgotamento financeiro foi o \u201cinchamento da folha de pagamento com os cargos comissionados e com o implemento de despesas al\u00e9m da sua capacidade arrecadat\u00f3ria. A t\u00edtulo de exemplo, cita-se a contrata\u00e7\u00e3o de v\u00e1rios escrit\u00f3rios de advocacia para atuar nas a\u00e7\u00f5es de cumprimento que est\u00e3o sendo ajuizadas, sendo que a mat\u00e9ria \u00e9 basicamente de direito e n\u00e3o reclama grandes debates jur\u00eddicos, o que resulta em despesas consider\u00e1veis com o pagamento de honor\u00e1rios advocat\u00edcios.\u201d<\/p>\n<p>N\u00e3o colou o argumento da reclamada de que n\u00e3o tem culpa por deixar empregados passando fome sem sal\u00e1rios h\u00e1 cinco meses.<\/p>\n<p>\u201cAduziu que a empresa passa por crise financeira, que teria sido originada a partir da gest\u00e3o compartilhada com o Sindicato autor e perdurou at\u00e9 o in\u00edcio do Governo Conf\u00facio Moura, quando a empresa passou a ser gerida por uma Diretoria nomeada; que ao longo da gest\u00e3o compartilhada o foco da empresa foi o pagamento de sal\u00e1rios e direitos adquiridos pelos empregados, tendo sido relegadas para segundo plano outras d\u00edvidas como contribui\u00e7\u00f5es sociais incidentes sobre folha de pagamento e d\u00edvidas com a Eletrobras, que acabaram resultando em d\u00edvidas volumosas.\u201d<\/p>\n<p>Em s\u00edntese, a conclus\u00e3o da ju\u00edza \u00e9 simples.<\/p>\n<p>Se a Caerd n\u00e3o pode pagar sal\u00e1rios atrasados por crise supostamente iniciada na gest\u00e3o compartilhada\u00a0 h\u00e1 quase duas d\u00e9cada, por que pediram em 2017 e a Assembleia Legislativa autorizou a cria\u00e7\u00e3o de 48 novos cargos comissionados?<\/p>\n<p>Detalhe: um ano ap\u00f3s ter sido declarada a inconstitucionalidade da contrata\u00e7\u00e3o do dobro de cargos.<\/p>\n<p>Leia mensagem de Conf\u00facio:\u00a0<a href=\"file:\/\/\/C:\/Users\/Luciana\/Pictures\/caerd.pdf\">file:\/\/\/C:\/Users\/Luciana\/Pictures\/caerd.pdf<\/a><\/p>\n<p>A CAERD vai suportar o desmantelo que Conf\u00facio e Iacira provocaram.<\/p>\n<p>\u201cPARCIALMENTE PROCEDENTES os pedidos contidos na reclama\u00e7\u00e3o trabalhista n.\u00ba 0000815-86.2017.5.14.0006, proposta por SINDICATO DOS URBANIT\u00c1RIOS DO ESTADO DE ROND\u00d4NIA em desfavor de COMPANHIA DE \u00c1GUA E ESGOTO DE ROND\u00d4NIA &#8211; CAERD, para condenar esta ao pagamento de a) indeniza\u00e7\u00e3o por danos morais coletivos; b) e ao cumprimento da obriga\u00e7\u00e3o de efetuar o pagamento dos sal\u00e1rios dos empregados sem atraso, conforme determina o art. 459 da CLT. Para garantia da quita\u00e7\u00e3o dos sal\u00e1rios dos meses de janeiro a abril\/2018, determino o bloqueio da arrecada\u00e7\u00e3o di\u00e1ria da empresa (percentual de 65%) junto \u00e0s institui\u00e7\u00f5es financeiras Banco do Brasil S\/A, Caixa Econ\u00f4mica Federal e Banco Bradesco S\/A.\u201d<\/p>\n<p>Na senten\u00e7a a ju\u00edza destaca:<\/p>\n<p>\u201cNeste sentido, a quest\u00e3o relativa \u00e0 crise financeira vivenciada pela Reclamada, inclusive, j\u00e1 foi apreciada pelo Tribunal Superior do Trabalho nos autos do Processo n\u00ba 0000212-50.2016.5.14.0000, tendo aquela respeit\u00e1vel Corte se pronunciado nos seguintes termos: &#8220;(&#8230;) Conquanto a farta documenta\u00e7\u00e3o juntada aos autos possa demonstrar a atual situa\u00e7\u00e3o de dificuldade financeira da suscitada, um dos atributos da rela\u00e7\u00e3o de emprego, no que concerne ao empregador, consiste exatamente na assun\u00e7\u00e3o dos riscos do empreendimento, n\u00e3o se podendo admitir que, mesmo em tempos de crise econ\u00f4mica, os empregados sejam sacrificados, e que os seus sal\u00e1rios sofram o desgaste que a infla\u00e7\u00e3o acarreta.\u201d<\/p>\n<p>Senten\u00e7a completa aqui:\u00a0<a href=\"file:\/\/\/C:\/Users\/Luciana\/Downloads\/Sentenc__a%20815.pdf\">file:\/\/\/C:\/Users\/Luciana\/Downloads\/Sentenc__a%20815.pdf<\/a><\/p>\n<p>N\u00e3o adianta, portanto, o ex-governador se fazer de morto.<\/p>\n<p>Foi ele quem colocou e deixou como peso morto na presid\u00eancia a tal Iacira Azamor, in\u00fatil e inc\u00f4moda nos \u00faltimos quatro anos.<\/p>\n<p>\u00c9 justo que seja cobrado pela desgra\u00e7a financeira e operacional que se abateu sobre a CAERD e que consequentemente, afetou a qualidade de um servi\u00e7o essencial \u00e0 popula\u00e7\u00e3o.<\/p>\n<p><img data-recalc-dims=\"1\" loading=\"lazy\" decoding=\"async\" data-attachment-id=\"18020\" data-permalink=\"http:\/\/blogdalucianaoliveira.com.br\/blog\/2018\/05\/14\/nao-cola-confucio-se-fazer-de-morto-com-desmantelo-na-caerd\/iacira\/\" data-orig-file=\"https:\/\/i0.wp.com\/blogdalucianaoliveira.com.br\/blog\/wp-content\/uploads\/2018\/05\/iacira.jpg?fit=700%2C466\" data-orig-size=\"700,466\" data-comments-opened=\"0\" data-image-meta=\"{&quot;aperture&quot;:&quot;0&quot;,&quot;credit&quot;:&quot;&quot;,&quot;camera&quot;:&quot;&quot;,&quot;caption&quot;:&quot;&quot;,&quot;created_timestamp&quot;:&quot;0&quot;,&quot;copyright&quot;:&quot;&quot;,&quot;focal_length&quot;:&quot;0&quot;,&quot;iso&quot;:&quot;0&quot;,&quot;shutter_speed&quot;:&quot;0&quot;,&quot;title&quot;:&quot;&quot;,&quot;orientation&quot;:&quot;1&quot;}\" data-image-title=\"iacira\" data-image-description=\"\" data-image-caption=\"\" data-medium-file=\"https:\/\/i0.wp.com\/blogdalucianaoliveira.com.br\/blog\/wp-content\/uploads\/2018\/05\/iacira.jpg?fit=300%2C200\" data-large-file=\"https:\/\/i0.wp.com\/blogdalucianaoliveira.com.br\/blog\/wp-content\/uploads\/2018\/05\/iacira.jpg?fit=600%2C399\" class=\"alignnone size-full wp-image-18020\" src=\"https:\/\/i0.wp.com\/blogdalucianaoliveira.com.br\/blog\/wp-content\/uploads\/2018\/05\/iacira.jpg?resize=600%2C399\" alt=\"iacira\" width=\"600\" height=\"399\" srcset=\"https:\/\/i0.wp.com\/blogdalucianaoliveira.com.br\/blog\/wp-content\/uploads\/2018\/05\/iacira.jpg?w=700 700w, https:\/\/i0.wp.com\/blogdalucianaoliveira.com.br\/blog\/wp-content\/uploads\/2018\/05\/iacira.jpg?resize=300%2C200 300w, https:\/\/i0.wp.com\/blogdalucianaoliveira.com.br\/blog\/wp-content\/uploads\/2018\/05\/iacira.jpg?resize=451%2C300 451w\" sizes=\"auto, (max-width: 600px) 100vw, 600px\" \/><\/p>\n<p>\u201cAo contr\u00e1rio, o que se verifica \u00e9 o total descaso da atual Diretoria, notadamente demonstrado pela sua Presidente, a Sra Iacira Terezinha R. de Azamor, que utiliza a alega\u00e7\u00e3o de crise financeira para n\u00e3o efetuar o pagamento de sal\u00e1rios dos empregados, no entanto, prioriza o pagamento de outras despesas em detrimento dos sal\u00e1rios, inclusive priorizando o pagamento de uns trabalhadores em rela\u00e7\u00e3o a outros\u201d, enfatizou a ju\u00edza em seu relat\u00f3rio.<\/p>\n<p>O ex-governador que \u00e9 m\u00e9dico negou o al\u00edvio. Dois dias antes de sair, nomeou como um placebo a respons\u00e1vel pela piora da empresa para dar in\u00edcio ao seu processo de liquida\u00e7\u00e3o e venda.<\/p>\n<p><img data-recalc-dims=\"1\" loading=\"lazy\" decoding=\"async\" data-attachment-id=\"18019\" data-permalink=\"http:\/\/blogdalucianaoliveira.com.br\/blog\/2018\/05\/14\/nao-cola-confucio-se-fazer-de-morto-com-desmantelo-na-caerd\/dectet\/\" data-orig-file=\"https:\/\/i0.wp.com\/blogdalucianaoliveira.com.br\/blog\/wp-content\/uploads\/2018\/05\/dectet.jpg?fit=700%2C497\" data-orig-size=\"700,497\" data-comments-opened=\"0\" data-image-meta=\"{&quot;aperture&quot;:&quot;0&quot;,&quot;credit&quot;:&quot;&quot;,&quot;camera&quot;:&quot;&quot;,&quot;caption&quot;:&quot;&quot;,&quot;created_timestamp&quot;:&quot;0&quot;,&quot;copyright&quot;:&quot;&quot;,&quot;focal_length&quot;:&quot;0&quot;,&quot;iso&quot;:&quot;0&quot;,&quot;shutter_speed&quot;:&quot;0&quot;,&quot;title&quot;:&quot;&quot;,&quot;orientation&quot;:&quot;1&quot;}\" data-image-title=\"dectet\" data-image-description=\"\" data-image-caption=\"\" data-medium-file=\"https:\/\/i0.wp.com\/blogdalucianaoliveira.com.br\/blog\/wp-content\/uploads\/2018\/05\/dectet.jpg?fit=300%2C213\" data-large-file=\"https:\/\/i0.wp.com\/blogdalucianaoliveira.com.br\/blog\/wp-content\/uploads\/2018\/05\/dectet.jpg?fit=600%2C426\" class=\"alignnone size-full wp-image-18019\" src=\"https:\/\/i0.wp.com\/blogdalucianaoliveira.com.br\/blog\/wp-content\/uploads\/2018\/05\/dectet.jpg?resize=600%2C426\" alt=\"dectet\" width=\"600\" height=\"426\" srcset=\"https:\/\/i0.wp.com\/blogdalucianaoliveira.com.br\/blog\/wp-content\/uploads\/2018\/05\/dectet.jpg?w=700 700w, https:\/\/i0.wp.com\/blogdalucianaoliveira.com.br\/blog\/wp-content\/uploads\/2018\/05\/dectet.jpg?resize=300%2C213 300w, https:\/\/i0.wp.com\/blogdalucianaoliveira.com.br\/blog\/wp-content\/uploads\/2018\/05\/dectet.jpg?resize=423%2C300 423w\" sizes=\"auto, (max-width: 600px) 100vw, 600px\" \/><\/p>\n<p>Com a ren\u00fancia de Conf\u00facio para disputar vaga ao Senado, coube ao que assumiu o governo, Daniel Pereira, aplicar a ressuscita\u00e7\u00e3o pol\u00edtico-financeira da CAERD.<\/p>\n<p>Como primeiro ato, num s\u00e1bado, o governador socialista se reuniu com a dire\u00e7\u00e3o do Sindur para restabelecer o di\u00e1logo e acabar com a agonia.<\/p>\n<p>O \u2018Fora Iacira\u2019, enfim, ocorreu na \u00faltima quinta-feira (10) e devolveu a gest\u00e3o\u00a0aos empregados que agora lutam para recuperar a imagem da empresa e a confian\u00e7a dos usu\u00e1rios.<\/p>\n<p>N\u00e3o ser\u00e1 nada f\u00e1cil para os empregados, para o sindicato da categoria e nem para o governador<\/p>\n<p>Daniel Pereira ter\u00e1 m\u00edseros oito meses para fechar as contas do antecessor.<\/p>\n<p>Com rela\u00e7\u00e3o \u00e0 CAERD, destaque-se o d\u00e9ficit de investimento com a perda de mais de 700 milh\u00f5es em recursos garantidos pelo Minist\u00e9rio das Cidades ao Programa de Acelera\u00e7\u00e3o do Crescimento, o PAC.<\/p>\n<p>Leia sobre isso aqui:<a href=\"http:\/\/www.tudorondonia.com\/noticias\/estado-perde-r-700-milhoes-e-capital-fica-sem-obras-de-esgoto-e-agua-tratada,569.shtml\">http:\/\/www.tudorondonia.com\/noticias\/estado-perde-r-700-milhoes-e-capital-fica-sem-obras-de-esgoto-e-agua-tratada,569.shtml<\/a><\/p>\n<p>A realidade pode ser ainda mais grave, porque s\u00f3 agora os empregados ter\u00e3o acesso pleno a informa\u00e7\u00f5es importantes da empresa.<\/p>\n<p>Sem Iacira, ser\u00e1 como um teste de geofonia que detecta vazamentos na rede distribui\u00e7\u00e3o de \u00e1gua somente quando a cidade dorme.<\/p>\n<p>&nbsp;<\/p>\n","protected":false},"excerpt":{"rendered":"<p>H\u00e1 muito, alguns articulistas da imprensa tradicional se dedicam a contar a est\u00f3ria da crise da Companhia de \u00c1guas e Esgotos de Rond\u00f4nia \u2013 CAERD, sob o mesmo foco: a de que a culpa \u00e9 da gest\u00e3o compartilhada, dos empregados e do Sindicato dos Urbanit\u00e1rios, o Sindur.<\/p>\n","protected":false},"author":1,"featured_media":0,"comment_status":"closed","ping_status":"open","sticky":false,"template":"","format":"standard","meta":{"_exactmetrics_skip_tracking":false,"_exactmetrics_sitenote_active":false,"_exactmetrics_sitenote_note":"","_exactmetrics_sitenote_category":0,"jetpack_post_was_ever_published":false,"_jetpack_newsletter_access":"","_jetpack_dont_email_post_to_subs":false,"_jetpack_newsletter_tier_id":0,"_jetpack_memberships_contains_paywalled_content":false,"_jetpack_memberships_contains_paid_content":false,"footnotes":"","jetpack_publicize_message":"","jetpack_publicize_feature_enabled":true,"jetpack_social_post_already_shared":true,"jetpack_social_options":{"image_generator_settings":{"template":"highway","enabled":false},"version":2}},"categories":[1],"tags":[],"class_list":["post-18018","post","type-post","status-publish","format-standard","hentry","category-notas"],"jetpack_publicize_connections":[],"jetpack_sharing_enabled":true,"jetpack_featured_media_url":"","jetpack_shortlink":"https:\/\/wp.me\/p7wKYW-4GC","jetpack-related-posts":[],"_links":{"self":[{"href":"http:\/\/blogdalucianaoliveira.com.br\/blog\/wp-json\/wp\/v2\/posts\/18018","targetHints":{"allow":["GET"]}}],"collection":[{"href":"http:\/\/blogdalucianaoliveira.com.br\/blog\/wp-json\/wp\/v2\/posts"}],"about":[{"href":"http:\/\/blogdalucianaoliveira.com.br\/blog\/wp-json\/wp\/v2\/types\/post"}],"author":[{"embeddable":true,"href":"http:\/\/blogdalucianaoliveira.com.br\/blog\/wp-json\/wp\/v2\/users\/1"}],"replies":[{"embeddable":true,"href":"http:\/\/blogdalucianaoliveira.com.br\/blog\/wp-json\/wp\/v2\/comments?post=18018"}],"version-history":[{"count":4,"href":"http:\/\/blogdalucianaoliveira.com.br\/blog\/wp-json\/wp\/v2\/posts\/18018\/revisions"}],"predecessor-version":[{"id":18029,"href":"http:\/\/blogdalucianaoliveira.com.br\/blog\/wp-json\/wp\/v2\/posts\/18018\/revisions\/18029"}],"wp:attachment":[{"href":"http:\/\/blogdalucianaoliveira.com.br\/blog\/wp-json\/wp\/v2\/media?parent=18018"}],"wp:term":[{"taxonomy":"category","embeddable":true,"href":"http:\/\/blogdalucianaoliveira.com.br\/blog\/wp-json\/wp\/v2\/categories?post=18018"},{"taxonomy":"post_tag","embeddable":true,"href":"http:\/\/blogdalucianaoliveira.com.br\/blog\/wp-json\/wp\/v2\/tags?post=18018"}],"curies":[{"name":"wp","href":"https:\/\/api.w.org\/{rel}","templated":true}]}}