{"id":18026,"date":"2018-05-14T16:23:08","date_gmt":"2018-05-14T20:23:08","guid":{"rendered":"http:\/\/blogdalucianaoliveira.com.br\/blog\/?p=18026"},"modified":"2018-05-14T16:23:08","modified_gmt":"2018-05-14T20:23:08","slug":"mpf-cinco-instituicoes-recomendam-que-governo-de-rondonia-sancione-lei-que-cria-conselho-lgbtt","status":"publish","type":"post","link":"http:\/\/blogdalucianaoliveira.com.br\/blog\/2018\/05\/14\/mpf-cinco-instituicoes-recomendam-que-governo-de-rondonia-sancione-lei-que-cria-conselho-lgbtt\/","title":{"rendered":"MPF: Cinco institui\u00e7\u00f5es recomendam que governo de Rond\u00f4nia sancione lei que cria Conselho LGBTT"},"content":{"rendered":"<p><img data-recalc-dims=\"1\" loading=\"lazy\" decoding=\"async\" data-attachment-id=\"17824\" data-permalink=\"http:\/\/blogdalucianaoliveira.com.br\/blog\/2018\/05\/02\/governador-promete-pensar-sobre-sancao-a-projeto-do-executivo-que-cria-conselho-lgbt-aprovado-na-assembleia\/lgb\/\" data-orig-file=\"https:\/\/i0.wp.com\/blogdalucianaoliveira.com.br\/blog\/wp-content\/uploads\/2018\/05\/lgb.jpg?fit=1080%2C810\" data-orig-size=\"1080,810\" data-comments-opened=\"0\" data-image-meta=\"{&quot;aperture&quot;:&quot;0&quot;,&quot;credit&quot;:&quot;&quot;,&quot;camera&quot;:&quot;&quot;,&quot;caption&quot;:&quot;&quot;,&quot;created_timestamp&quot;:&quot;0&quot;,&quot;copyright&quot;:&quot;&quot;,&quot;focal_length&quot;:&quot;0&quot;,&quot;iso&quot;:&quot;0&quot;,&quot;shutter_speed&quot;:&quot;0&quot;,&quot;title&quot;:&quot;&quot;,&quot;orientation&quot;:&quot;0&quot;}\" data-image-title=\"lgb\" data-image-description=\"\" data-image-caption=\"\" data-medium-file=\"https:\/\/i0.wp.com\/blogdalucianaoliveira.com.br\/blog\/wp-content\/uploads\/2018\/05\/lgb.jpg?fit=300%2C225\" data-large-file=\"https:\/\/i0.wp.com\/blogdalucianaoliveira.com.br\/blog\/wp-content\/uploads\/2018\/05\/lgb.jpg?fit=600%2C450\" class=\"alignnone size-full wp-image-17824\" src=\"https:\/\/i0.wp.com\/blogdalucianaoliveira.com.br\/blog\/wp-content\/uploads\/2018\/05\/lgb.jpg?resize=600%2C450\" alt=\"lgb\" width=\"600\" height=\"450\" srcset=\"https:\/\/i0.wp.com\/blogdalucianaoliveira.com.br\/blog\/wp-content\/uploads\/2018\/05\/lgb.jpg?w=1080 1080w, https:\/\/i0.wp.com\/blogdalucianaoliveira.com.br\/blog\/wp-content\/uploads\/2018\/05\/lgb.jpg?resize=300%2C225 300w, https:\/\/i0.wp.com\/blogdalucianaoliveira.com.br\/blog\/wp-content\/uploads\/2018\/05\/lgb.jpg?resize=768%2C576 768w, https:\/\/i0.wp.com\/blogdalucianaoliveira.com.br\/blog\/wp-content\/uploads\/2018\/05\/lgb.jpg?resize=1024%2C768 1024w, https:\/\/i0.wp.com\/blogdalucianaoliveira.com.br\/blog\/wp-content\/uploads\/2018\/05\/lgb.jpg?resize=400%2C300 400w\" sizes=\"auto, (max-width: 600px) 100vw, 600px\" \/><\/p>\n<div>MPF, MPRO, OAB, Defensoria P\u00fablica e Associa\u00e7\u00e3o dos Defensores P\u00fablicos do Estado orientam que governo sancione Projeto de Lei que foi encaminhado \u00e0 Assembleia pelo pr\u00f3prio governo<\/div>\n<p><!--more--><\/p>\n<div><\/div>\n<div>\n<p class=\"m_3710691928757649488western\" align=\"justify\">Do MPF &#8211; O governo de Rond\u00f4nia recebeu uma\u00a0<a class=\"m_3710691928757649488external-link\" title=\"\" href=\"http:\/\/www.mpf.mp.br\/ro\/atuacao\/cidadania\/copy_of_cidadania\/2018\/recomendacao-conjunta-criacao-do-conselho-lgbtt\" target=\"_blank\" rel=\"noopener\" data-saferedirecturl=\"https:\/\/www.google.com\/url?hl=pt-BR&amp;q=http:\/\/www.mpf.mp.br\/ro\/atuacao\/cidadania\/copy_of_cidadania\/2018\/recomendacao-conjunta-criacao-do-conselho-lgbtt&amp;source=gmail&amp;ust=1526412442392000&amp;usg=AFQjCNFncVHqYEZVn3UmarC8KCHD8SyyZg\">recomenda\u00e7\u00e3o<\/a>\u00a0para\u00a0sancionar\u00a0o Projeto de Lei 845\/2017, que cria o Conselho Estadual de Pol\u00edticas P\u00fablicas e Direitos Humanos para a popula\u00e7\u00e3o de LGBTT (L\u00e9sbicas, Gays, Bissexuais, Travestis, Transexuais e Transg\u00eaneros). O texto da lei j\u00e1 foi aprovado pela Assembleia Legislativa\u00a0e\u00a0aguarda\u00a0ser sancionado pelo governador.<\/p>\n<div class=\"code-block code-block-1\">\n<div>\n<p class=\"m_3710691928757649488western\" align=\"justify\">O\u00a0PL 845\/2017 \u00e9\u00a0de autoria do\u00a0pr\u00f3prio\u00a0Governo do Estado de Rond\u00f4nia,\u00a0que o encaminhou\u00a0\u00e0 Assembleia Legislativa em 12 de dezembro de 2017\u00a0para aprecia\u00e7\u00e3o.\u00a0Ap\u00f3s o PL ser aprovado pela Poder Legislativo, surgiram\u00a0informa\u00e7\u00f5es\u00a0e not\u00edcias jornal\u00edsticas\u00a0de que o atual governador de Rond\u00f4nia vetaria\u00a0a nova lei\u00a0em raz\u00e3o de press\u00f5es exercidas por setores conservadores, principalmente alinhados a igrejas evang\u00e9licas.<\/p>\n<p class=\"m_3710691928757649488western\" align=\"justify\">Minist\u00e9rio P\u00fablico Federal (MPF), Minist\u00e9rio P\u00fablico do Estado (MPRO), Ordem dos Advogados do Brasil (OAB), Defensoria P\u00fablica da Uni\u00e3o (DPU) e Associa\u00e7\u00e3o dos Defensores P\u00fablicos do Estado (Amdepro)\u00a0argumentam que o governo de Rond\u00f4nia n\u00e3o pode agir contraditoriamente e vetar um projeto de lei que ele mesmo prop\u00f4s \u00e0 Assembleia Legislativa. Segundo\u00a0as institui\u00e7\u00f5es, ao agir de forma contradit\u00f3ria, o governo pode causar instabilidade nas rela\u00e7\u00f5es jur\u00eddicas e contrariar\u00a0o princ\u00edpio da confian\u00e7a leg\u00edtima e o princ\u00edpio da boa-f\u00e9.<\/p>\n<p class=\"m_3710691928757649488western\" align=\"justify\">Consta tamb\u00e9m na recomenda\u00e7\u00e3o que a homofobia \u00e9 definida pelo \u00f3dio preconceito, repugn\u00e2ncia e discrimina\u00e7\u00e3o\u00a0contra homossexuais e minorias sexuais (bissexuais, transexuais, transg\u00eaneros e intersexuais). As institui\u00e7\u00f5es apontam que em Rond\u00f4nia n\u00e3o existem pol\u00edticas p\u00fablicas voltadas para esta popula\u00e7\u00e3o e h\u00e1 tamb\u00e9m diversos crimes violentos, inclusive assassinatos motivados por discrimina\u00e7\u00e3o.<\/p>\n<p class=\"m_3710691928757649488western\" align=\"justify\">A recomenda\u00e7\u00e3o tamb\u00e9m relembra que a Constitui\u00e7\u00e3o Federal estabeleceu que \u201ctodos s\u00e3o iguais perante a lei, sem distin\u00e7\u00e3o de qualquer natureza\u201d e que \u00e9 dever do poder p\u00fablico prevenir a viol\u00eancia e a discrimina\u00e7\u00e3o em raz\u00e3o de orienta\u00e7\u00e3o sexual e identidade de g\u00eanero.<\/p>\n<p class=\"m_3710691928757649488western\" align=\"justify\">\u201cUma sociedade pluralista e democr\u00e1tica deve respeitar a identidade sexual e de g\u00eanero de toda pessoa, pertencente ou n\u00e3o a uma minoria. O Estado brasileiro \u00e9 um Estado laico e \u00e9 incompat\u00edvel a n\u00e3o consecu\u00e7\u00e3o (conquista) de direitos fundamentais e pol\u00edticas p\u00fablicas a grupos minorit\u00e1rios, sob pretextos de cren\u00e7a e religi\u00e3o\u201d, apontam as institui\u00e7\u00f5es.<\/p>\n<p class=\"m_3710691928757649488western\" align=\"justify\">Desde 2010, o Brasil possui o Conselho Nacional de Combate \u00e0 Discrimina\u00e7\u00e3o, na Secretaria de Direitos Humanos da Presid\u00eancia da Rep\u00fablica. Esse Conselho tem por finalidade, dentre outras, formular e propor diretrizes de a\u00e7\u00e3o governamental nacional voltadas para o combate \u00e0 discrimina\u00e7\u00e3o e para a promo\u00e7\u00e3o e defesa dos direitos da popula\u00e7\u00e3o LGBTT. O Projeto de Lei 845\/2017 aprovado pela Assembleia Legislativa tamb\u00e9m possui essa finalidade,\u00a0sendo\u00a0em n\u00edvel estadual.<\/p>\n<p class=\"m_3710691928757649488western\" align=\"justify\"><b>Em caso de veto<\/b>\u00a0\u2013 A recomenda\u00e7\u00e3o tamb\u00e9m foi endere\u00e7ada \u00e0 Mesa Diretora da Assembleia Legislativa para que, em caso de veto do governador, derrube o veto com base no princ\u00edpio jur\u00eddico da proibi\u00e7\u00e3o de comportamento contradit\u00f3rio por parte do Poder P\u00fablico.<\/p>\n<p class=\"m_3710691928757649488western\" align=\"justify\">Assinaram a recomenda\u00e7\u00e3o o procurador da Rep\u00fablica Raphael Bevilaqua; o presidente da OAB\/RO, Andrey Cavalcante; a defensora p\u00fablica estadual e presidente da Amdepro, Silmara Borghelot; a promotora de Justi\u00e7a Priscila Matzenbacher; e o defensor p\u00fablico federal Welmo Rodrigues.<\/p>\n<p>Assessoria de Comunica\u00e7\u00e3o Social<br \/>\nMinist\u00e9rio P\u00fablico Federal em Rond\u00f4nia<\/p>\n<\/div>\n<\/div>\n<\/div>\n","protected":false},"excerpt":{"rendered":"<p>MPF, MPRO, OAB, Defensoria P\u00fablica e Associa\u00e7\u00e3o dos Defensores P\u00fablicos do Estado orientam que governo sancione Projeto de Lei que foi encaminhado \u00e0 Assembleia pelo pr\u00f3prio governo<\/p>\n","protected":false},"author":1,"featured_media":0,"comment_status":"closed","ping_status":"open","sticky":false,"template":"","format":"standard","meta":{"_exactmetrics_skip_tracking":false,"_exactmetrics_sitenote_active":false,"_exactmetrics_sitenote_note":"","_exactmetrics_sitenote_category":0,"jetpack_post_was_ever_published":false,"_jetpack_newsletter_access":"","_jetpack_dont_email_post_to_subs":false,"_jetpack_newsletter_tier_id":0,"_jetpack_memberships_contains_paywalled_content":false,"_jetpack_memberships_contains_paid_content":false,"footnotes":"","jetpack_publicize_message":"","jetpack_publicize_feature_enabled":true,"jetpack_social_post_already_shared":true,"jetpack_social_options":{"image_generator_settings":{"template":"highway","enabled":false},"version":2}},"categories":[1],"tags":[],"class_list":["post-18026","post","type-post","status-publish","format-standard","hentry","category-notas"],"jetpack_publicize_connections":[],"jetpack_sharing_enabled":true,"jetpack_featured_media_url":"","jetpack_shortlink":"https:\/\/wp.me\/p7wKYW-4GK","jetpack-related-posts":[],"_links":{"self":[{"href":"http:\/\/blogdalucianaoliveira.com.br\/blog\/wp-json\/wp\/v2\/posts\/18026","targetHints":{"allow":["GET"]}}],"collection":[{"href":"http:\/\/blogdalucianaoliveira.com.br\/blog\/wp-json\/wp\/v2\/posts"}],"about":[{"href":"http:\/\/blogdalucianaoliveira.com.br\/blog\/wp-json\/wp\/v2\/types\/post"}],"author":[{"embeddable":true,"href":"http:\/\/blogdalucianaoliveira.com.br\/blog\/wp-json\/wp\/v2\/users\/1"}],"replies":[{"embeddable":true,"href":"http:\/\/blogdalucianaoliveira.com.br\/blog\/wp-json\/wp\/v2\/comments?post=18026"}],"version-history":[{"count":1,"href":"http:\/\/blogdalucianaoliveira.com.br\/blog\/wp-json\/wp\/v2\/posts\/18026\/revisions"}],"predecessor-version":[{"id":18027,"href":"http:\/\/blogdalucianaoliveira.com.br\/blog\/wp-json\/wp\/v2\/posts\/18026\/revisions\/18027"}],"wp:attachment":[{"href":"http:\/\/blogdalucianaoliveira.com.br\/blog\/wp-json\/wp\/v2\/media?parent=18026"}],"wp:term":[{"taxonomy":"category","embeddable":true,"href":"http:\/\/blogdalucianaoliveira.com.br\/blog\/wp-json\/wp\/v2\/categories?post=18026"},{"taxonomy":"post_tag","embeddable":true,"href":"http:\/\/blogdalucianaoliveira.com.br\/blog\/wp-json\/wp\/v2\/tags?post=18026"}],"curies":[{"name":"wp","href":"https:\/\/api.w.org\/{rel}","templated":true}]}}