{"id":18033,"date":"2018-05-15T09:31:22","date_gmt":"2018-05-15T13:31:22","guid":{"rendered":"http:\/\/blogdalucianaoliveira.com.br\/blog\/?p=18033"},"modified":"2018-05-15T09:31:22","modified_gmt":"2018-05-15T13:31:22","slug":"a-ameaca-do-pacote-do-veneno","status":"publish","type":"post","link":"http:\/\/blogdalucianaoliveira.com.br\/blog\/2018\/05\/15\/a-ameaca-do-pacote-do-veneno\/","title":{"rendered":"A amea\u00e7a do &#8220;Pacote do Veneno&#8221;"},"content":{"rendered":"<p><img data-recalc-dims=\"1\" loading=\"lazy\" decoding=\"async\" data-attachment-id=\"18034\" data-permalink=\"http:\/\/blogdalucianaoliveira.com.br\/blog\/2018\/05\/15\/a-ameaca-do-pacote-do-veneno\/agrot\/\" data-orig-file=\"https:\/\/i0.wp.com\/blogdalucianaoliveira.com.br\/blog\/wp-content\/uploads\/2018\/05\/agrot.jpg?fit=275%2C184\" data-orig-size=\"275,184\" data-comments-opened=\"0\" data-image-meta=\"{&quot;aperture&quot;:&quot;0&quot;,&quot;credit&quot;:&quot;&quot;,&quot;camera&quot;:&quot;&quot;,&quot;caption&quot;:&quot;&quot;,&quot;created_timestamp&quot;:&quot;0&quot;,&quot;copyright&quot;:&quot;&quot;,&quot;focal_length&quot;:&quot;0&quot;,&quot;iso&quot;:&quot;0&quot;,&quot;shutter_speed&quot;:&quot;0&quot;,&quot;title&quot;:&quot;&quot;,&quot;orientation&quot;:&quot;0&quot;}\" data-image-title=\"agrot\" data-image-description=\"\" data-image-caption=\"\" data-medium-file=\"https:\/\/i0.wp.com\/blogdalucianaoliveira.com.br\/blog\/wp-content\/uploads\/2018\/05\/agrot.jpg?fit=275%2C184\" data-large-file=\"https:\/\/i0.wp.com\/blogdalucianaoliveira.com.br\/blog\/wp-content\/uploads\/2018\/05\/agrot.jpg?fit=275%2C184\" src=\"https:\/\/i0.wp.com\/blogdalucianaoliveira.com.br\/blog\/wp-content\/uploads\/2018\/05\/agrot.jpg?resize=275%2C184\" alt=\"agrot\" width=\"275\" height=\"184\" class=\"alignnone size-full wp-image-18034\" \/><\/p>\n<p>Do Humanitas Unisinos &#8211; No momento em que a China amplia o rigor para o trato com o meio ambiente, o Brasil afrouxa as regras para a ind\u00fastria de agrot\u00f3xicos.<!--more--><\/p>\n<p>O artigo \u00e9 de Rui Daher, criador e consultor da Biocampo Desenvolvimento Agr\u00edcola, publicado por CartaCapital, 15-05-2018.<\/p>\n<p>Projeto prop\u00f5e um ano para registro de novos agroqu\u00edmicos, mesmo se proibidos fora do Brasil.<\/p>\n<p>Eis o artigo.<br \/>\nFazendo uso do Congresso Nacional, onde a maioria dos deputados e senadores atua de forma fisiol\u00f3gica e de acordo com interesses pessoais, Judici\u00e1rio que bate cabe\u00e7as em rococ\u00f3s v\u00e1rios, e m\u00eddia garantidora do acordo secular de elites, o governo ileg\u00edtimo de Michel Temer tenta nos iludir com firulas mentirosas de que o Pa\u00eds melhorou e vai bem.<\/p>\n<p>Conforme demonstram as pesquisas de opini\u00e3o at\u00e9 aqui divulgadas, convencem apenas parcela \u00ednfima da popula\u00e7\u00e3o, at\u00e9 a p\u00e1gina 5, digamos.<\/p>\n<p>Treze milh\u00f5es de desempregados; aumento p\u00edfio do PIB no 1\u00ba trimestre, carregado pelo peso agropecu\u00e1rio, pois ind\u00fastria, com\u00e9rcio e servi\u00e7os n\u00e3o financeiros permanecem estagnados; Selic caindo e spreads e taxas de servi\u00e7os banc\u00e1rios subindo, a ponto de os lucros dos cinco principais bancos (concentra\u00e7\u00e3o), no 1\u00ba trimestre, terem aumentado perto de 15% (para 17 bilh\u00f5es de reais) sobre o mesmo per\u00edodo do ano anterior; ajudou terem demitido 2.200 funcion\u00e1rios.<\/p>\n<p>Dados da Funda\u00e7\u00e3o Get\u00falio Vargas (FGV) apontam 7,7 milh\u00f5es de d\u00e9ficit de moradias no pa\u00eds, com as decorr\u00eancias tr\u00e1gicas conhecidas. Do IBGE, a Pnad Cont\u00ednua mostra um aumento de 11% na pobreza extrema, para 14,8 milh\u00f5es de pessoas.<\/p>\n<p>Adicione-se algo ainda mais terr\u00edvel e resultado dos fatos antes narrados, a que leitores e leitoras, se preocupados com pa\u00eds mais justo, poderiam apontar v\u00e1rios outros: contadas como \u201ccrian\u00e7as mortas at\u00e9 um ano por mil nascidas vivas\u201d, que havia ca\u00eddo, entre os anos 2000 e 2015, de 26,1 para 12,4 (53%), a partir de 2016, segundo o Minist\u00e9rio da Sa\u00fade, voltou a ter tend\u00eancia crescente.<\/p>\n<p>Afinal, foi isso o que voc\u00eas pediram eles fizeram? Para tais resultados? Ainda mais: mostraram-se verdadeira quadrilha em cafofos apaniguados por Pol\u00edcia Federal, Minist\u00e9rio P\u00fablico e inst\u00e2ncias superiores do Judici\u00e1rio.<\/p>\n<p>Agem livres, leves e soltos, como agora, com o \u201cPacote do Veneno\u201d, do deputado federal Luiz Nishimori (PR-PR), e seu Projeto de Lei 3.200\/2015 que pede mais rapidez no registro de agrot\u00f3xicos no pa\u00eds. Ou seja, pede coxas no lugar de profundidade e seguran\u00e7a.<\/p>\n<p>O que Nishimori prop\u00f5e \u00e9 um prazo de um ano (hoje em dia, s\u00e3o tr\u00eas) at\u00e9 a aprova\u00e7\u00e3o e o registro das novas mol\u00e9culas agroqu\u00edmicas, n\u00e3o importando se proibidas fora do Brasil. H\u00e1 falta de t\u00e9cnicos e recursos para tempo t\u00e3o curto das pesquisas.<\/p>\n<p>Depois, babau, poder\u00e3o ser comercializadas e usadas.<\/p>\n<p>Nosso deputado paranaense fala em \u201cregistro provis\u00f3rio\u201d. Faz me chorar. Todo o provis\u00f3rio no Brasil, se para o mal, \u00e9 definitivo, se para o bem, \u00e9 cortado. No caso, estariam suprimidos os poderes decis\u00f3rios de ANVISA e IBAMA.<\/p>\n<p>Isso, num momento em que a China amplia o rigor para o trato com o meio ambiente. O fechamento de f\u00e1bricas irregulares de glifosato, por exemplo, reduz a oferta para exporta\u00e7\u00e3o do veneno e aumenta seus pre\u00e7os. A medida pode ser boa para as agora irm\u00e3s Bayer e Monsanto, mas n\u00e3o para o produtor brasileiro. A China faz o que o planeta sempre cobrou dela. Nosso agroneg\u00f3cio pede o contr\u00e1rio.<\/p>\n<p>Enquanto a porca tenta esticar o rabo, coloca-se as mais s\u00e9rias restri\u00e7\u00f5es aos controladores biol\u00f3gicos ou biodefensivos, capazes de substituir ou, pelo menos, diminuir o uso das mol\u00e9culas qu\u00edmicas. Permitidos com a regulamenta\u00e7\u00e3o da Lei de Org\u00e2nicos, s\u00e3o de forma jocosa chamados de \u201ccaseiros\u201d e geram preocupa\u00e7\u00e3o entre as associa\u00e7\u00f5es da Federa\u00e7\u00e3o de Corpora\u00e7\u00f5es.<\/p>\n<p>Um dos l\u00edderes mundiais no consumo de agrot\u00f3xicos, quem preocupado em ter seu mercado invadido pelos \u201ccaseiros\u201d?<\/p>\n","protected":false},"excerpt":{"rendered":"<p>Do Humanitas Unisinos &#8211; No momento em que a China amplia o rigor para o trato com o meio ambiente, o Brasil afrouxa as regras para a ind\u00fastria de agrot\u00f3xicos.<\/p>\n","protected":false},"author":1,"featured_media":0,"comment_status":"closed","ping_status":"open","sticky":false,"template":"","format":"standard","meta":{"_exactmetrics_skip_tracking":false,"_exactmetrics_sitenote_active":false,"_exactmetrics_sitenote_note":"","_exactmetrics_sitenote_category":0,"jetpack_post_was_ever_published":false,"_jetpack_newsletter_access":"","_jetpack_dont_email_post_to_subs":false,"_jetpack_newsletter_tier_id":0,"_jetpack_memberships_contains_paywalled_content":false,"_jetpack_memberships_contains_paid_content":false,"footnotes":"","jetpack_publicize_message":"","jetpack_publicize_feature_enabled":true,"jetpack_social_post_already_shared":true,"jetpack_social_options":{"image_generator_settings":{"template":"highway","enabled":false},"version":2}},"categories":[1],"tags":[],"class_list":["post-18033","post","type-post","status-publish","format-standard","hentry","category-notas"],"jetpack_publicize_connections":[],"jetpack_sharing_enabled":true,"jetpack_featured_media_url":"","jetpack_shortlink":"https:\/\/wp.me\/p7wKYW-4GR","jetpack-related-posts":[],"_links":{"self":[{"href":"http:\/\/blogdalucianaoliveira.com.br\/blog\/wp-json\/wp\/v2\/posts\/18033","targetHints":{"allow":["GET"]}}],"collection":[{"href":"http:\/\/blogdalucianaoliveira.com.br\/blog\/wp-json\/wp\/v2\/posts"}],"about":[{"href":"http:\/\/blogdalucianaoliveira.com.br\/blog\/wp-json\/wp\/v2\/types\/post"}],"author":[{"embeddable":true,"href":"http:\/\/blogdalucianaoliveira.com.br\/blog\/wp-json\/wp\/v2\/users\/1"}],"replies":[{"embeddable":true,"href":"http:\/\/blogdalucianaoliveira.com.br\/blog\/wp-json\/wp\/v2\/comments?post=18033"}],"version-history":[{"count":1,"href":"http:\/\/blogdalucianaoliveira.com.br\/blog\/wp-json\/wp\/v2\/posts\/18033\/revisions"}],"predecessor-version":[{"id":18035,"href":"http:\/\/blogdalucianaoliveira.com.br\/blog\/wp-json\/wp\/v2\/posts\/18033\/revisions\/18035"}],"wp:attachment":[{"href":"http:\/\/blogdalucianaoliveira.com.br\/blog\/wp-json\/wp\/v2\/media?parent=18033"}],"wp:term":[{"taxonomy":"category","embeddable":true,"href":"http:\/\/blogdalucianaoliveira.com.br\/blog\/wp-json\/wp\/v2\/categories?post=18033"},{"taxonomy":"post_tag","embeddable":true,"href":"http:\/\/blogdalucianaoliveira.com.br\/blog\/wp-json\/wp\/v2\/tags?post=18033"}],"curies":[{"name":"wp","href":"https:\/\/api.w.org\/{rel}","templated":true}]}}