{"id":18045,"date":"2018-05-15T10:56:13","date_gmt":"2018-05-15T14:56:13","guid":{"rendered":"http:\/\/blogdalucianaoliveira.com.br\/blog\/?p=18045"},"modified":"2018-05-15T10:56:13","modified_gmt":"2018-05-15T14:56:13","slug":"ministerio-dos-direitos-humanos-instala-iluminacao-especial-na-semana-de-luta-contra-lgbtfobia","status":"publish","type":"post","link":"http:\/\/blogdalucianaoliveira.com.br\/blog\/2018\/05\/15\/ministerio-dos-direitos-humanos-instala-iluminacao-especial-na-semana-de-luta-contra-lgbtfobia\/","title":{"rendered":"Minist\u00e9rio dos Direitos Humanos instala ilumina\u00e7\u00e3o especial na semana de luta contra LGBTfobia"},"content":{"rendered":"<p><img data-recalc-dims=\"1\" loading=\"lazy\" decoding=\"async\" data-attachment-id=\"18046\" data-permalink=\"http:\/\/blogdalucianaoliveira.com.br\/blog\/2018\/05\/15\/ministerio-dos-direitos-humanos-instala-iluminacao-especial-na-semana-de-luta-contra-lgbtfobia\/color\/\" data-orig-file=\"https:\/\/i0.wp.com\/blogdalucianaoliveira.com.br\/blog\/wp-content\/uploads\/2018\/05\/color.jpg?fit=777%2C1024\" data-orig-size=\"777,1024\" data-comments-opened=\"0\" data-image-meta=\"{&quot;aperture&quot;:&quot;0&quot;,&quot;credit&quot;:&quot;&quot;,&quot;camera&quot;:&quot;&quot;,&quot;caption&quot;:&quot;&quot;,&quot;created_timestamp&quot;:&quot;0&quot;,&quot;copyright&quot;:&quot;&quot;,&quot;focal_length&quot;:&quot;0&quot;,&quot;iso&quot;:&quot;0&quot;,&quot;shutter_speed&quot;:&quot;0&quot;,&quot;title&quot;:&quot;&quot;,&quot;orientation&quot;:&quot;0&quot;}\" data-image-title=\"color\" data-image-description=\"\" data-image-caption=\"\" data-medium-file=\"https:\/\/i0.wp.com\/blogdalucianaoliveira.com.br\/blog\/wp-content\/uploads\/2018\/05\/color.jpg?fit=228%2C300\" data-large-file=\"https:\/\/i0.wp.com\/blogdalucianaoliveira.com.br\/blog\/wp-content\/uploads\/2018\/05\/color.jpg?fit=600%2C791\" src=\"https:\/\/i0.wp.com\/blogdalucianaoliveira.com.br\/blog\/wp-content\/uploads\/2018\/05\/color.jpg?resize=600%2C791\" alt=\"color\" width=\"600\" height=\"791\" class=\"alignnone size-full wp-image-18046\" srcset=\"https:\/\/i0.wp.com\/blogdalucianaoliveira.com.br\/blog\/wp-content\/uploads\/2018\/05\/color.jpg?w=777 777w, https:\/\/i0.wp.com\/blogdalucianaoliveira.com.br\/blog\/wp-content\/uploads\/2018\/05\/color.jpg?resize=228%2C300 228w, https:\/\/i0.wp.com\/blogdalucianaoliveira.com.br\/blog\/wp-content\/uploads\/2018\/05\/color.jpg?resize=768%2C1012 768w\" sizes=\"auto, (max-width: 600px) 100vw, 600px\" \/><\/p>\n<p>Do MDH &#8211; O bloco A da Esplanada dos Minist\u00e9rio, onde fica o Minist\u00e9rio dos Direitos Humanos, \u00e9 iluminado de um modo in\u00e9dito na semana de luta contra a LGBTfobia. Desde a noite dessa segunda-feira (14), quem passa pelo local v\u00ea as cores do arco-\u00edris dando destaque ao edif\u00edcio.<!--more--><\/p>\n<p>O ministro dos Direitos Humanos, Gustavo Rocha, frisa a import\u00e2ncia desta semana para as pessoas LGBT. \u201cCertos passos j\u00e1 foram dados, mas ainda \u00e9 preciso que avancemos na luta pela garantia dos direitos humanos para todos\u201d, afirma.<\/p>\n<p>Para a diretora de Promo\u00e7\u00e3o dos Direitos LGBT, Marina Reidel, o ato representa um s\u00edmbolo. \u201cA visibilidade da popula\u00e7\u00e3o de LGBT \u00e9 imprescind\u00edvel para o avan\u00e7o de pol\u00edticas p\u00fablicas que garantam todos os nossos direitos fundamentais\u201d, destaca.<\/p>\n<p>Nesta semana, o Minist\u00e9rio dos Direitos Humanos promove diversos semin\u00e1rios, assembleias, plen\u00e1rias e pain\u00e9is e atividades culturais. Para a pr\u00f3xima quarta-feira (16), est\u00e1 previsto o lan\u00e7amento do Pacto Nacional de Enfrentamento \u00e0 LGBTfobia. Nele, estados, Distrito Federal e o governo federal assumem o compromisso conjunto de enfrentar a viol\u00eancia LGBTf\u00f3bica.<\/p>\n","protected":false},"excerpt":{"rendered":"<p>Do MDH &#8211; O bloco A da Esplanada dos Minist\u00e9rio, onde fica o Minist\u00e9rio dos Direitos Humanos, \u00e9 iluminado de um modo in\u00e9dito na semana de luta contra a LGBTfobia. Desde a noite dessa segunda-feira (14), quem passa pelo local v\u00ea as cores do arco-\u00edris dando destaque ao edif\u00edcio.<\/p>\n","protected":false},"author":1,"featured_media":0,"comment_status":"closed","ping_status":"open","sticky":false,"template":"","format":"standard","meta":{"_exactmetrics_skip_tracking":false,"_exactmetrics_sitenote_active":false,"_exactmetrics_sitenote_note":"","_exactmetrics_sitenote_category":0,"jetpack_post_was_ever_published":false,"_jetpack_newsletter_access":"","_jetpack_dont_email_post_to_subs":false,"_jetpack_newsletter_tier_id":0,"_jetpack_memberships_contains_paywalled_content":false,"_jetpack_memberships_contains_paid_content":false,"footnotes":"","jetpack_publicize_message":"","jetpack_publicize_feature_enabled":true,"jetpack_social_post_already_shared":true,"jetpack_social_options":{"image_generator_settings":{"template":"highway","enabled":false},"version":2}},"categories":[1],"tags":[],"class_list":["post-18045","post","type-post","status-publish","format-standard","hentry","category-notas"],"jetpack_publicize_connections":[],"jetpack_sharing_enabled":true,"jetpack_featured_media_url":"","jetpack_shortlink":"https:\/\/wp.me\/p7wKYW-4H3","jetpack-related-posts":[],"_links":{"self":[{"href":"http:\/\/blogdalucianaoliveira.com.br\/blog\/wp-json\/wp\/v2\/posts\/18045","targetHints":{"allow":["GET"]}}],"collection":[{"href":"http:\/\/blogdalucianaoliveira.com.br\/blog\/wp-json\/wp\/v2\/posts"}],"about":[{"href":"http:\/\/blogdalucianaoliveira.com.br\/blog\/wp-json\/wp\/v2\/types\/post"}],"author":[{"embeddable":true,"href":"http:\/\/blogdalucianaoliveira.com.br\/blog\/wp-json\/wp\/v2\/users\/1"}],"replies":[{"embeddable":true,"href":"http:\/\/blogdalucianaoliveira.com.br\/blog\/wp-json\/wp\/v2\/comments?post=18045"}],"version-history":[{"count":1,"href":"http:\/\/blogdalucianaoliveira.com.br\/blog\/wp-json\/wp\/v2\/posts\/18045\/revisions"}],"predecessor-version":[{"id":18047,"href":"http:\/\/blogdalucianaoliveira.com.br\/blog\/wp-json\/wp\/v2\/posts\/18045\/revisions\/18047"}],"wp:attachment":[{"href":"http:\/\/blogdalucianaoliveira.com.br\/blog\/wp-json\/wp\/v2\/media?parent=18045"}],"wp:term":[{"taxonomy":"category","embeddable":true,"href":"http:\/\/blogdalucianaoliveira.com.br\/blog\/wp-json\/wp\/v2\/categories?post=18045"},{"taxonomy":"post_tag","embeddable":true,"href":"http:\/\/blogdalucianaoliveira.com.br\/blog\/wp-json\/wp\/v2\/tags?post=18045"}],"curies":[{"name":"wp","href":"https:\/\/api.w.org\/{rel}","templated":true}]}}