{"id":1805,"date":"2016-06-21T10:51:41","date_gmt":"2016-06-21T14:51:41","guid":{"rendered":"http:\/\/blogdalucianaoliveira.com.br\/blog\/?p=1805"},"modified":"2016-06-21T10:51:41","modified_gmt":"2016-06-21T14:51:41","slug":"toma-que-o-filho-teu","status":"publish","type":"post","link":"http:\/\/blogdalucianaoliveira.com.br\/blog\/2016\/06\/21\/toma-que-o-filho-teu\/","title":{"rendered":"Toma que o filho teu!"},"content":{"rendered":"<p><img data-recalc-dims=\"1\" loading=\"lazy\" decoding=\"async\" data-attachment-id=\"1806\" data-permalink=\"http:\/\/blogdalucianaoliveira.com.br\/blog\/2016\/06\/21\/toma-que-o-filho-teu\/image-394\/\" data-orig-file=\"https:\/\/i0.wp.com\/blogdalucianaoliveira.com.br\/blog\/wp-content\/uploads\/2016\/06\/image-87.jpeg?fit=960%2C868\" data-orig-size=\"960,868\" data-comments-opened=\"0\" data-image-meta=\"{&quot;aperture&quot;:&quot;0&quot;,&quot;credit&quot;:&quot;&quot;,&quot;camera&quot;:&quot;&quot;,&quot;caption&quot;:&quot;&quot;,&quot;created_timestamp&quot;:&quot;0&quot;,&quot;copyright&quot;:&quot;&quot;,&quot;focal_length&quot;:&quot;0&quot;,&quot;iso&quot;:&quot;0&quot;,&quot;shutter_speed&quot;:&quot;0&quot;,&quot;title&quot;:&quot;&quot;,&quot;orientation&quot;:&quot;1&quot;}\" data-image-title=\"image\" data-image-description=\"\" data-image-caption=\"\" data-medium-file=\"https:\/\/i0.wp.com\/blogdalucianaoliveira.com.br\/blog\/wp-content\/uploads\/2016\/06\/image-87.jpeg?fit=300%2C271\" data-large-file=\"https:\/\/i0.wp.com\/blogdalucianaoliveira.com.br\/blog\/wp-content\/uploads\/2016\/06\/image-87.jpeg?fit=600%2C543\" src=\"https:\/\/i0.wp.com\/blogdalucianaoliveira.com.br\/blog\/wp-content\/uploads\/2016\/06\/image-87.jpeg?resize=600%2C543\" alt=\"image\" width=\"600\" height=\"543\" class=\"alignnone size-full wp-image-1806\" srcset=\"https:\/\/i0.wp.com\/blogdalucianaoliveira.com.br\/blog\/wp-content\/uploads\/2016\/06\/image-87.jpeg?w=960 960w, https:\/\/i0.wp.com\/blogdalucianaoliveira.com.br\/blog\/wp-content\/uploads\/2016\/06\/image-87.jpeg?resize=300%2C271 300w, https:\/\/i0.wp.com\/blogdalucianaoliveira.com.br\/blog\/wp-content\/uploads\/2016\/06\/image-87.jpeg?resize=332%2C300 332w\" sizes=\"auto, (max-width: 600px) 100vw, 600px\" \/><\/p>\n<p>QUEBRA DA OI REVELA FAL\u00caNCIA DA PRIVATARIA<!--more--><\/p>\n<p>247 \u2013 Em julho de 1998, quando as principais concession\u00e1rias de telecomunica\u00e7\u00f5es do Brasil foram privatizadas, uma grande surpresa marcou o leil\u00e3o da antiga Telemar, que era operadora do Rio de Janeiro, Minas Gerais, Esp\u00edrito Santo, Norte e Nordeste. A empresa havia sido comprada por empres\u00e1rios que chegaram ao leil\u00e3o sem dinheiro. Um grupo capitaneado por Sergio Andrade, da Andrade Gutierrez, e Carlos Jereissati, da La Fonte.<\/p>\n<p>O grupo havia sido organizado pelo not\u00f3rio Ricardo Sergio de Olivera, tesoureiro do PSDB, que, quando flagrado nos famosos &#8220;grampos do BNDES&#8221;, disse agir &#8220;no limite da irresponsabilidade&#8221;. Embora n\u00e3o tivessem recursos para comprar a empresa, Andrade e Jereissati foram financiados por fundos de pens\u00e3o de empresas estatais e pelo BNDES. Pouco tempo depois, foram chamados de &#8220;telegangue&#8221; pelo ent\u00e3o ministro Luiz Carlos Mendon\u00e7a de Barros.<\/p>\n<p>No entanto, gra\u00e7as aos grampos do BNDES, Mendon\u00e7a de Barros foi derrubado e os s\u00f3cios privados da Oi continuaram \u00e0 frente da empresa. Quando veio o governo Lula, as disputas societ\u00e1rias nas telecomunica\u00e7\u00f5es abriram espa\u00e7o para a cria\u00e7\u00e3o de uma &#8220;supertele nacional&#8221;, unindo a Oi \u00e0 Brasil Telecom, que era concession\u00e1ria no Centro-Oeste e na Regi\u00e3o Sul. Com isso, o pol\u00eamico Daniel Dantas, que controlava a Brasil Telecom, foi afastado, recebendo um valor aproximado de R$ 1 bilh\u00e3o para sair do setor.<\/p>\n<p>Em seguida, a Oi tentou se viabilizar unindo-se \u00e0 Portugal Telecom \u2013 uma opera\u00e7\u00e3o que tamb\u00e9m fracassou depois que eclodiram esc\u00e2ndalos no grupo Esp\u00edrito Santo, que controlava a companhia portuguesa.<\/p>\n<p>Nesta segunda-feira, aquela que deveria ser a empresa brasileira capaz de rivalizar com as duas principais pot\u00eancias telef\u00f4nicas da Am\u00e9rica Latina \u2013 a espanhola Telef\u00f4nica e a mexicana Telmex \u2013 entrou em colapso ao anunciar seu pedido de recupera\u00e7\u00e3o judicial, o maior da hist\u00f3ria do Pa\u00eds, que deixa um calote de R$ 65 bilh\u00f5es a ser dividido entre bancos p\u00fablicos e privados.<\/p>\n","protected":false},"excerpt":{"rendered":"<p>QUEBRA DA OI REVELA FAL\u00caNCIA DA PRIVATARIA<\/p>\n","protected":false},"author":1,"featured_media":0,"comment_status":"closed","ping_status":"open","sticky":false,"template":"","format":"standard","meta":{"_exactmetrics_skip_tracking":false,"_exactmetrics_sitenote_active":false,"_exactmetrics_sitenote_note":"","_exactmetrics_sitenote_category":0,"jetpack_post_was_ever_published":false,"_jetpack_newsletter_access":"","_jetpack_dont_email_post_to_subs":false,"_jetpack_newsletter_tier_id":0,"_jetpack_memberships_contains_paywalled_content":false,"_jetpack_memberships_contains_paid_content":false,"footnotes":"","jetpack_publicize_message":"","jetpack_publicize_feature_enabled":true,"jetpack_social_post_already_shared":true,"jetpack_social_options":{"image_generator_settings":{"template":"highway","enabled":false},"version":2}},"categories":[1],"tags":[],"class_list":["post-1805","post","type-post","status-publish","format-standard","hentry","category-notas"],"jetpack_publicize_connections":[],"jetpack_sharing_enabled":true,"jetpack_featured_media_url":"","jetpack_shortlink":"https:\/\/wp.me\/p7wKYW-t7","jetpack-related-posts":[],"_links":{"self":[{"href":"http:\/\/blogdalucianaoliveira.com.br\/blog\/wp-json\/wp\/v2\/posts\/1805","targetHints":{"allow":["GET"]}}],"collection":[{"href":"http:\/\/blogdalucianaoliveira.com.br\/blog\/wp-json\/wp\/v2\/posts"}],"about":[{"href":"http:\/\/blogdalucianaoliveira.com.br\/blog\/wp-json\/wp\/v2\/types\/post"}],"author":[{"embeddable":true,"href":"http:\/\/blogdalucianaoliveira.com.br\/blog\/wp-json\/wp\/v2\/users\/1"}],"replies":[{"embeddable":true,"href":"http:\/\/blogdalucianaoliveira.com.br\/blog\/wp-json\/wp\/v2\/comments?post=1805"}],"version-history":[{"count":3,"href":"http:\/\/blogdalucianaoliveira.com.br\/blog\/wp-json\/wp\/v2\/posts\/1805\/revisions"}],"predecessor-version":[{"id":1809,"href":"http:\/\/blogdalucianaoliveira.com.br\/blog\/wp-json\/wp\/v2\/posts\/1805\/revisions\/1809"}],"wp:attachment":[{"href":"http:\/\/blogdalucianaoliveira.com.br\/blog\/wp-json\/wp\/v2\/media?parent=1805"}],"wp:term":[{"taxonomy":"category","embeddable":true,"href":"http:\/\/blogdalucianaoliveira.com.br\/blog\/wp-json\/wp\/v2\/categories?post=1805"},{"taxonomy":"post_tag","embeddable":true,"href":"http:\/\/blogdalucianaoliveira.com.br\/blog\/wp-json\/wp\/v2\/tags?post=1805"}],"curies":[{"name":"wp","href":"https:\/\/api.w.org\/{rel}","templated":true}]}}