{"id":18050,"date":"2018-05-16T10:18:30","date_gmt":"2018-05-16T14:18:30","guid":{"rendered":"http:\/\/blogdalucianaoliveira.com.br\/blog\/?p=18050"},"modified":"2018-05-16T10:18:30","modified_gmt":"2018-05-16T14:18:30","slug":"comeca-um-projeto-coletivo","status":"publish","type":"post","link":"http:\/\/blogdalucianaoliveira.com.br\/blog\/2018\/05\/16\/comeca-um-projeto-coletivo\/","title":{"rendered":"Come\u00e7a um projeto coletivo"},"content":{"rendered":"<div id=\"js_4f\" class=\"_5pbx userContent _3576\" data-ft=\"{&quot;tn&quot;:&quot;K&quot;}\">\n<div id=\"id_5afc3cfa8f0a39371336253\" class=\"text_exposed_root text_exposed\">\n<p><img data-recalc-dims=\"1\" loading=\"lazy\" decoding=\"async\" data-attachment-id=\"18051\" data-permalink=\"http:\/\/blogdalucianaoliveira.com.br\/blog\/2018\/05\/16\/comeca-um-projeto-coletivo\/safe_image\/\" data-orig-file=\"https:\/\/i0.wp.com\/blogdalucianaoliveira.com.br\/blog\/wp-content\/uploads\/2018\/05\/safe_image.jpg?fit=540%2C282\" data-orig-size=\"540,282\" data-comments-opened=\"0\" data-image-meta=\"{&quot;aperture&quot;:&quot;0&quot;,&quot;credit&quot;:&quot;&quot;,&quot;camera&quot;:&quot;&quot;,&quot;caption&quot;:&quot;&quot;,&quot;created_timestamp&quot;:&quot;0&quot;,&quot;copyright&quot;:&quot;&quot;,&quot;focal_length&quot;:&quot;0&quot;,&quot;iso&quot;:&quot;0&quot;,&quot;shutter_speed&quot;:&quot;0&quot;,&quot;title&quot;:&quot;&quot;,&quot;orientation&quot;:&quot;0&quot;}\" data-image-title=\"safe_image\" data-image-description=\"\" data-image-caption=\"\" data-medium-file=\"https:\/\/i0.wp.com\/blogdalucianaoliveira.com.br\/blog\/wp-content\/uploads\/2018\/05\/safe_image.jpg?fit=300%2C157\" data-large-file=\"https:\/\/i0.wp.com\/blogdalucianaoliveira.com.br\/blog\/wp-content\/uploads\/2018\/05\/safe_image.jpg?fit=540%2C282\" class=\"alignnone size-full wp-image-18051\" src=\"https:\/\/i0.wp.com\/blogdalucianaoliveira.com.br\/blog\/wp-content\/uploads\/2018\/05\/safe_image.jpg?resize=540%2C282\" alt=\"safe_image\" width=\"540\" height=\"282\" srcset=\"https:\/\/i0.wp.com\/blogdalucianaoliveira.com.br\/blog\/wp-content\/uploads\/2018\/05\/safe_image.jpg?w=540 540w, https:\/\/i0.wp.com\/blogdalucianaoliveira.com.br\/blog\/wp-content\/uploads\/2018\/05\/safe_image.jpg?resize=300%2C157 300w\" sizes=\"auto, (max-width: 540px) 100vw, 540px\" \/><\/p>\n<p>Caros amigos, lan\u00e7o a minha \u2018vaquinha\u2019 online, instrumento de arrecada\u00e7\u00e3o de recursos durante pr\u00e9-campanha eleitoral, autorizado pelo Tribunal Superior Eleitoral com empresa regularmente credenciada.<\/p>\n<p>Se minha pr\u00e9-candidatura \u00e0 deputada estadual pelo PSB \u00e9 um projeto coletivo, vamos conduzi-la com o m\u00e1ximo de transpar\u00eancia.<!--more--><\/p>\n<p>Faremos isso juntos, sem aderir \u00e0 pr\u00e1ticas que causam danos no presente e futuro.<\/p>\n<div class=\"text_exposed_show\">\n<p>Estou muito feliz e animada por seguir um caminho pluripartid\u00e1rio, sinalizado pelo interesse comum, ou seja, uma nova ordem na pol\u00edtica rondoniense.<\/p>\n<p>N\u00e3o importa o valor das doa\u00e7\u00f5es, mas a presen\u00e7a de quem espera n\u00e3o uma nova cara, mas uma nova postura no legislativo.<\/p>\n<p>Vamos juntos escrever uma nova hist\u00f3ria.<\/p>\n<p>Acesse a plataforma para saber da minha biografia e ter informa\u00e7\u00f5es preliminares sobre minhas propostas em pr\u00e9-campanha.<\/p>\n<div id=\"js_4f\" class=\"_5pbx userContent _3576\" data-ft=\"{&quot;tn&quot;:&quot;K&quot;}\">\n<div id=\"id_5afc3cfa8f0a39371336253\" class=\"text_exposed_root text_exposed\">\n<p>Caros amigos, lan\u00e7o a minha \u2018vaquinha\u2019 online, instrumento de arrecada\u00e7\u00e3o de recursos durante pr\u00e9-campanha eleitoral, autorizado pelo Tribunal Superior Eleitoral com empresa regularmente credenciada.<\/p>\n<p>Se minha pr\u00e9-candidatura \u00e0 deputada estadual pelo PSB \u00e9 um projeto coletivo, vamos conduzi-la com o m\u00e1ximo de transpar\u00eancia.<\/p>\n<p>Faremos isso juntos, sem aderir \u00e0 pr\u00e1ticas que causam danos no presente e futuro.<\/p>\n<div class=\"text_exposed_show\">\n<p>Estou muito feliz e animada por seguir um caminho pluripartid\u00e1rio, sinalizado pelo interesse comum, ou seja, uma nova ordem na pol\u00edtica rondoniense.<\/p>\n<p>N\u00e3o importa o valor das doa\u00e7\u00f5es, mas a presen\u00e7a de quem espera n\u00e3o uma nova cara, mas uma nova postura no legislativo.<\/p>\n<p>Vamos juntos escrever uma nova hist\u00f3ria.<\/p>\n<p>Acesse a plataforma para saber da minha biografia e ter informa\u00e7\u00f5es preliminares sobre minhas propostas em pr\u00e9-campanha.<\/p>\n<\/div>\n<\/div>\n<\/div>\n<div class=\"_3x-2\" data-ft=\"{&quot;tn&quot;:&quot;H&quot;}\">Doe aqui:\u00a0<a href=\"https:\/\/confiabrasil.com.br\/e02a0cbe-135f-4e08-a965-ab219c711790\">https:\/\/confiabrasil.com.br\/e02a0cbe-135f-4e08-a965-ab219c711790<\/a><\/div>\n<\/div>\n<\/div>\n<\/div>\n","protected":false},"excerpt":{"rendered":"<p>Caros amigos, lan\u00e7o a minha \u2018vaquinha\u2019 online, instrumento de arrecada\u00e7\u00e3o de recursos durante pr\u00e9-campanha eleitoral, autorizado pelo Tribunal Superior Eleitoral com empresa regularmente credenciada. Se minha pr\u00e9-candidatura \u00e0 deputada estadual pelo PSB \u00e9 um projeto coletivo, vamos conduzi-la com o m\u00e1ximo de transpar\u00eancia.<\/p>\n","protected":false},"author":1,"featured_media":0,"comment_status":"closed","ping_status":"open","sticky":false,"template":"","format":"standard","meta":{"_exactmetrics_skip_tracking":false,"_exactmetrics_sitenote_active":false,"_exactmetrics_sitenote_note":"","_exactmetrics_sitenote_category":0,"jetpack_post_was_ever_published":false,"_jetpack_newsletter_access":"","_jetpack_dont_email_post_to_subs":false,"_jetpack_newsletter_tier_id":0,"_jetpack_memberships_contains_paywalled_content":false,"_jetpack_memberships_contains_paid_content":false,"footnotes":"","jetpack_publicize_message":"","jetpack_publicize_feature_enabled":true,"jetpack_social_post_already_shared":true,"jetpack_social_options":{"image_generator_settings":{"template":"highway","enabled":false},"version":2}},"categories":[1],"tags":[],"class_list":["post-18050","post","type-post","status-publish","format-standard","hentry","category-notas"],"jetpack_publicize_connections":[],"jetpack_sharing_enabled":true,"jetpack_featured_media_url":"","jetpack_shortlink":"https:\/\/wp.me\/p7wKYW-4H8","jetpack-related-posts":[],"_links":{"self":[{"href":"http:\/\/blogdalucianaoliveira.com.br\/blog\/wp-json\/wp\/v2\/posts\/18050","targetHints":{"allow":["GET"]}}],"collection":[{"href":"http:\/\/blogdalucianaoliveira.com.br\/blog\/wp-json\/wp\/v2\/posts"}],"about":[{"href":"http:\/\/blogdalucianaoliveira.com.br\/blog\/wp-json\/wp\/v2\/types\/post"}],"author":[{"embeddable":true,"href":"http:\/\/blogdalucianaoliveira.com.br\/blog\/wp-json\/wp\/v2\/users\/1"}],"replies":[{"embeddable":true,"href":"http:\/\/blogdalucianaoliveira.com.br\/blog\/wp-json\/wp\/v2\/comments?post=18050"}],"version-history":[{"count":1,"href":"http:\/\/blogdalucianaoliveira.com.br\/blog\/wp-json\/wp\/v2\/posts\/18050\/revisions"}],"predecessor-version":[{"id":18052,"href":"http:\/\/blogdalucianaoliveira.com.br\/blog\/wp-json\/wp\/v2\/posts\/18050\/revisions\/18052"}],"wp:attachment":[{"href":"http:\/\/blogdalucianaoliveira.com.br\/blog\/wp-json\/wp\/v2\/media?parent=18050"}],"wp:term":[{"taxonomy":"category","embeddable":true,"href":"http:\/\/blogdalucianaoliveira.com.br\/blog\/wp-json\/wp\/v2\/categories?post=18050"},{"taxonomy":"post_tag","embeddable":true,"href":"http:\/\/blogdalucianaoliveira.com.br\/blog\/wp-json\/wp\/v2\/tags?post=18050"}],"curies":[{"name":"wp","href":"https:\/\/api.w.org\/{rel}","templated":true}]}}