{"id":18053,"date":"2018-05-16T10:34:20","date_gmt":"2018-05-16T14:34:20","guid":{"rendered":"http:\/\/blogdalucianaoliveira.com.br\/blog\/?p=18053"},"modified":"2018-05-16T10:34:20","modified_gmt":"2018-05-16T14:34:20","slug":"ruralistas-lucram-quase-r-1-bi-sobre-juros-em-processos-de-desapropriacao-de-terras","status":"publish","type":"post","link":"http:\/\/blogdalucianaoliveira.com.br\/blog\/2018\/05\/16\/ruralistas-lucram-quase-r-1-bi-sobre-juros-em-processos-de-desapropriacao-de-terras\/","title":{"rendered":"Ruralistas lucram quase R$ 1 bi sobre juros em processos de desapropria\u00e7\u00e3o de terras"},"content":{"rendered":"<p><img data-recalc-dims=\"1\" loading=\"lazy\" decoding=\"async\" data-attachment-id=\"18054\" data-permalink=\"http:\/\/blogdalucianaoliveira.com.br\/blog\/2018\/05\/16\/ruralistas-lucram-quase-r-1-bi-sobre-juros-em-processos-de-desapropriacao-de-terras\/rura-2\/\" data-orig-file=\"https:\/\/i0.wp.com\/blogdalucianaoliveira.com.br\/blog\/wp-content\/uploads\/2018\/05\/rura.jpg?fit=640%2C480\" data-orig-size=\"640,480\" data-comments-opened=\"0\" data-image-meta=\"{&quot;aperture&quot;:&quot;0&quot;,&quot;credit&quot;:&quot;&quot;,&quot;camera&quot;:&quot;&quot;,&quot;caption&quot;:&quot;&quot;,&quot;created_timestamp&quot;:&quot;0&quot;,&quot;copyright&quot;:&quot;&quot;,&quot;focal_length&quot;:&quot;0&quot;,&quot;iso&quot;:&quot;0&quot;,&quot;shutter_speed&quot;:&quot;0&quot;,&quot;title&quot;:&quot;&quot;,&quot;orientation&quot;:&quot;0&quot;}\" data-image-title=\"rura\" data-image-description=\"\" data-image-caption=\"\" data-medium-file=\"https:\/\/i0.wp.com\/blogdalucianaoliveira.com.br\/blog\/wp-content\/uploads\/2018\/05\/rura.jpg?fit=300%2C225\" data-large-file=\"https:\/\/i0.wp.com\/blogdalucianaoliveira.com.br\/blog\/wp-content\/uploads\/2018\/05\/rura.jpg?fit=600%2C450\" class=\"alignnone size-full wp-image-18054\" src=\"https:\/\/i0.wp.com\/blogdalucianaoliveira.com.br\/blog\/wp-content\/uploads\/2018\/05\/rura.jpg?resize=600%2C450\" alt=\"rura\" width=\"600\" height=\"450\" srcset=\"https:\/\/i0.wp.com\/blogdalucianaoliveira.com.br\/blog\/wp-content\/uploads\/2018\/05\/rura.jpg?w=640 640w, https:\/\/i0.wp.com\/blogdalucianaoliveira.com.br\/blog\/wp-content\/uploads\/2018\/05\/rura.jpg?resize=300%2C225 300w, https:\/\/i0.wp.com\/blogdalucianaoliveira.com.br\/blog\/wp-content\/uploads\/2018\/05\/rura.jpg?resize=400%2C300 400w\" sizes=\"auto, (max-width: 600px) 100vw, 600px\" \/><\/p>\n<h2 class=\"description\">Parado h\u00e1 18 anos, STF retoma nesta quarta decis\u00e3o sobre juros aplicados \u00e0 processos de desapropria\u00e7\u00e3o de terras<\/h2>\n<div class=\"details-bar\">\n<div class=\"author-time\">\n<address class=\"author\">Rafael Tatemoto<\/address>\n<div class=\"place-and-time\">\n<div class=\"place\">\n<p>Brasil de Fato | Bras\u00edlia (DF)<\/p>\n<p>Depois de 18 anos, o Supremo Tribunal Federal (STF) julgar\u00e1 nesta\u00a0quarta-feira (16) uma A\u00e7\u00e3o Direta de Inconstitucionalidade (Adin) relacionada \u00e0\u00a0aplica\u00e7\u00e3o de juros compensat\u00f3rios nas indeniza\u00e7\u00f5es relativas a processos de desapropria\u00e7\u00e3o de terras por interesse social, incluindo as destinadas \u00e0 reforma agr\u00e1ria.<!--more--><\/p>\n<p>A Adin foi promovida pelo Conselho Federal da Ordem dos Advogados do Brasil (OAB) conta a Medida Provis\u00f3ria (MP) 2027 de 2000, editada pelo governo do ex-presidente Fernando Henrique Cardoso. A MP instituiu juros de 6% ao ano sobre a diferen\u00e7a entre o valor oferecido pelo governo e o decidido pela Justi\u00e7a caso haja contesta\u00e7\u00e3o por parte do propriet\u00e1rio. O percentual recairia desde o momento da troca da posse at\u00e9 o pagamento final, em tese, para justificar as perdas do dono do im\u00f3vel.<\/p>\n<p>A a\u00e7\u00e3o da OAB, entretanto, pedia um percentual de 12%, utilizando como justificativa a infla\u00e7\u00e3o. Como a entidade obteve uma liminar em 2001, desde ent\u00e3o tem sido aplicado o percentual maior. O STF deve decidir qual dos dois percentuais deve ser aplicado. A decis\u00e3o provis\u00f3ria tamb\u00e9m permitia que, caso o valor decidido judicialmente fosse o mesmo que o ofertado pelo Estado, os propriet\u00e1rios teriam direito a juros incidindo em at\u00e9 20% do valor.<\/p>\n<p>Para Gerson Teixeira, ex-presidente da Associa\u00e7\u00e3o Brasileira de Reforma Agr\u00e1ria, dentro do escopo da decis\u00e3o a ser tomada, seria importante que o menor percentual vencesse. O ideal, entretanto, seria o fim da aplica\u00e7\u00e3o dos juros compensat\u00f3rios. Na sua vis\u00e3o, h\u00e1 uma contradi\u00e7\u00e3o entre a ideia de \u201clatif\u00fandio improdutivo\u201d e \u201creceita\u201d prejudicada. Al\u00e9m disso, com a infla\u00e7\u00e3o controlada, os percentuais aplicados representam ganhos em forma especulativa.<\/p>\n<p>\u201cConceitualmente, juros compensat\u00f3rios dizem respeito ao lucro cessante.\u00a0\u00a0Essa Medida Provis\u00f3ria fraudou inclusive esse conceito. Ele mudou, tirou lucro cessante e colocou receita. Voc\u00ea pode ter um latif\u00fandio improdutivo de dez mil hectares com alguns canteiros de alface e a\u00ed vai ter uma receita. Com infla\u00e7\u00e3o a 4%\u00a0\u00a0e juros a 6%, tem ganho real. Passando para 12%, \u00e9 ainda mais. Dizem que reforma agr\u00e1ria \u00e9 cara. \u00c9 cara por conta disso. \u00c9 uma mamata para os latifundi\u00e1rios\u201d, critica.<\/p>\n<p><strong>Gastos<\/strong><\/p>\n<p>Dados formulados da Procuradoria do Incra e obtidos pelo\u00a0<strong>Brasil de Fato\u00a0<\/strong>comprovam a fala de Teixeira, apontando que entre 2011 e 2016, o montante gasto com juros compensat\u00f3rios foi de mais de R$ 970 milh\u00f5es, o que representa quase um ter\u00e7o (28%) do or\u00e7amento executado pelo \u00f3rg\u00e3o no mesmo per\u00edodo.<\/p>\n<p>A reportagem entrou em contato com a atual gest\u00e3o da OAB, mas n\u00e3o obteve retorno sobre o posicionamento da entidade sobre a quest\u00e3o. Segundo informa\u00e7\u00f5es coletadas, a Advocacia-Geral da Uni\u00e3o (AGU) deve manter seu posicionamento pela constitucionalidade da MP, ou seja, se posicionar\u00e1 de forma favor\u00e1vel ao percentual de 6%.<\/p>\n<p class=\"editor\">Edi\u00e7\u00e3o: Thalles Gomes<\/p>\n<\/div>\n<\/div>\n<\/div>\n<\/div>\n","protected":false},"excerpt":{"rendered":"<p>Parado h\u00e1 18 anos, STF retoma nesta quarta decis\u00e3o sobre juros aplicados \u00e0 processos de desapropria\u00e7\u00e3o de terras Rafael Tatemoto Brasil de Fato | Bras\u00edlia (DF) Depois de 18 anos, o Supremo Tribunal Federal (STF) julgar\u00e1 nesta\u00a0quarta-feira (16) uma A\u00e7\u00e3o Direta de Inconstitucionalidade (Adin) relacionada \u00e0\u00a0aplica\u00e7\u00e3o de juros compensat\u00f3rios nas indeniza\u00e7\u00f5es relativas a processos de&#8230;<a class=\"more-link\" href=\"http:\/\/blogdalucianaoliveira.com.br\/blog\/2018\/05\/16\/ruralistas-lucram-quase-r-1-bi-sobre-juros-em-processos-de-desapropriacao-de-terras\/\">Continue a leitura <span class=\"meta-nav\">&raquo;<\/span><\/a><\/p>\n","protected":false},"author":1,"featured_media":0,"comment_status":"closed","ping_status":"open","sticky":false,"template":"","format":"standard","meta":{"_exactmetrics_skip_tracking":false,"_exactmetrics_sitenote_active":false,"_exactmetrics_sitenote_note":"","_exactmetrics_sitenote_category":0,"jetpack_post_was_ever_published":false,"_jetpack_newsletter_access":"","_jetpack_dont_email_post_to_subs":false,"_jetpack_newsletter_tier_id":0,"_jetpack_memberships_contains_paywalled_content":false,"_jetpack_memberships_contains_paid_content":false,"footnotes":"","jetpack_publicize_message":"","jetpack_publicize_feature_enabled":true,"jetpack_social_post_already_shared":true,"jetpack_social_options":{"image_generator_settings":{"template":"highway","enabled":false},"version":2}},"categories":[1],"tags":[],"class_list":["post-18053","post","type-post","status-publish","format-standard","hentry","category-notas"],"jetpack_publicize_connections":[],"jetpack_sharing_enabled":true,"jetpack_featured_media_url":"","jetpack_shortlink":"https:\/\/wp.me\/p7wKYW-4Hb","jetpack-related-posts":[],"_links":{"self":[{"href":"http:\/\/blogdalucianaoliveira.com.br\/blog\/wp-json\/wp\/v2\/posts\/18053","targetHints":{"allow":["GET"]}}],"collection":[{"href":"http:\/\/blogdalucianaoliveira.com.br\/blog\/wp-json\/wp\/v2\/posts"}],"about":[{"href":"http:\/\/blogdalucianaoliveira.com.br\/blog\/wp-json\/wp\/v2\/types\/post"}],"author":[{"embeddable":true,"href":"http:\/\/blogdalucianaoliveira.com.br\/blog\/wp-json\/wp\/v2\/users\/1"}],"replies":[{"embeddable":true,"href":"http:\/\/blogdalucianaoliveira.com.br\/blog\/wp-json\/wp\/v2\/comments?post=18053"}],"version-history":[{"count":1,"href":"http:\/\/blogdalucianaoliveira.com.br\/blog\/wp-json\/wp\/v2\/posts\/18053\/revisions"}],"predecessor-version":[{"id":18055,"href":"http:\/\/blogdalucianaoliveira.com.br\/blog\/wp-json\/wp\/v2\/posts\/18053\/revisions\/18055"}],"wp:attachment":[{"href":"http:\/\/blogdalucianaoliveira.com.br\/blog\/wp-json\/wp\/v2\/media?parent=18053"}],"wp:term":[{"taxonomy":"category","embeddable":true,"href":"http:\/\/blogdalucianaoliveira.com.br\/blog\/wp-json\/wp\/v2\/categories?post=18053"},{"taxonomy":"post_tag","embeddable":true,"href":"http:\/\/blogdalucianaoliveira.com.br\/blog\/wp-json\/wp\/v2\/tags?post=18053"}],"curies":[{"name":"wp","href":"https:\/\/api.w.org\/{rel}","templated":true}]}}