{"id":18056,"date":"2018-05-16T10:41:36","date_gmt":"2018-05-16T14:41:36","guid":{"rendered":"http:\/\/blogdalucianaoliveira.com.br\/blog\/?p=18056"},"modified":"2018-05-16T10:43:08","modified_gmt":"2018-05-16T14:43:08","slug":"sem-criacao-da-palestina-israel-vivera-apartheid-diz-rabino-progressista-no-brasil","status":"publish","type":"post","link":"http:\/\/blogdalucianaoliveira.com.br\/blog\/2018\/05\/16\/sem-criacao-da-palestina-israel-vivera-apartheid-diz-rabino-progressista-no-brasil\/","title":{"rendered":"Sem cria\u00e7\u00e3o da Palestina, Israel viver\u00e1 apartheid, diz rabino progressista no Brasil"},"content":{"rendered":"<p><img data-recalc-dims=\"1\" loading=\"lazy\" decoding=\"async\" data-attachment-id=\"18043\" data-permalink=\"http:\/\/blogdalucianaoliveira.com.br\/blog\/2018\/05\/15\/cada-um-luta-como-pode-a-gloria-e-a-luta-em-si\/pedra\/\" data-orig-file=\"https:\/\/i0.wp.com\/blogdalucianaoliveira.com.br\/blog\/wp-content\/uploads\/2018\/05\/pedra.jpg?fit=900%2C600\" data-orig-size=\"900,600\" data-comments-opened=\"0\" data-image-meta=\"{&quot;aperture&quot;:&quot;0&quot;,&quot;credit&quot;:&quot;&quot;,&quot;camera&quot;:&quot;&quot;,&quot;caption&quot;:&quot;&quot;,&quot;created_timestamp&quot;:&quot;0&quot;,&quot;copyright&quot;:&quot;&quot;,&quot;focal_length&quot;:&quot;0&quot;,&quot;iso&quot;:&quot;0&quot;,&quot;shutter_speed&quot;:&quot;0&quot;,&quot;title&quot;:&quot;&quot;,&quot;orientation&quot;:&quot;0&quot;}\" data-image-title=\"pedra\" data-image-description=\"\" data-image-caption=\"\" data-medium-file=\"https:\/\/i0.wp.com\/blogdalucianaoliveira.com.br\/blog\/wp-content\/uploads\/2018\/05\/pedra.jpg?fit=300%2C200\" data-large-file=\"https:\/\/i0.wp.com\/blogdalucianaoliveira.com.br\/blog\/wp-content\/uploads\/2018\/05\/pedra.jpg?fit=600%2C400\" class=\"alignnone size-full wp-image-18043\" src=\"https:\/\/i0.wp.com\/blogdalucianaoliveira.com.br\/blog\/wp-content\/uploads\/2018\/05\/pedra.jpg?resize=600%2C400\" alt=\"pedra\" width=\"600\" height=\"400\" srcset=\"https:\/\/i0.wp.com\/blogdalucianaoliveira.com.br\/blog\/wp-content\/uploads\/2018\/05\/pedra.jpg?w=900 900w, https:\/\/i0.wp.com\/blogdalucianaoliveira.com.br\/blog\/wp-content\/uploads\/2018\/05\/pedra.jpg?resize=300%2C200 300w, https:\/\/i0.wp.com\/blogdalucianaoliveira.com.br\/blog\/wp-content\/uploads\/2018\/05\/pedra.jpg?resize=768%2C512 768w, https:\/\/i0.wp.com\/blogdalucianaoliveira.com.br\/blog\/wp-content\/uploads\/2018\/05\/pedra.jpg?resize=450%2C300 450w\" sizes=\"auto, (max-width: 600px) 100vw, 600px\" \/><\/p>\n<p>Na BBC, por Joao Fellet &#8211; A \u00faltima erup\u00e7\u00e3o do conflito em Gaza, com a morte de dezenas de palestinos que protestavam contra a transfer\u00eancia da embaixada americana para Jerusal\u00e9m, sinaliza a recusa das autoridades dos dois lados em resolver um impasse que se arrasta h\u00e1 d\u00e9cadas, diz \u00e0 BBC Brasil o rabino Nilton Bonder, da Congrega\u00e7\u00e3o Judaica do Brasil.<!--more--><\/p>\n<p>Conforme a solu\u00e7\u00e3o \u00e9 postergada, Bonder afirma que crescem as chances de que a cria\u00e7\u00e3o de um Estado palestino se torne invi\u00e1vel e de que palestinos passem a viver num regime de apartheid dentro de Israel &#8211; o que colocaria em xeque a exist\u00eancia do Estado judeu.<\/p>\n<p>&#8220;A paz \u00e9 importante para a sobreviv\u00eancia de Israel a longo prazo&#8221;, diz o rabino, famoso por sua posi\u00e7\u00e3o mais progressista.<\/p>\n<ul class=\"story-body__unordered-list\">\n<li class=\"story-body__list-item\"><a class=\"story-body__link\" href=\"http:\/\/www.bbc.com\/portuguese\/internacional-42268607\">Oito perguntas para entender o conflito entre israelenses e palestinos<\/a><\/li>\n<li class=\"story-body__list-item\"><a class=\"story-body__link\" href=\"http:\/\/www.bbc.com\/portuguese\/brasil-44117629\">Quem s\u00e3o os ativistas que tentam proibir a exporta\u00e7\u00e3o de quase R$1 bi em gado vivo do Brasil<\/a><\/li>\n<\/ul>\n<p>Formado em Engenharia e Literatura Hebraica pela Universidade Columbia, nos EUA, Bonder ordenou-se rabino em Nova York, em 1986. Desde ent\u00e3o, tornou-se um dos l\u00edderes religiosos brasileiros com maior proje\u00e7\u00e3o internacional, autor de 21 livros traduzidos para v\u00e1rias l\u00ednguas.<\/p>\n<p>Seu bestseller\u00a0<i>A Alma Imoral<\/i>\u00a0foi adaptado pela dramaturga Clarice Niskier para o teatro e inspirou um document\u00e1rio que Bonder est\u00e1 produzindo com o cineasta Silvio Tendler. Outra obra,\u00a0<i>Exerc\u00edcios d&#8217;Alma<\/i>, rendeu-lhe em 2000 o pr\u00eamio Jabuti na categoria religi\u00e3o.<\/p>\n<p>Nascido em Porto Alegre h\u00e1 60 anos e radicado no Rio de Janeiro desde os seis, Bonder tamb\u00e9m ganhou visibilidade no meio religioso por suas posi\u00e7\u00f5es progressistas em temas morais. Favor\u00e1vel \u00e0 descriminaliza\u00e7\u00e3o do aborto e ao casamento gay, tornou-se alvo de cr\u00edticas e ressalvas entre grupos de judeus mais conservadores, com quem diz ter uma rela\u00e7\u00e3o por vezes tensa.<\/p>\n<p>Como no juda\u00edsmo rabinos n\u00e3o est\u00e3o subordinados a um \u00f3rg\u00e3o hier\u00e1rquico central como o Vaticano e t\u00eam relativa autonomia, diz se sentir \u00e0 vontade para continuar difundindo suas ideias, desde que siga legitimado por sua comunidade.<\/p>\n<p>Bonder recebeu a BBC Brasil na tarde de ter\u00e7a-feira no Midrash, centro cultural que dirige no Leblon, bairro nobre do Rio. Confira os principais trechos da entrevista.<\/p>\n<p><strong>BBC Brasil &#8211; Conversamos enquanto palestinos enterram mais de 50 pessoas que foram mortas nos \u00faltimos dias por for\u00e7as israelenses ao protestar em Gaza. Qual sua vis\u00e3o dos eventos?<\/strong><\/p>\n<p><strong>Nilton Bonder &#8211;\u00a0<\/strong>Acho uma trag\u00e9dia e um horror pelo n\u00famero de mortos. \u00c9 um evento c\u00edclico. J\u00e1 houve dois levantes suicidas de Gaza. Este \u00e9 o terceiro. Por um lado, \u00e9 uma tentativa de invas\u00e3o de um pa\u00eds. N\u00e3o \u00e9 uma caminhada pac\u00edfica, independentemente de ser merit\u00f3ria ou n\u00e3o.<\/p>\n<p>E tem obviamente uma resposta muito violenta. A pergunta \u00e9: como n\u00e3o fazer isso? O Ex\u00e9rcito de Israel tentou conter a invas\u00e3o de outras formas. Mas, n\u00e3o tendo resultado, fizeram algo para evitar algo que talvez fosse at\u00e9 maior. Se os palestinos invadissem, que tipo de confronto haveria? Para mim, o mais grave \u00e9 que a solu\u00e7\u00e3o do conflito israelense-palestino continua sendo postergada.<\/p>\n<figure class=\"media-landscape has-caption full-width\"><span class=\"image-and-copyright-container\"><img data-recalc-dims=\"1\" loading=\"lazy\" decoding=\"async\" class=\"responsive-image__img js-image-replace\" src=\"https:\/\/i0.wp.com\/ichef-1.bbci.co.uk\/news\/624\/cpsprodpb\/5AE4\/production\/_101586232_jerusa.jpg?resize=600%2C338&#038;ssl=1\" alt=\"Palestino ferido em Gaza sendo carregado\" width=\"600\" height=\"338\" data-highest-encountered-width=\"624\" \/><span class=\"off-screen\">Direito de imagem<\/span><span class=\"story-image-copyright\">EPA<\/span><\/span><figcaption class=\"media-caption\"><span class=\"off-screen\">Image caption<\/span><span class=\"media-caption__text\">Para rabino, o que acontece em Gaza \u00e9 &#8216;uma trag\u00e9dia e um horror pelo n\u00famero de mortos&#8217;<\/span><\/figcaption><\/figure>\n<p><strong>BBC Brasil &#8211; Cr\u00edticos dizem que Israel agiu com for\u00e7a desproporcional.<\/strong><\/p>\n<p><strong>Bonder &#8211;\u00a0<\/strong>A Palestina est\u00e1 nas m\u00e3os de Israel, que \u00e9 uma na\u00e7\u00e3o muito mais poderosa. Mas a condi\u00e7\u00e3o de Israel n\u00e3o \u00e9 t\u00e3o simples. Nenhum pa\u00eds abre m\u00e3o de sua seguran\u00e7a. Veja a situa\u00e7\u00e3o na S\u00edria. Aquele pa\u00eds foi pulverizado. N\u00e3o h\u00e1 como tirar isso da cabe\u00e7a de quem mora em Israel. O L\u00edbano, basta um sopro e ele desmonta. A Jord\u00e2nia, idem.<\/p>\n<p><strong>BBC Brasil &#8211; N\u00e3o h\u00e1 exagero em comparar a situa\u00e7\u00e3o na S\u00edria com a de Israel, uma pot\u00eancia nuclear apoiada pelos EUA?<\/strong><\/p>\n<p><strong>Bonder &#8211;\u00a0<\/strong>O problema de Israel n\u00e3o \u00e9 o desaparecimento, a fragmenta\u00e7\u00e3o total, mas ficar nesse lugar de ser posto na parede. \u00c9 um pa\u00eds cercado por hegemonias. Turquia e Ir\u00e3 s\u00e3o duas pot\u00eancias regionais reais. Poucas d\u00e9cadas atr\u00e1s, havia discursos e tentativas de tornar Israel um inimigo comum. Isso n\u00e3o \u00e9 uma fantasia.<\/p>\n<p><strong>BBC Brasil &#8211; O senhor escreveu que a paz se alcan\u00e7a com o equil\u00edbrio entre compaix\u00e3o e severidade. Tem faltado compaix\u00e3o e sobrado severidade a Israel?<\/strong><\/p>\n<p><strong>Bonder &#8211;\u00a0<\/strong>Minha prefer\u00eancia \u00e9 que houvesse mais determina\u00e7\u00e3o por compaix\u00e3o. Manter sob controle uma popula\u00e7\u00e3o (palestina) \u00e9 sempre uma viola\u00e7\u00e3o de direitos humanos. Mas as a\u00e7\u00f5es dentro de Israel n\u00e3o s\u00e3o excessivamente brutas com o intuito de dominar. Elas s\u00e3o uma percep\u00e7\u00e3o muito clara de que, se voc\u00ea n\u00e3o falar alto numa regi\u00e3o onde a cultura \u00e9 machista, voc\u00ea dan\u00e7a. \u00c9 um mundo que n\u00e3o \u00e9 a Europa.<\/p>\n<p><strong>BBC Brasil &#8211; Como avalia a decis\u00e3o dos EUA de mudar sua Embaixada para Jerusal\u00e9m?<\/strong><\/p>\n<p><strong>Bonder &#8211;\u00a0<\/strong>Entendo que entre muitos pa\u00edses haja um desejo de que o status de Jerusal\u00e9m n\u00e3o fique totalmente determinado e esteja resguardado para uma negocia\u00e7\u00e3o de paz entre dois Estados. Por outro lado, do ponto de vista israelense, Jerusal\u00e9m foi o ponto focal do sonho judaico. A capital n\u00e3o ser Jerusal\u00e9m seria quase um absurdo, um atendimento a um olhar externo que nenhum pa\u00eds soberano faz.<\/p>\n<p>Essa quest\u00e3o tem legitimidade e deveria avan\u00e7ar por algum processo pr\u00f3prio, sem que, ao reconhec\u00ea-la como capital, os pa\u00edses estivessem for\u00e7osamente definindo um status definitivo para a cidade. A mudan\u00e7a da Embaixada americana para Jerusal\u00e9m n\u00e3o inviabiliza conceitualmente que tamb\u00e9m possa existir uma Jerusal\u00e9m capital palestina, no lado oriental, e uma futura embaixada americana l\u00e1. O grande problema \u00e9 que Trump d\u00e1 esse passo de maneira quase provocativa, com uma ret\u00f3rica muito assertiva. \u00c9 uma estrat\u00e9gia muito comum na direita: criar fatos muito claros para possibilitar negocia\u00e7\u00f5es.<\/p>\n<figure class=\"media-landscape has-caption full-width\"><span class=\"image-and-copyright-container\"><img data-recalc-dims=\"1\" loading=\"lazy\" decoding=\"async\" class=\"responsive-image__img js-image-replace\" src=\"https:\/\/i0.wp.com\/ichef.bbci.co.uk\/news\/624\/cpsprodpb\/167C8\/production\/_101540129_046797991-1.jpg?resize=600%2C338&#038;ssl=1\" alt=\"Ivanka Trump\" width=\"600\" height=\"338\" data-highest-encountered-width=\"624\" \/><span class=\"off-screen\">Direito de imagem<\/span><span class=\"story-image-copyright\">EPA<\/span><\/span><figcaption class=\"media-caption\"><span class=\"off-screen\">Image caption<\/span><span class=\"media-caption__text\">Ivanka Trump participou da cerim\u00f4nia de abertura da Embaixada dos EUA em Jerusal\u00e9m que, provisoriamente, vai funcionar no pr\u00e9dio do consulado americano na cidade<\/span><\/figcaption><\/figure>\n<p><strong>BBC Brasil &#8211; Alguns ve\u00edculos jornal\u00edsticos nos EUA levantaram a hip\u00f3tese de que, ao transferir a Embaixada, Trump estivesse na verdade atendendo a demanda de um judeu americano que fez uma grande doa\u00e7\u00e3o \u00e0 sua campanha.<\/strong><\/p>\n<p><strong>Bonder &#8211;\u00a0<\/strong>Acho uma vis\u00e3o um pouco folcl\u00f3rica. Est\u00e1 muito mais em jogo o interesse pol\u00edtico do Trump em se reeleger. Tenho que reconhecer que, apesar de fazer tudo politicamente errado, ele tem se mostrado genial no que tem feito. Porque, por m\u00e9todos que considero totalmente equivocados e colocando em risco conquistas internas e externas da sociedade americana, ele tem se mostrado bastante eficiente.<\/p>\n<aside class=\"quote\">\n<div class=\"quote-inner\">\n<p><strong>BBC Brasil &#8211; Como o impasse na regi\u00e3o poderia ser superado?<\/strong><\/p>\n<p><strong>Bonder &#8211;\u00a0<\/strong>Vejo duas maneiras: uma seria uma for\u00e7a externa empurrar Israel a negociar. Hoje acho que essas for\u00e7as n\u00e3o t\u00eam interesse. Os EUA, pela presen\u00e7a dos judeus nos EUA e pelos interesses americanos no Oriente M\u00e9dio. A pr\u00f3pria R\u00fassia, por incr\u00edvel que pare\u00e7a, tem uma dubiedade muito grande de interesses em rela\u00e7\u00e3o a Israel.<\/p>\n<p>A outra maneira seria uma paz em que se estabelecesse o real status quo da regi\u00e3o. L\u00e1 atr\u00e1s, israelenses e palestinos eram duas for\u00e7as semelhantes, que teriam encontrado um modus vivendi dentro das for\u00e7as reais do lugar. Mas os palestinos n\u00e3o tiveram muita voz ativa nas negocia\u00e7\u00f5es, porque n\u00e3o tinham uma organiza\u00e7\u00e3o e foram representados por pa\u00edses \u00e1rabes com interesses totalmente diferentes dos seus.<\/p>\n<p>O equil\u00edbiro de for\u00e7as mudou. O peso econ\u00f4mico e populacional de Israel \u00e9 hoje muito maior. A constru\u00e7\u00e3o m\u00edtica palestina, que em dado momento chegou a ser a erradica\u00e7\u00e3o de Israel, hoje \u00e9 fantasiosa. E conforme o tempo passa, eles v\u00e3o perdendo mais. H\u00e1 a ideia de que, se os palestinos n\u00e3o negociarem nessas condi\u00e7\u00f5es, ser\u00e1 ainda pior no futuro. A quest\u00e3o dos assentamentos \u00e9 o elemento mais complexo. Acho que foi feito propositalmente para criar uma situa\u00e7\u00e3o de uma negocia\u00e7\u00e3o mais vantajosa para Israel do ponto de vista territorial.<\/p>\n<p><strong>BBC Brasil &#8211; A estrat\u00e9gia de empurrar a solu\u00e7\u00e3o para frente traz riscos?<\/strong><\/p>\n<p><strong>Bonder &#8211;\u00a0<\/strong>Ela \u00e9 muito arriscada para Israel, porque os palestinos v\u00e3o ficando cada vez mais sufocados. E poder\u00e1 chegar um momento em que v\u00e3o perder a viabilidade, se \u00e9 que j\u00e1 n\u00e3o perderam, de ser um Estado. A paz \u00e9 importante para a sobrevi\u00eancia de Israel a longo prazo. O futuro de Israel \u00e9 de alguma forma uma integra\u00e7\u00e3o daquela regi\u00e3o. Sem ela, Israel vai ficar para sempre com uma popula\u00e7\u00e3o que n\u00e3o vai fugir de um apartheid. A normatiza\u00e7\u00e3o dessa vida, que vem progredindo cada vez mais, ser\u00e1 um apartheid.<\/p>\n<figure class=\"media-landscape has-caption full-width\"><span class=\"image-and-copyright-container\"><img data-recalc-dims=\"1\" loading=\"lazy\" decoding=\"async\" class=\"responsive-image__img js-image-replace\" src=\"https:\/\/i0.wp.com\/ichef-1.bbci.co.uk\/news\/624\/cpsprodpb\/11DD8\/production\/_101567137_gettyimages-82408846.jpg?resize=600%2C338&#038;ssl=1\" alt=\"Jerusal\u00e9m\" width=\"600\" height=\"338\" data-highest-encountered-width=\"624\" \/><span class=\"off-screen\">Direito de imagem<\/span><span class=\"story-image-copyright\">GETTY IMAGES<\/span><\/span><figcaption class=\"media-caption\"><span class=\"off-screen\">Image caption<\/span><span class=\"media-caption__text\">&#8216;A capital n\u00e3o ser Jerusal\u00e9m seria quase um absurdo, um atendimento a um olhar externo que nenhum pa\u00eds soberano faz&#8217;, diz o rabino<\/span><\/figcaption><\/figure>\n<p><strong>BBC Brasil &#8211; J\u00e1 n\u00e3o vigora em Israel alguma forma de apartheid?<\/strong><\/p>\n<p><strong>Bonder &#8211;\u00a0<\/strong>Hoje n\u00e3o considero que haja, pois aquilo \u00e9 um lugar em guerra. H\u00e1 uma relativa autonomia em Gaza e na Cisjord\u00e2nia. A opress\u00e3o aparece quando o palestino quer entrar em Israel ou tem de se locomover. Tem caracter\u00edsticas de apartheid, mas n\u00e3o \u00e9 nos moldes da \u00c1frica do Sul, porque n\u00e3o existe uma ideologia desse dom\u00ednio &#8211; a n\u00e3o ser em grupos pequenos da direita e radicais religiosos. Mas a normaliza\u00e7\u00e3o da vida nessas condi\u00e7\u00f5es produz aspectos de apartheid, de diferencia\u00e7\u00f5es entre cidadanias. \u00c9 insustent\u00e1vel o governo israelense jogar isso para o longo prazo.<\/p>\n<p><strong>BBC Brasil &#8211; Esse apartheid n\u00e3o poderia inverter as for\u00e7as em Israel, como houve na \u00c1frica do Sul com a ascens\u00e3o dos negros? Os palestinos podem acabar no comando em Israel?<\/strong><\/p>\n<p><strong>Bonder &#8211;\u00a0<\/strong>A grande diferen\u00e7a \u00e9 que a maioria da \u00c1frica do Sul era negra. Aquilo realmente n\u00e3o tinha sustentabilidade. O problema para Israel \u00e9 a jun\u00e7\u00e3o dos 20% dos \u00e1rabes que vivem l\u00e1 com os de Gaza e os da Cisjord\u00e2nia e, no futuro, com a taxa de natalidade que eles t\u00eam, podem sim superar os judeus. \u00c9 um perigo futuro, mas n\u00e3o h\u00e1 hoje uma minoria administrando uma maioria.<\/p>\n<p><strong>BBC Brasil &#8211; Que acha do movimento pelo boicote de Israel?<\/strong><\/p>\n<p><strong>Bonder &#8211;\u00a0<\/strong>Acho de uma hipocrisia absurda, porque ningu\u00e9m faz isso com a R\u00fassia ou outros pa\u00edses que t\u00eam problemas de direitos humanos. Capitaliza o fato de que Israel \u00e9 pequena e canaliza um olhar com um antissemitismo dissimulado. Essa estrat\u00e9gia refor\u00e7a uma rea\u00e7\u00e3o de Israel e dos judeus, porque eles identificam que ali tem dois pesos e duas medidas.<\/p>\n<figure class=\"media-landscape has-caption full-width\"><span class=\"image-and-copyright-container\"><img data-recalc-dims=\"1\" loading=\"lazy\" decoding=\"async\" class=\"responsive-image__img js-image-replace\" src=\"https:\/\/i0.wp.com\/ichef.bbci.co.uk\/news\/624\/cpsprodpb\/AB00\/production\/_101567734_gettyimages-958099266.jpg?resize=600%2C338&#038;ssl=1\" alt=\"Palestinos manifestando no dia da Nakba\" width=\"600\" height=\"338\" data-highest-encountered-width=\"624\" \/><span class=\"off-screen\">Direito de imagem<\/span><span class=\"story-image-copyright\">GETTY IMAGES<\/span><\/span><figcaption class=\"media-caption\"><span class=\"off-screen\">Image caption<\/span><span class=\"media-caption__text\">&#8216;\u00c9 quase um absurdo que as pessoas fiquem t\u00e3o horrorizadas e chamem isso de genoc\u00eddio quando, numa cidade como o Rio, morra mais gente em um ano que nos 70 anos do conflito israelo-palestino&#8217;, diz Bonder<\/span><\/figcaption><\/figure>\n<p><strong>BBC Brasil &#8211; Como o senhor encara a aproxima\u00e7\u00e3o entre Israel e igrejas evang\u00e9licas brasileiras?<\/strong><\/p>\n<p><strong>Bonder &#8211;\u00a0<\/strong>Com muita preocupa\u00e7\u00e3o. Para Israel, \u00e9 muito negativo ser queridinha do Trump e ter o apoio desse grupo. Israel \u00e9 muito apresentada como um pa\u00eds do mal, um pa\u00eds que faz coisas erradas. Toda vez que aparece um grupo que a apoia, \u00e9 muito sedutor para a comunidade judaica. S\u00f3 que essa \u00e9 uma armadilha para a comunidade judaica. Dou muita import\u00e2ncia \u00e0 quest\u00e3o das minorias, dos preconceitos, da liberade religiosa. Como voc\u00ea pode estar junto de um grupo que trava uma guerra silenciosa contra tradi\u00e7\u00f5es afrobrasileiras? Com ideias anti-imigra\u00e7\u00e3o? A ampla maioria dos judeus \u00e9 imigrante.<\/p>\n<p><strong>BBC Brasil &#8211; Por que o senhor criticou o clube Hebraica do Rio de Janeiro por convidar o deputado Jair Bolsonaro a fazer uma palestra?<\/strong><\/p>\n<p><strong>Bonder &#8211;\u00a0<\/strong>Porque houve um sequestro de representatividade. Devem existir 50 entidades judaicas no Rio de Janeiro. A Hebraica talvez seja a menos representativa. \u00c9 um clube falido. Quando o nome Hebraica, um nome sugestivo de representatividade, apareceu junto com bandeira de Israel, achei um absurdo. Usurparam a imagem.<\/p>\n<aside class=\"quote\">\n<div class=\"quote-inner\">\n<p><strong>BBC Brasil &#8211; O apoio a Bolsonaro \u00e9 minorit\u00e1rio entre judeus brasileiros?<\/strong><\/p>\n<p><strong>Bonder &#8211;\u00a0<\/strong>Totalmente. A comunidade judaica sempre teve radicais nos dois extremos, na esquerda e na direita. A grande maioria das pessoas est\u00e1 no centro.<\/p>\n<p><strong>BBC Brasil &#8211; O presidente da Confedera\u00e7\u00e3o Israelita do Brasil, Fernando Lottenberg, disse que um manifesto recente do PSOL em que Israel era chamado de &#8220;Estado genocida&#8221; expressava antissemitismo. O que achou do manifesto?<\/strong><\/p>\n<p><strong>Bonder &#8211;\u00a0<\/strong>\u00c9 quase um absurdo que as pessoas fiquem t\u00e3o horrorizadas e chamem isso de genoc\u00eddio quando, numa cidade como o Rio, morra mais gente em um ano que nos 70 anos do conflito israelo-palestino. Obviamente tem uma marca\u00e7\u00e3o pol\u00edtica a\u00ed. S\u00e3o dois pesos e duas medidas. Por que a esquerda elege certos temas como suas grandes bandeiras e foge de outros? E faz uma leitura muitas vezes de Israel que tem caracter\u00edsticas antissemitas, sim. H\u00e1 uma tentativa de vincul\u00e1-la ao capital, ao dom\u00ednio do mundo. Tem reverbera\u00e7\u00f5es ali, como nesse manifesto, que realmente soam antissemitas. O que n\u00e3o tem nada a ver com uma esquerda que se posicone a favor da causa palestina e que esteja a favor de quest\u00f5es contr\u00e1rias a interesses de Israel ou da comunidade judaica. Isso \u00e9 leg\u00edtimo.<\/p>\n<figure class=\"media-landscape has-caption full-width\"><span class=\"image-and-copyright-container\"><img data-recalc-dims=\"1\" loading=\"lazy\" decoding=\"async\" class=\"responsive-image__img js-image-replace\" src=\"https:\/\/i0.wp.com\/ichef-1.bbci.co.uk\/news\/624\/cpsprodpb\/3D9C\/production\/_101227751_bolso.jpg?resize=600%2C338&#038;ssl=1\" alt=\"Jair Bolsonaro\" width=\"600\" height=\"338\" data-highest-encountered-width=\"624\" \/><span class=\"off-screen\">Direito de imagem<\/span><span class=\"story-image-copyright\">AG\u00caNCIA BRASIL<\/span><\/span><figcaption class=\"media-caption\"><span class=\"off-screen\">Image caption<\/span><span class=\"media-caption__text\">Bonder criticou o clube Hebraica do Rio de Janeiro por convidar o deputado Jair Bolsonaro a fazer uma palestra<\/span><\/figcaption><\/figure>\n<p><strong>BBC Brasil &#8211; Como o senhor, um l\u00edder religioso, encara a crescente influ\u00eancia de pol\u00edticos religiosos no Brasil?<\/strong><\/p>\n<p><strong>Bonder &#8211;\u00a0<\/strong>J\u00e1 escrevi muitos artigos contra a mistura Estado-Igreja, que continuo assinando embaixo. Mas \u00e9 uma guerra perdida. \u00c9 algo muito dif\u00edcil de ser contido porque a identidade dos evang\u00e9licos \u00e9 suprarreligiosa. Enquanto um cat\u00f3lico \u00e9 cat\u00f3lico de religi\u00e3o, de alguma forma os evang\u00e9licos t\u00eam uma identidade de pertencimento a essa comunidade com interesses pol\u00edticos espec\u00edficos. \u00c9 quase imposs\u00edvel dentro de uma democracia voc\u00ea negar a legitimidade se isso tem essa dimens\u00e3o de identidade.<\/p>\n<aside class=\"quote\">\n<div class=\"quote-inner\">\n<p><strong>BBC Brasil &#8211; Acha que o aborto deveria ser descriminalizado?<\/strong><\/p>\n<p><strong>Bonder &#8211;\u00a0<\/strong>Sim. A manuten\u00e7\u00e3o (da lei proibindo o aborto) \u00e9 a imposi\u00e7\u00e3o de uma moral espec\u00edfica, de um grupo espec\u00edfico. E, do ponto de vista da sa\u00fade, \u00e9 um crime com o Brasil.<\/p>\n<p><strong>BBC Brasil &#8211; \u00c9 poss\u00edvel ser judeu sem acreditar em Deus?<\/strong><\/p>\n<p><strong>Bonder &#8211;\u00a0<\/strong>Completamente. O juda\u00edsmo n\u00e3o \u00e9 uma religi\u00e3o moderna, ele n\u00e3o adv\u00e9m de ideias levadas para alguns lugares com o interesse de produzir identidades ou reduzir a beliger\u00e2ncia, caso do que houve no Imp\u00e9rio Romano (com o Cristianismo) ou do que Maom\u00e9 fez (com o Isl\u00e3) ao unificar tribos que batalhavam desde tempos antigos. O juda\u00edsmo n\u00e3o nasce assim, ele nasce como uma religi\u00e3o-estado. Aquele povo tinha suas cren\u00e7as, e essas cren\u00e7as estavam misturadas com a cultura e a tradi\u00e7\u00e3o. O juda\u00edsmo teve de se reiventar como uma religi\u00e3o a partir do Iluminismo, quando as outras religi\u00f5es cobravam isso. Mas a identidade \u00e9 muito mais ampla. A riqueza da hist\u00f3ria judaica, o sofrimento, a quest\u00e3o nacional de Israel &#8211; h\u00e1 v\u00e1rias \u00e2ncoras para essas identidades que est\u00e3o acima do aspecto da cren\u00e7a em Deus.<\/p>\n<figure class=\"media-landscape has-caption full-width\"><span class=\"image-and-copyright-container\"><img data-recalc-dims=\"1\" loading=\"lazy\" decoding=\"async\" class=\"responsive-image__img js-image-replace\" src=\"https:\/\/i0.wp.com\/ichef.bbci.co.uk\/news\/624\/cpsprodpb\/A904\/production\/_101586234_jerusa1.jpg?resize=600%2C338&#038;ssl=1\" alt=\"Confronto entre palestinos e israelenses em Gaza em 14 de maio de 2018\" width=\"600\" height=\"338\" data-highest-encountered-width=\"624\" \/><span class=\"off-screen\">Direito de imagem<\/span><span class=\"story-image-copyright\">EPA<\/span><\/span><figcaption class=\"media-caption\"><span class=\"off-screen\">Image caption<\/span><span class=\"media-caption__text\">Bonder diz que mudan\u00e7a da embaixada de Tel Aviv para Jerusal\u00e9m n\u00e3o inviabiliza a possibilidade de o lado oriental da cidade ser a capital do futuro Estado Palestino nem de os EUA abrir uma representa\u00e7\u00e3o diplom\u00e1tica l\u00e1<\/span><\/figcaption><\/figure>\n<p><strong>BBC Brasil &#8211; Sua f\u00e9 oscila?<\/strong><\/p>\n<p><strong>Bonder &#8211;\u00a0<\/strong>Sempre. A f\u00e9 \u00e9 uma luta constante do ser humano para preservar um olhar positivo para a vida, aconte\u00e7a o que acontecer. Nesse lugar, a f\u00e9 \u00e9 sempre um desafio. Voc\u00ea n\u00e3o pode ter certeza de que n\u00e3o vai acontecer algo na sua vida que n\u00e3o v\u00e1 coloc\u00e1-la em quest\u00e3o. Aceit\u00e1-la como algo j\u00e1 determinado significa desligar a leitura cr\u00edtica em rela\u00e7\u00e3o \u00e0 vida.<\/p>\n<p>Ao mesmo tempo, absorvo da tradi\u00e7\u00e3o judaica e represento valores de uma f\u00e9 inquebrant\u00e1vel: a f\u00e9 coletiva dos judeus. Muitas vezes tenho que me meter em situa\u00e7\u00f5es complicadas, em que as pessoas est\u00e3o questionando essa dimens\u00e3o de f\u00e9, e tento apresent\u00e1-la nessa dimens\u00e3o coletiva. Ali ela \u00e9 fixa, de alguma forma.<\/p>\n<p>Mas, na minha experi\u00eancia pessoal, considero isso uma constante batalha. Espero que, com minha maturidade, ela esteja mais s\u00f3lida. Mas n\u00e3o tenho essa certeza.<\/p>\n<\/div>\n<div class=\"quote-inner\"><\/div>\n<\/aside>\n<\/div>\n<\/aside>\n<\/div>\n<\/aside>\n","protected":false},"excerpt":{"rendered":"<p>Na BBC, por Joao Fellet &#8211; A \u00faltima erup\u00e7\u00e3o do conflito em Gaza, com a morte de dezenas de palestinos que protestavam contra a transfer\u00eancia da embaixada americana para Jerusal\u00e9m, sinaliza a recusa das autoridades dos dois lados em resolver um impasse que se arrasta h\u00e1 d\u00e9cadas, diz \u00e0 BBC Brasil o rabino Nilton Bonder,&#8230;<a class=\"more-link\" href=\"http:\/\/blogdalucianaoliveira.com.br\/blog\/2018\/05\/16\/sem-criacao-da-palestina-israel-vivera-apartheid-diz-rabino-progressista-no-brasil\/\">Continue a leitura <span class=\"meta-nav\">&raquo;<\/span><\/a><\/p>\n","protected":false},"author":1,"featured_media":0,"comment_status":"closed","ping_status":"open","sticky":false,"template":"","format":"standard","meta":{"_exactmetrics_skip_tracking":false,"_exactmetrics_sitenote_active":false,"_exactmetrics_sitenote_note":"","_exactmetrics_sitenote_category":0,"jetpack_post_was_ever_published":false,"_jetpack_newsletter_access":"","_jetpack_dont_email_post_to_subs":false,"_jetpack_newsletter_tier_id":0,"_jetpack_memberships_contains_paywalled_content":false,"_jetpack_memberships_contains_paid_content":false,"footnotes":"","jetpack_publicize_message":"","jetpack_publicize_feature_enabled":true,"jetpack_social_post_already_shared":true,"jetpack_social_options":{"image_generator_settings":{"template":"highway","enabled":false},"version":2}},"categories":[1],"tags":[],"class_list":["post-18056","post","type-post","status-publish","format-standard","hentry","category-notas"],"jetpack_publicize_connections":[],"jetpack_sharing_enabled":true,"jetpack_featured_media_url":"","jetpack_shortlink":"https:\/\/wp.me\/p7wKYW-4He","jetpack-related-posts":[],"_links":{"self":[{"href":"http:\/\/blogdalucianaoliveira.com.br\/blog\/wp-json\/wp\/v2\/posts\/18056","targetHints":{"allow":["GET"]}}],"collection":[{"href":"http:\/\/blogdalucianaoliveira.com.br\/blog\/wp-json\/wp\/v2\/posts"}],"about":[{"href":"http:\/\/blogdalucianaoliveira.com.br\/blog\/wp-json\/wp\/v2\/types\/post"}],"author":[{"embeddable":true,"href":"http:\/\/blogdalucianaoliveira.com.br\/blog\/wp-json\/wp\/v2\/users\/1"}],"replies":[{"embeddable":true,"href":"http:\/\/blogdalucianaoliveira.com.br\/blog\/wp-json\/wp\/v2\/comments?post=18056"}],"version-history":[{"count":2,"href":"http:\/\/blogdalucianaoliveira.com.br\/blog\/wp-json\/wp\/v2\/posts\/18056\/revisions"}],"predecessor-version":[{"id":18058,"href":"http:\/\/blogdalucianaoliveira.com.br\/blog\/wp-json\/wp\/v2\/posts\/18056\/revisions\/18058"}],"wp:attachment":[{"href":"http:\/\/blogdalucianaoliveira.com.br\/blog\/wp-json\/wp\/v2\/media?parent=18056"}],"wp:term":[{"taxonomy":"category","embeddable":true,"href":"http:\/\/blogdalucianaoliveira.com.br\/blog\/wp-json\/wp\/v2\/categories?post=18056"},{"taxonomy":"post_tag","embeddable":true,"href":"http:\/\/blogdalucianaoliveira.com.br\/blog\/wp-json\/wp\/v2\/tags?post=18056"}],"curies":[{"name":"wp","href":"https:\/\/api.w.org\/{rel}","templated":true}]}}