{"id":18060,"date":"2018-05-16T16:41:36","date_gmt":"2018-05-16T20:41:36","guid":{"rendered":"http:\/\/blogdalucianaoliveira.com.br\/blog\/?p=18060"},"modified":"2018-05-16T16:41:36","modified_gmt":"2018-05-16T20:41:36","slug":"eletrobras-assume-divida-da-ceron-de-2-bilhoes-e-600-milhoes-junto-a-petrobras-para-viabilizar-a-sua-privatizacao","status":"publish","type":"post","link":"http:\/\/blogdalucianaoliveira.com.br\/blog\/2018\/05\/16\/eletrobras-assume-divida-da-ceron-de-2-bilhoes-e-600-milhoes-junto-a-petrobras-para-viabilizar-a-sua-privatizacao\/","title":{"rendered":"ELETROBRAS ASSUME D\u00cdVIDA DA CERON DE 2 BILH\u00d5ES E 600 MILH\u00d5ES JUNTO A PETROBRAS PARA \u201cVIABILIZAR\u201d A SUA PRIVATIZA\u00c7\u00c3O"},"content":{"rendered":"<p><img data-recalc-dims=\"1\" loading=\"lazy\" decoding=\"async\" data-attachment-id=\"18062\" data-permalink=\"http:\/\/blogdalucianaoliveira.com.br\/blog\/2018\/05\/16\/eletrobras-assume-divida-da-ceron-de-2-bilhoes-e-600-milhoes-junto-a-petrobras-para-viabilizar-a-sua-privatizacao\/eb8e1293-9e65-4f01-89ce-699f238baff0\/\" data-orig-file=\"https:\/\/i0.wp.com\/blogdalucianaoliveira.com.br\/blog\/wp-content\/uploads\/2018\/05\/EB8E1293-9E65-4F01-89CE-699F238BAFF0.jpeg?fit=577%2C255\" data-orig-size=\"577,255\" data-comments-opened=\"0\" data-image-meta=\"{&quot;aperture&quot;:&quot;0&quot;,&quot;credit&quot;:&quot;&quot;,&quot;camera&quot;:&quot;&quot;,&quot;caption&quot;:&quot;&quot;,&quot;created_timestamp&quot;:&quot;0&quot;,&quot;copyright&quot;:&quot;&quot;,&quot;focal_length&quot;:&quot;0&quot;,&quot;iso&quot;:&quot;0&quot;,&quot;shutter_speed&quot;:&quot;0&quot;,&quot;title&quot;:&quot;&quot;,&quot;orientation&quot;:&quot;0&quot;}\" data-image-title=\"EB8E1293-9E65-4F01-89CE-699F238BAFF0\" data-image-description=\"\" data-image-caption=\"\" data-medium-file=\"https:\/\/i0.wp.com\/blogdalucianaoliveira.com.br\/blog\/wp-content\/uploads\/2018\/05\/EB8E1293-9E65-4F01-89CE-699F238BAFF0.jpeg?fit=300%2C133\" data-large-file=\"https:\/\/i0.wp.com\/blogdalucianaoliveira.com.br\/blog\/wp-content\/uploads\/2018\/05\/EB8E1293-9E65-4F01-89CE-699F238BAFF0.jpeg?fit=577%2C255\" src=\"https:\/\/i0.wp.com\/blogdalucianaoliveira.com.br\/blog\/wp-content\/uploads\/2018\/05\/EB8E1293-9E65-4F01-89CE-699F238BAFF0.jpeg?resize=577%2C255\" alt=\"EB8E1293-9E65-4F01-89CE-699F238BAFF0\" width=\"577\" height=\"255\" class=\"alignnone size-full wp-image-18062\" srcset=\"https:\/\/i0.wp.com\/blogdalucianaoliveira.com.br\/blog\/wp-content\/uploads\/2018\/05\/EB8E1293-9E65-4F01-89CE-699F238BAFF0.jpeg?w=577 577w, https:\/\/i0.wp.com\/blogdalucianaoliveira.com.br\/blog\/wp-content\/uploads\/2018\/05\/EB8E1293-9E65-4F01-89CE-699F238BAFF0.jpeg?resize=300%2C133 300w\" sizes=\"auto, (max-width: 577px) 100vw, 577px\" \/><\/p>\n<p>Do SINDUR &#8211; Est\u00e1 em curso no sistema Eletrobras, com a coniv\u00eancia do Minist\u00e9rio das Minas e Energia (MME) e Ag\u00eancia Nacional de Energia El\u00e9trica (ANEEL) e o sil\u00eancio do Tribunal de Contas da Uni\u00e3o (TCU), mais uma a\u00e7\u00e3o criminosa contra a popula\u00e7\u00e3o brasileira e em especial do Estado de Rond\u00f4nia, onde as Centrais El\u00e9tricas Brasileiras (Eletrobras), atual detentora do controle acion\u00e1rio das Centrais El\u00e9tricas de Rond\u00f4nia (CERON) dever\u00e1 assumir uma d\u00edvida junto a Petrobras, dessa hoje prestadora de servi\u00e7os de distribui\u00e7\u00e3o de energia el\u00e9trica em Rond\u00f4nia, no valor de mais de 2 bilh\u00f5es e 600 milh\u00f5es de reais, decorrentes de compra de combust\u00edvel para assegurar a gera\u00e7\u00e3o t\u00e9rmica de energia nas localidades que n\u00e3o est\u00e3o interligadas ao chamado \u201clinh\u00e3o\u201d e da Termonorte, que n\u00e3o foi paga, principalmente, por quest\u00f5es operacionais de ressarcimento desses custos pela Conta de Consumo de Combust\u00edvel (CCC).<\/p>\n<p>Para que isso aconte\u00e7a, est\u00e1 sendo submetido as inst\u00e2ncias internas do grupo Eletrobras, dois relat\u00f3rios de Confiss\u00e3o das D\u00edvidas da CERON junto a Petrobras que totalizam o valor acima citado, passando a responsabilidade pelo pagamento para a Eletrobras, apresentando como justificativa a delibera\u00e7\u00e3o da Assembleia Geral Extraordin\u00e1ria de seus acionistas, assembleia essa sobre a qual possuem v\u00e1rias demandas judiciais em tramita\u00e7\u00e3o questionando a sua legalidade.<br \/>\nAs minutas dos Relat\u00f3rios que dever\u00e3o ser submetidos as inst\u00e2ncias internas que o Sindicato dos Urbanit\u00e1rios teve acesso, s\u00e3o claras quanto ao valor assustador das d\u00edvidas que est\u00e3o sendo confessadas, sem nenhuma auditoria do TCU e o pior com a chancela da ANEEL.<\/p>\n<p><img data-recalc-dims=\"1\" loading=\"lazy\" decoding=\"async\" data-attachment-id=\"18061\" data-permalink=\"http:\/\/blogdalucianaoliveira.com.br\/blog\/2018\/05\/16\/eletrobras-assume-divida-da-ceron-de-2-bilhoes-e-600-milhoes-junto-a-petrobras-para-viabilizar-a-sua-privatizacao\/18e5a086-12a6-4ad4-8843-0333a043870a\/\" data-orig-file=\"https:\/\/i0.wp.com\/blogdalucianaoliveira.com.br\/blog\/wp-content\/uploads\/2018\/05\/18E5A086-12A6-4AD4-8843-0333A043870A.jpeg?fit=743%2C430\" data-orig-size=\"743,430\" data-comments-opened=\"0\" data-image-meta=\"{&quot;aperture&quot;:&quot;0&quot;,&quot;credit&quot;:&quot;&quot;,&quot;camera&quot;:&quot;&quot;,&quot;caption&quot;:&quot;&quot;,&quot;created_timestamp&quot;:&quot;0&quot;,&quot;copyright&quot;:&quot;&quot;,&quot;focal_length&quot;:&quot;0&quot;,&quot;iso&quot;:&quot;0&quot;,&quot;shutter_speed&quot;:&quot;0&quot;,&quot;title&quot;:&quot;&quot;,&quot;orientation&quot;:&quot;0&quot;}\" data-image-title=\"18E5A086-12A6-4AD4-8843-0333A043870A\" data-image-description=\"\" data-image-caption=\"\" data-medium-file=\"https:\/\/i0.wp.com\/blogdalucianaoliveira.com.br\/blog\/wp-content\/uploads\/2018\/05\/18E5A086-12A6-4AD4-8843-0333A043870A.jpeg?fit=300%2C174\" data-large-file=\"https:\/\/i0.wp.com\/blogdalucianaoliveira.com.br\/blog\/wp-content\/uploads\/2018\/05\/18E5A086-12A6-4AD4-8843-0333A043870A.jpeg?fit=600%2C347\" src=\"https:\/\/i0.wp.com\/blogdalucianaoliveira.com.br\/blog\/wp-content\/uploads\/2018\/05\/18E5A086-12A6-4AD4-8843-0333A043870A.jpeg?resize=600%2C347\" alt=\"18E5A086-12A6-4AD4-8843-0333A043870A\" width=\"600\" height=\"347\" class=\"alignnone size-full wp-image-18061\" srcset=\"https:\/\/i0.wp.com\/blogdalucianaoliveira.com.br\/blog\/wp-content\/uploads\/2018\/05\/18E5A086-12A6-4AD4-8843-0333A043870A.jpeg?w=743 743w, https:\/\/i0.wp.com\/blogdalucianaoliveira.com.br\/blog\/wp-content\/uploads\/2018\/05\/18E5A086-12A6-4AD4-8843-0333A043870A.jpeg?resize=300%2C174 300w, https:\/\/i0.wp.com\/blogdalucianaoliveira.com.br\/blog\/wp-content\/uploads\/2018\/05\/18E5A086-12A6-4AD4-8843-0333A043870A.jpeg?resize=518%2C300 518w\" sizes=\"auto, (max-width: 600px) 100vw, 600px\" \/><\/p>\n<p>Para assegurar o pagamento dessa monstruosa d\u00edvida n\u00e3o auditada pelo TCU, a Eletrobras est\u00e1 se creditando em potenciais cr\u00e9ditos da CERON junto ao Fundo Setorial CCC, cuja fiscaliza\u00e7\u00e3o inicial da ANEEL havia apresentado uma d\u00edvida de 733 milh\u00f5es, ap\u00f3s a defesa da empresa passou a ter um cr\u00e9dito de 1 bilh\u00e3o e 600 milh\u00f5es, o que deve ter significado um desastroso erro da ANEEL ou \u201cmudan\u00e7a de conceito\u201d na sua apura\u00e7\u00e3o, sendo que, a Eletrobras est\u00e1 se creditando de um valor l\u00edquido atualmente inexistente junto a CCC, de 3 bilh\u00f5es e 800 milh\u00f5es de reais.<\/p>\n<p>O SINDUR entende que \u00e9 preciso se ter a compreens\u00e3o de que o fundo setorial da CCC \u00e9 composto de recursos provenientes das contas de energia el\u00e9trica que todos os consumidores j\u00e1 pagaram ou ainda v\u00e3o pagar, e que a sua \u201cutiliza\u00e7\u00e3o\u201d de forma irrespons\u00e1vel para pagamento de d\u00edvidas n\u00e3o auditadas pelo TCU, mesmo que existentes junto a Petrobras, pode ensejar crime contra o patrim\u00f4nio p\u00fablico.<\/p>\n<p>Al\u00e9m dessa d\u00edvida monstruosa acima referida, a Eletrobras \u00e9 quem provavelmente dever\u00e1 assumir outra d\u00edvida da Ceron junto ao fisco estadual, decorrente de v\u00e1rios autos de infra\u00e7\u00e3o de ICMS, cujo valor hist\u00f3rico ultrapassa 1 bilh\u00e3o de reais. N\u00e3o \u00e9 compreens\u00edvel a in\u00e9rcia das lideran\u00e7as pol\u00edticas do Estado de Rond\u00f4nia, especialmente os representantes dos poderes constitu\u00eddos, quando a esse \u201cassalto\u201d aos recursos p\u00fablicos com o \u00fanico objetivo de privatizar essa empresa como se fosse a \u00fanica solu\u00e7\u00e3o para a melhoria da qualidade dos servi\u00e7os por ela prestados.<\/p>\n","protected":false},"excerpt":{"rendered":"<p>Do SINDUR &#8211; Est\u00e1 em curso no sistema Eletrobras, com a coniv\u00eancia do Minist\u00e9rio das Minas e Energia (MME) e Ag\u00eancia Nacional de Energia El\u00e9trica (ANEEL) e o sil\u00eancio do Tribunal de Contas da Uni\u00e3o (TCU), mais uma a\u00e7\u00e3o criminosa contra a popula\u00e7\u00e3o brasileira e em especial do Estado de Rond\u00f4nia, onde as Centrais El\u00e9tricas&#8230;<a class=\"more-link\" href=\"http:\/\/blogdalucianaoliveira.com.br\/blog\/2018\/05\/16\/eletrobras-assume-divida-da-ceron-de-2-bilhoes-e-600-milhoes-junto-a-petrobras-para-viabilizar-a-sua-privatizacao\/\">Continue a leitura <span class=\"meta-nav\">&raquo;<\/span><\/a><\/p>\n","protected":false},"author":1,"featured_media":0,"comment_status":"closed","ping_status":"open","sticky":false,"template":"","format":"standard","meta":{"_exactmetrics_skip_tracking":false,"_exactmetrics_sitenote_active":false,"_exactmetrics_sitenote_note":"","_exactmetrics_sitenote_category":0,"jetpack_post_was_ever_published":false,"_jetpack_newsletter_access":"","_jetpack_dont_email_post_to_subs":false,"_jetpack_newsletter_tier_id":0,"_jetpack_memberships_contains_paywalled_content":false,"_jetpack_memberships_contains_paid_content":false,"footnotes":"","jetpack_publicize_message":"","jetpack_publicize_feature_enabled":true,"jetpack_social_post_already_shared":true,"jetpack_social_options":{"image_generator_settings":{"template":"highway","enabled":false},"version":2}},"categories":[1],"tags":[],"class_list":["post-18060","post","type-post","status-publish","format-standard","hentry","category-notas"],"jetpack_publicize_connections":[],"jetpack_sharing_enabled":true,"jetpack_featured_media_url":"","jetpack_shortlink":"https:\/\/wp.me\/p7wKYW-4Hi","jetpack-related-posts":[],"_links":{"self":[{"href":"http:\/\/blogdalucianaoliveira.com.br\/blog\/wp-json\/wp\/v2\/posts\/18060","targetHints":{"allow":["GET"]}}],"collection":[{"href":"http:\/\/blogdalucianaoliveira.com.br\/blog\/wp-json\/wp\/v2\/posts"}],"about":[{"href":"http:\/\/blogdalucianaoliveira.com.br\/blog\/wp-json\/wp\/v2\/types\/post"}],"author":[{"embeddable":true,"href":"http:\/\/blogdalucianaoliveira.com.br\/blog\/wp-json\/wp\/v2\/users\/1"}],"replies":[{"embeddable":true,"href":"http:\/\/blogdalucianaoliveira.com.br\/blog\/wp-json\/wp\/v2\/comments?post=18060"}],"version-history":[{"count":1,"href":"http:\/\/blogdalucianaoliveira.com.br\/blog\/wp-json\/wp\/v2\/posts\/18060\/revisions"}],"predecessor-version":[{"id":18063,"href":"http:\/\/blogdalucianaoliveira.com.br\/blog\/wp-json\/wp\/v2\/posts\/18060\/revisions\/18063"}],"wp:attachment":[{"href":"http:\/\/blogdalucianaoliveira.com.br\/blog\/wp-json\/wp\/v2\/media?parent=18060"}],"wp:term":[{"taxonomy":"category","embeddable":true,"href":"http:\/\/blogdalucianaoliveira.com.br\/blog\/wp-json\/wp\/v2\/categories?post=18060"},{"taxonomy":"post_tag","embeddable":true,"href":"http:\/\/blogdalucianaoliveira.com.br\/blog\/wp-json\/wp\/v2\/tags?post=18060"}],"curies":[{"name":"wp","href":"https:\/\/api.w.org\/{rel}","templated":true}]}}